{"id":553762,"date":"2022-07-19T00:02:45","date_gmt":"2022-07-19T05:02:45","guid":{"rendered":"https:\/\/www.diarioimagen.net\/?p=553762"},"modified":"2022-07-20T03:23:56","modified_gmt":"2022-07-20T08:23:56","slug":"aplican-segunda-dosis-anti-covid-para-adolescentes-de-12-a-14-anos-en-cdmx","status":"publish","type":"post","link":"https:\/\/www.diarioimagen.net\/?p=553762","title":{"rendered":"Aplican segunda dosis anti-Covid para adolescentes de 12 a 14 a\u00f1os en CDMX"},"content":{"rendered":"<h3 style=\"text-align: center;\">Contin\u00faa campa\u00f1a de vacunaci\u00f3n esta semana<\/h3>\n<p><em>\u00a0<\/em><\/p>\n<ul>\n<li><strong><em>Hay 55 puntos de vacunaci\u00f3n abiertos en un horario de 8:30 a 15:00 horas<\/em><\/strong><\/li>\n<\/ul>\n<p>&nbsp;<\/p>\n<div id=\"attachment_553845\" style=\"width: 470px\" class=\"wp-caption aligncenter\"><a href=\"https:\/\/www.diarioimagen.net\/?attachment_id=553845\" rel=\"attachment wp-att-553845\"><img loading=\"lazy\" decoding=\"async\" aria-describedby=\"caption-attachment-553845\" class=\"size-full wp-image-553845\" src=\"https:\/\/www.diarioimagen.net\/wp-content\/uploads\/2022\/07\/VACUNACION-CDMX.jpg\" alt=\"\" width=\"460\" height=\"270\" \/><\/a><p id=\"caption-attachment-553845\" class=\"wp-caption-text\">Los aumentos por parte de la Fed, incluido su primer aumento de 75 puntos base desde 1994, y los temores sobre la salud de la econom\u00eda mundial, fortalecieron al d\u00f3lar frente a casi todas las divisas.<\/p><\/div>\n<p>&nbsp;<\/p>\n<p>Desde esta semana comenzaron con la aplicaci\u00f3n de la segunda dosis Pfizer contra la Covid-19 para j\u00f3venes de entre 12 y 14 a\u00f1os, as\u00ed como refuerzos y primeras dosis para adultos de la vacuna Cansino.<\/p>\n<p>La Secretar\u00eda de Salud de la Ciudad de M\u00e9xico anunci\u00f3 que hay 55 puntos de vacunaci\u00f3n abiertos de lunes a viernes en un horario de 8:30 a 15:00 horas.<\/p>\n<p>En cada unidad se aplican segundas dosis a j\u00f3venes de 12 a 14 a\u00f1os as\u00ed como refuerzos y primeras dosis adultos.<\/p>\n<p>La inmunizaci\u00f3n de segunda dosis para j\u00f3venes de 12 a 14 a\u00f1os cumplidos se realiza conforme a la letra inicial de su primer apellido y bajo el siguiente calendario:<\/p>\n<ul>\n<li>A,B,C: lunes 18 de julio<\/li>\n<li>D,E,F,G: martes 19 de julio<\/li>\n<li>H,I,J,K,L,M: mi\u00e9rcoles 20 de julio<\/li>\n<li>N,\u00d1,O,P,Q,R: jueves 21 de julio<\/li>\n<li>S,T,U,V,W,X,Y,Z: el viernes 22 de julio<\/li>\n<\/ul>\n<p><strong>\u00bfQu\u00e9 se necesito para obtener la vacuna?<\/strong><\/p>\n<ul>\n<li>Tener 12, 13 o 14 a\u00f1os.<\/li>\n<li>Haber recibido la primera dosis de la vacuna Pfizer hace por lo menos 21 d\u00edas.<\/li>\n<li>Llevar acta de nacimiento o CURP.<\/li>\n<li>Ir acompa\u00f1ado de un adulto.<\/li>\n<li>En medida de lo posible respetar el d\u00eda de vacunaci\u00f3n de acuerdo al calendario.<\/li>\n<\/ul>\n<p>\u201cEsta semana estaremos priorizando la aplicaci\u00f3n de segundas dosis en este grupo. Por esta raz\u00f3n pedimos esperar a personas que requieren primera dosis\u201d, indic\u00f3 la dependencia.<\/p>\n<p>Agreg\u00f3 que para las primeras dosis a ni\u00f1os de 5 a 11 a\u00f1os, se anunciar\u00e1n las pr\u00f3ximas etapas conforme las vacunas pedi\u00e1tricas adicionales sean asignadas a la CDMX. Lo mismo para las primeras y segundas dosis a rezagados de 12 a 17 a\u00f1os.<\/p>\n<p>El gobierno de la Ciudad de M\u00e9xico hizo un llamado a los padres y madres de familia, as\u00ed como a tutores, de la capital a respetar las fechas de vacunaci\u00f3n que corresponde a cada menor seg\u00fan la letra de su apellido y su edad; as\u00ed como a los vecinos de otras entidades a esperar la jornada de vacunaci\u00f3n que le toque a su estado.<\/p>\n<p>Cabe resaltar que en las pr\u00f3ximas semanas se informar\u00e1 sobre las primeras dosis a ni\u00f1os de 5 a 11 a\u00f1os, conforme las vacunas pedi\u00e1tricas adicionales sean asignadas a la Ciudad de M\u00e9xico.<\/p>\n<p><strong>\u00ac\u00ac\u00ac<\/strong><\/p>\n<p><strong>Esta semana se <\/strong>aplican en la CDMX segunda dosis Pfizer para adolescentes de entre 12 y 14 a\u00f1os, as\u00ed como refuerzos y primeras dosis para adultos de la vacuna Cansino.<\/p>\n","protected":false},"excerpt":{"rendered":"<p>Desde esta semana comenzaron con la aplicaci\u00f3n de la segunda dosis Pfizer contra la Covid-19 para j\u00f3venes de entre 12 y 14 a\u00f1os, as\u00ed como refuerzos y primeras dosis para adultos de la vacuna Cansino.<\/p>\n","protected":false},"author":3,"featured_media":553845,"comment_status":"open","ping_status":"open","sticky":false,"template":"","format":"standard","meta":{"_monsterinsights_skip_tracking":false,"_monsterinsights_sitenote_active":false,"_monsterinsights_sitenote_note":"","_monsterinsights_sitenote_category":0,"footnotes":""},"categories":[6],"tags":[34444,91906,90021],"class_list":["post-553762","post","type-post","status-publish","format-standard","has-post-thumbnail","hentry","category-cd-de-mexico","tag-cdmx","tag-covid","tag-covid-19"],"_links":{"self":[{"href":"https:\/\/www.diarioimagen.net\/index.php?rest_route=\/wp\/v2\/posts\/553762","targetHints":{"allow":["GET"]}}],"collection":[{"href":"https:\/\/www.diarioimagen.net\/index.php?rest_route=\/wp\/v2\/posts"}],"about":[{"href":"https:\/\/www.diarioimagen.net\/index.php?rest_route=\/wp\/v2\/types\/post"}],"author":[{"embeddable":true,"href":"https:\/\/www.diarioimagen.net\/index.php?rest_route=\/wp\/v2\/users\/3"}],"replies":[{"embeddable":true,"href":"https:\/\/www.diarioimagen.net\/index.php?rest_route=%2Fwp%2Fv2%2Fcomments&post=553762"}],"version-history":[{"count":0,"href":"https:\/\/www.diarioimagen.net\/index.php?rest_route=\/wp\/v2\/posts\/553762\/revisions"}],"wp:featuredmedia":[{"embeddable":true,"href":"https:\/\/www.diarioimagen.net\/index.php?rest_route=\/wp\/v2\/media\/553845"}],"wp:attachment":[{"href":"https:\/\/www.diarioimagen.net\/index.php?rest_route=%2Fwp%2Fv2%2Fmedia&parent=553762"}],"wp:term":[{"taxonomy":"category","embeddable":true,"href":"https:\/\/www.diarioimagen.net\/index.php?rest_route=%2Fwp%2Fv2%2Fcategories&post=553762"},{"taxonomy":"post_tag","embeddable":true,"href":"https:\/\/www.diarioimagen.net\/index.php?rest_route=%2Fwp%2Fv2%2Ftags&post=553762"}],"curies":[{"name":"wp","href":"https:\/\/api.w.org\/{rel}","templated":true}]}}