{"id":553804,"date":"2022-07-19T00:02:06","date_gmt":"2022-07-19T05:02:06","guid":{"rendered":"https:\/\/www.diarioimagen.net\/?p=553804"},"modified":"2022-07-19T04:41:24","modified_gmt":"2022-07-19T09:41:24","slug":"ahora-que-explicaciones-dara-amlo-a-biden","status":"publish","type":"post","link":"https:\/\/www.diarioimagen.net\/?p=553804","title":{"rendered":"Ahora, \u00bfqu\u00e9 explicaciones dar\u00e1 AMLO a Biden?"},"content":{"rendered":"<h2>La Retaguardia<\/h2>\n<h5>Adriana Moreno Cordero<\/h5>\n<p>&nbsp;<\/p>\n<ul>\n<li><strong><em>Apoyo total de militancia del PRI a Alejandro Moreno C\u00e1rdenas<\/em><\/strong><\/li>\n<\/ul>\n<p>&nbsp;<\/p>\n<p>Aunque \u00e9l lo niegue; aunque insista con su manido discurso de que ya no son iguales; aunque diga que no se dobla, a diferencia de otros ex presidentes de M\u00e9xico, lo cierto es que ya no hay forma de que el presidente <strong>Andr\u00e9s Manuel L\u00f3pez Obrador<\/strong> pueda cubrir m\u00e1s que se est\u00e1 metiendo en serios problemas con el gobierno de Estados Unidos por el expediente <strong>Rafael Caro Quintero<\/strong>, sobre todo ahora que la hermana de \u00e9ste, <strong>Beatriz Ang\u00e9lica<\/strong>, asesorada por un equipo de abogados muy buenos en su profesi\u00f3n, consiguieron un amparo para que el fundador del C\u00e1rtel de Guadalajara, no sea extraditado al vecino pa\u00eds del norte en forma express, sino que tendr\u00e1 que ser sometido a todo un proceso.<\/p>\n<p>Y ahora, \u00bfc\u00f3mo le va a decir el inquilino de Palacio Nacional al presidente de los Estados Unidos, <strong>Joe Biden<\/strong>, que siempre no le va a poder enviar r\u00e1pidamente a quien es considerado que fue \u201cel capo de capos\u201d? Esto es algo que se suma a la lista de pendientes que tiene el inquilino de la Casa Blanca con el tabasque\u00f1o.<\/p>\n<p>As\u00ed que si el trato que le dispens\u00f3 el mandatario estadunidense a su hom\u00f3logo mexicano en la m\u00e1s reciente visita de \u00e9ste a Estados Unidos, fue m\u00e1s que g\u00e9lido y en tono de abierto desaire, con esto, sin duda habr\u00e1 que estar pendientes de lo que pueda hacer el gobierno de Washington, que por cierto, no est\u00e1 nada conforme con la forma de \u201cgobernar\u201d del de Tepetit\u00e1n y cada vez que pueden, dicen que eso de \u201cabrazos no balazos\u201d, no puede ser una estrategia de combate a la inseguridad, sino que se queda en el relegado lugar de solo una frase.<\/p>\n<p>Y por si lo anterior resultara poco para el inquilino de Palacio Nacional y su equipo, hay una m\u00e1s y tiene que ver con el \u00a0helic\u00f3ptero Black Hawk de la\u00a0Secretar\u00eda de la Marina, que se desplom\u00f3 en Los Mochis, justo el mismo d\u00eda de la captura de Caro Quintero, cuando transportaba a elementos que hab\u00edan apoyado en el operativo de captura con un saldo de\u00a014 muertos y un sobreviviente reportado muy grave.<\/p>\n<p>Mucho se habl\u00f3 que la aeronave hab\u00eda sido objeto de un ataque por parte de la gente de Caro Quintero, mientras que L\u00f3pez Obrador, en su gustad\u00edsimo \u201cstand-up\u201d ma\u00f1anero hab\u00eda dicho que se trat\u00f3 de un accidente.<\/p>\n<p>Nada m\u00e1s falso, porque ese tipo de helic\u00f3pteros, el Black Hawk, son construidos con los m\u00e1s rigurosos controles de calidad y se utiliza en Estados Unidos, en este tipo de operaciones. Adem\u00e1s, las banderas de las barras y las estrellas, ondearon ayer a media asta. Se dijo que era un sentido homenaje por parte del vecino pa\u00eds del norte a los marinos ca\u00eddos pero nunca, desde que muchos tienen memoria y que sabe de cuestiones de la DEA, el FBI y dem\u00e1s agencias de inteligencia, se hab\u00eda visto esto, lo que podr\u00eda reforzar el argumento de que miembros de la DEA participaron en el operativo en el que fue capturado el se\u00f1or Caro Quintero. O sea, quiz\u00e1s alg\u00fan miembro de esta agencia ir\u00eda en el helic\u00f3ptero. Las especulaciones se desataron.<\/p>\n<p>A ver c\u00f3mo sale de esta el presidente L\u00f3pez Obeador y mientras tanto, como siempre, el gobernador de Sinaloa,\u00a0<strong>Rub\u00e9n Rocha<\/strong>, \u201cdescubriendo el hilo negro\u201d y nos hizo saber que la violencia podr\u00eda recrudecerse en la regi\u00f3n, tras la aprehensi\u00f3n de Caro Quintero, definitivamente, los aportes del mandatario estatal son nulos.<\/p>\n<p>En otro tema, se consign\u00f3 en este espacio que el dirigente nacional del PRI, Alejandro Moreno C\u00e1rdenas realiz\u00f3 una gira por Michoac\u00e1n y Nuevo Le\u00f3n y ah\u00ed pudo comprobar varias cosas. Una de ellas, que pese a la persecuci\u00f3n pol\u00edtica que el gobierno de esta errada y llamada cuarta transformaci\u00f3n ha emprendido en su contra, el primer priista se ocupa de trabajar con la militancia y les refrenda que no se van a doblar ante Morena.<\/p>\n<p>El pasado fin de semana, \u201cAlito\u201d Moreno asegur\u00f3 frente a la militancia tricolor de los dos estados que recorri\u00f3, que tiene la firmeza y le sobra el car\u00e1cter para defender la democracia en M\u00e9xico. De hecho, el priismo michoacano y neoleon\u00e9s se ha identificado con su lucha porque ven la forma en que esa errada y llamada Cuarta Transformaci\u00f3n trabajan para destruir la democracia en M\u00e9xico.<\/p>\n<p>En las giras del l\u00edder nacional tricolor de este fin de semana, se pone en evidencia que los ataques del gobierno, han terminado fortaleciendo a la alianza \u201cVa por M\u00e9xico\u201d. En realidad todos estos ataques por parte del partido oficial, son un s\u00edntoma del temor que siente Morena por el riesgo que podr\u00eda tener de perder las elecciones en Coahuila y Estado de M\u00e9xico. O sea, el efecto que buscaban los de Morena, al igual que en el caso de la flamante gobernadora de Campeche, <strong>Layda Sansores<\/strong>, se les est\u00e1 revirtiendo.<\/p>\n<p>En estos encuentros con la militancia pri\u00edsta que le ha reiterado su apoyo, Alejandro Moreno asegur\u00f3 que pese a que existan lacayos de Morena que busquen dividir \u00e9l seguir\u00e1 trabajando al interior del partido, escuchando a todas y cada una de las voces, para as\u00ed seguir trabajando y construyendo en unidad.<\/p>\n<p style=\"text-align: center;\"><strong>Municiones<\/strong><\/p>\n<p>*** Y otro que est\u00e1 dando patadas de ahogado y ya no sabe para d\u00f3nde hacerse porque menos sabe qu\u00e9 cuentas le va a entregar al inquilino de Palacio Nacional, es el coordinador de la bancada del PRI en el Senado de la Rep\u00fablica, <strong>Miguel \u00c1ngel Osorio Chong<\/strong>, quien hace unos d\u00edas volvi\u00f3 a pedir que en el tricolor, se realicen elecciones para renovar la dirigencia nacional porque, seg\u00fan \u00e9l, \u201cel PRI no es de Alejandro Moreno\u201d. Pues aqu\u00ed habr\u00eda que recordarle que dicho instituto pol\u00edtico, tampoco es del exgobernador de Hidalgo que como sea, se lo quiere entregar al partido oficial. \u00bfYa habr\u00e1 recibido Osorio Chong alguna invitaci\u00f3n para incorporarse a alguna embajada?, \u00bfser\u00e1 la de China?<\/p>\n<p>*** De la manga se la sac\u00f3 el director del Fonatur, <strong>Javier May<\/strong>, que con tal de que siga la construcci\u00f3n del elefante blanco conocido tambi\u00e9n como el Tren Maya fue declarado como una obra de seguridad nacional\u00a0 para garantizar que la obra no sea frenada por ning\u00fan juicio de amparo.<\/p>\n<p><u><a href=\"mailto:morcora@gmail.com\" target=\"_blank\" rel=\"noopener noreferrer\"><em>morcora@gmail.com<\/em><\/a><\/u><\/p>\n","protected":false},"excerpt":{"rendered":"<p><span style=\"color: #005497;\"><strong>Adriana Moreno Cordero<\/strong><\/span><\/p>\n","protected":false},"author":3,"featured_media":0,"comment_status":"open","ping_status":"open","sticky":false,"template":"","format":"standard","meta":{"_monsterinsights_skip_tracking":false,"_monsterinsights_sitenote_active":false,"_monsterinsights_sitenote_note":"","_monsterinsights_sitenote_category":0,"footnotes":""},"categories":[69370],"tags":[69369,69368,43674],"class_list":["post-553804","post","type-post","status-publish","format-standard","hentry","category-adriana-moreno-cordero","tag-adriana-moreno-cordero","tag-la-retaguardia","tag-opinion"],"_links":{"self":[{"href":"https:\/\/www.diarioimagen.net\/index.php?rest_route=\/wp\/v2\/posts\/553804","targetHints":{"allow":["GET"]}}],"collection":[{"href":"https:\/\/www.diarioimagen.net\/index.php?rest_route=\/wp\/v2\/posts"}],"about":[{"href":"https:\/\/www.diarioimagen.net\/index.php?rest_route=\/wp\/v2\/types\/post"}],"author":[{"embeddable":true,"href":"https:\/\/www.diarioimagen.net\/index.php?rest_route=\/wp\/v2\/users\/3"}],"replies":[{"embeddable":true,"href":"https:\/\/www.diarioimagen.net\/index.php?rest_route=%2Fwp%2Fv2%2Fcomments&post=553804"}],"version-history":[{"count":0,"href":"https:\/\/www.diarioimagen.net\/index.php?rest_route=\/wp\/v2\/posts\/553804\/revisions"}],"wp:attachment":[{"href":"https:\/\/www.diarioimagen.net\/index.php?rest_route=%2Fwp%2Fv2%2Fmedia&parent=553804"}],"wp:term":[{"taxonomy":"category","embeddable":true,"href":"https:\/\/www.diarioimagen.net\/index.php?rest_route=%2Fwp%2Fv2%2Fcategories&post=553804"},{"taxonomy":"post_tag","embeddable":true,"href":"https:\/\/www.diarioimagen.net\/index.php?rest_route=%2Fwp%2Fv2%2Ftags&post=553804"}],"curies":[{"name":"wp","href":"https:\/\/api.w.org\/{rel}","templated":true}]}}