{"id":553813,"date":"2022-07-19T00:08:12","date_gmt":"2022-07-19T05:08:12","guid":{"rendered":"https:\/\/www.diarioimagen.net\/?p=553813"},"modified":"2022-07-19T04:14:44","modified_gmt":"2022-07-19T09:14:44","slug":"oposicion-dormida","status":"publish","type":"post","link":"https:\/\/www.diarioimagen.net\/?p=553813","title":{"rendered":"Oposici\u00f3n, \u00bfdormida?"},"content":{"rendered":"<h2>Punto por punto<\/h2>\n<h5>Augusto Corro<\/h5>\n<p>&nbsp;<\/p>\n<p>La denominada alianza opositora Va por M\u00e9xico se encuentra sin rumbo, parece dormida en estos tiempos de lucha pol\u00edtica intensa.<\/p>\n<p>Seg\u00fan las encuestas recientes, la mencionada coalici\u00f3n redujo su porcentaje de aprobaci\u00f3n.<\/p>\n<p>En contraste, Morena aument\u00f3 su n\u00famero de simpatizantes entre 5 y 15 puntos en dos meses, seg\u00fan \u201cEl Financiero\u201d.<\/p>\n<p>De lo anterior se desprende que la lucha pol\u00edtica se desarrolla en escenarios poco favorables para la oposici\u00f3n.<\/p>\n<p>La variaci\u00f3n del porcentaje desfavorable para los adversarios de Morena a partir de los esc\u00e1ndalos del l\u00edder priista, ex gobernador de Campeche y diputado, Alejandro Moreno C\u00e1rdenas (a) \u201cAlito\u201d.<\/p>\n<p>En este espacio se\u00f1alamos la serie de audios del ex mandatario en los que se evidencia una presunta conducta que raya en la ilegalidad.<\/p>\n<p>Las grabaciones se convirtieron en esc\u00e1ndalos que afectaban directamente al Partido Revolucionario Institucional (PRI), que se encuentra en sus peores momentos.<\/p>\n<p>Los ex presidentes y ex gobernadores priistas decidieron intervenir y le exigieron a \u201cAlito\u201d su renuncia al cargo.<\/p>\n<p>El campechano se neg\u00f3 y recalc\u00f3 que continuar\u00e1 al frente del tricolor hasta el mes de agosto de 2023.<\/p>\n<p>En el Revolucionario Institucional surgieron las inconformidades en contra del exgobernador, quien dijo que estar\u00e1 en la designaci\u00f3n de candidatos de su partido a la silla presidencial.<\/p>\n<p>Inclusive, \u00e9l mismo se apunt\u00f3 como precandidato; en la organizaci\u00f3n tricolor se espera una tormenta pol\u00edtica, conforme se acerque la contienda electoral del 2024.<\/p>\n<p>Mientras en la organizaci\u00f3n tricolor amenaza con una tormenta, en el exterior, la coalici\u00f3n Va por M\u00e9xico vive una extra\u00f1a pasividad.<\/p>\n<p>PAN, PRI y PRD, los que integran la alianza opositora de vez en cuando lanzan alg\u00fan cuestionamiento al gobierno y luego guardan silencio.\u00a0 Mientras en Morena, le sobran aspirantes a la contienda electoral de 2024, en la oposici\u00f3n a\u00fan no se designa al abanderado.<\/p>\n<p>Primero tendr\u00e1n que decidir de qu\u00e9 partido surgir\u00e1 el representante. \u00bfPanista, priista o perredista?<\/p>\n<p>Debe tratarse de un candidato de unidad. Capaz de hacer un buen papel frente a la aplanadora morenista.<\/p>\n<p>Las opciones para tal caso son m\u00faltiples y es muy f\u00e1cil caer en la especulaci\u00f3n. Sin embargo, a la fecha, no parece que Va por M\u00e9xico tenga un as en la manga que lo saque de apuros.<\/p>\n<p>La oposici\u00f3n no levanta y de seguir la situaci\u00f3n presente tendr\u00e1 que revisar y ajustar lo que la tiene detenida.<\/p>\n<p>En esas condiciones deber\u00e1 exhortar a \u201cAlito\u201d a que le mejore la imagen al PRI, algo imposible a estas alturas del partido.<\/p>\n<p>El PRI, tras varias d\u00e9cadas en el poder, perdi\u00f3 todo. Le esperan dos \u00faltimas batallas en el interior del pa\u00eds el pr\u00f3ximo a\u00f1o.<\/p>\n<p>Ser\u00e1n las elecciones en Coahuila y Estado de M\u00e9xico. Estas \u00faltimas son de vital importancia para los tricolores, pues se trata de la zona emblem\u00e1tica del priismo.<\/p>\n<p>Adem\u00e1s de que es un adelanto de lo que ser\u00e1n las elecciones presidenciales del 2024, como lo se\u00f1alan los analistas pol\u00edticos.<\/p>\n<p>En la ruta hacia las elecciones presidenciales la oposici\u00f3n se ve incapaz de ofrecer una alternativa para hacer frente al gobierno obradorista.<\/p>\n<p>\u201cAlito\u201d se dijo perseguido pol\u00edtico por el sistema y fue a Europa a plantear su queja ante organismos internacionales. Lo \u00fanico que logr\u00f3 fue un poco de lucimiento personal. Nada m\u00e1s.<\/p>\n<p>Desde hace varias semanas, los opositores decidieron apoyar al exgobernador. Ya vimos los resultados en las encuestas.<\/p>\n<p>El conflicto amenaza crecer. Los audios de los esc\u00e1ndalos continuar\u00e1n. \u201cAlito\u201d cay\u00f3 en la trampa y dif\u00edcilmente saldr\u00e1.<\/p>\n<p>En medio de la tormenta, la oposici\u00f3n seguir\u00e1 en la b\u00fasqueda del aspirante que la represente.<\/p>\n<p>En fin, los opositores perdieron la br\u00fajula. La alianza Va por M\u00e9xico tendr\u00e1 que revisarse para hacerla que rinda frutos.<\/p>\n<p>\u00bfUsted qu\u00e9 opina amable lector?<\/p>\n<p><a href=\"mailto:aco2742@hotmail.com\" target=\"_blank\" rel=\"noopener noreferrer\"><em>aco2742@hotmail.com<\/em><\/a><\/p>\n","protected":false},"excerpt":{"rendered":"<p><span style=\"color: #005497;\"><strong>Augusto Corro<\/strong><\/span><\/p>\n","protected":false},"author":3,"featured_media":0,"comment_status":"open","ping_status":"open","sticky":false,"template":"","format":"standard","meta":{"_monsterinsights_skip_tracking":false,"_monsterinsights_sitenote_active":false,"_monsterinsights_sitenote_note":"","_monsterinsights_sitenote_category":0,"footnotes":""},"categories":[157],"tags":[43686,43674,11515],"class_list":["post-553813","post","type-post","status-publish","format-standard","hentry","category-augusto-corro","tag-augusto-corro","tag-opinion","tag-punto-por-punto"],"_links":{"self":[{"href":"https:\/\/www.diarioimagen.net\/index.php?rest_route=\/wp\/v2\/posts\/553813","targetHints":{"allow":["GET"]}}],"collection":[{"href":"https:\/\/www.diarioimagen.net\/index.php?rest_route=\/wp\/v2\/posts"}],"about":[{"href":"https:\/\/www.diarioimagen.net\/index.php?rest_route=\/wp\/v2\/types\/post"}],"author":[{"embeddable":true,"href":"https:\/\/www.diarioimagen.net\/index.php?rest_route=\/wp\/v2\/users\/3"}],"replies":[{"embeddable":true,"href":"https:\/\/www.diarioimagen.net\/index.php?rest_route=%2Fwp%2Fv2%2Fcomments&post=553813"}],"version-history":[{"count":0,"href":"https:\/\/www.diarioimagen.net\/index.php?rest_route=\/wp\/v2\/posts\/553813\/revisions"}],"wp:attachment":[{"href":"https:\/\/www.diarioimagen.net\/index.php?rest_route=%2Fwp%2Fv2%2Fmedia&parent=553813"}],"wp:term":[{"taxonomy":"category","embeddable":true,"href":"https:\/\/www.diarioimagen.net\/index.php?rest_route=%2Fwp%2Fv2%2Fcategories&post=553813"},{"taxonomy":"post_tag","embeddable":true,"href":"https:\/\/www.diarioimagen.net\/index.php?rest_route=%2Fwp%2Fv2%2Ftags&post=553813"}],"curies":[{"name":"wp","href":"https:\/\/api.w.org\/{rel}","templated":true}]}}