{"id":553816,"date":"2022-07-19T00:03:07","date_gmt":"2022-07-19T05:03:07","guid":{"rendered":"https:\/\/www.diarioimagen.net\/?p=553816"},"modified":"2022-07-19T04:16:05","modified_gmt":"2022-07-19T09:16:05","slug":"monreal-el-de-la-reconciliacion","status":"publish","type":"post","link":"https:\/\/www.diarioimagen.net\/?p=553816","title":{"rendered":"Monreal, \u00bfel de la reconciliaci\u00f3n?"},"content":{"rendered":"<h2>Espacio Electoral<\/h2>\n<h5>Eleazar Flores<\/h5>\n<p>&nbsp;<\/p>\n<p><strong>\u00bfSE ACERCA DIVORCIO?-<\/strong> Seg\u00fan los analistas pol\u00edticos conocedores, en su frase \u201cquiero ser el presidente de la reconciliaci\u00f3n\u201d,\u00a0 el senador Ricardo Monreal \u00c1vila da muchos mensajes para los interesados de su partido en participar en este proceso, pero sobre todo para el director de orquesta.<\/p>\n<p>Tanto mensaje encierra la frase, que pasa a segundo t\u00e9rmino la posibilidad de formar un frente com\u00fan con Marcelo Ebrard para enfrentar a la candidata favorita Claudia Sheinbaum o al delf\u00edn presidencial y Secretario de Gobernaci\u00f3n, Ad\u00e1n Augusto L\u00f3pez, que en la Expo Guadalajara fue recibido con gritos de \u201cpresidente, presidente\u201d este fin de semana.<\/p>\n<p>Encarrerado en su grilla, el titular de la Segob aprovech\u00f3 bien el tiempo en la perla tapar\u00eda para entrevistarse con el otro poder, el clerical, por medio del cardenal Jos\u00e9 Francisco Robles Ortega con motivos m\u00e1s que conocidos.<\/p>\n<p><strong>MONREAL-.<\/strong> No obstante que la entrevista con el senador zacatecano est\u00e1 un poco perdida a una columna en la p\u00e1gina 5 en la edici\u00f3n sabatina de \u201cEl Universal\u201d, eso de declarar que quiere ser el presidente de la reconciliaci\u00f3n significa que en este momento el pa\u00eds est\u00e1 confrontado, peleado, -seguro por el estilo personal de gobernar del actual mandatario-, y que urge que la paz llegue a todos los sectores del pa\u00eds.<\/p>\n<p>En la entrevista firmada al reportero Luis Carlos Rodr\u00edguez, el l\u00edder senatorial, a\u00fan de Morena,\u00a0 declara claramente, \u201cno estoy buscando un puesto de consuelo, de acomodo personal o un puesto de compensaci\u00f3n\u201d, respondiendo de esta manera a la posibilidad de aceptar ser candidato a jefe de gobierno de la ciudad de M\u00e9xico \u201c a la que quiero mucho pues aqu\u00ed vivo\u201d.<\/p>\n<p>Descarta la posibilidad, recordando seguramente su amarga experiencia de 2018, cuando punteando todas las encuestas, s\u00f3lo perdi\u00f3 en la buena, la de Morena y el due\u00f1o de la misma, misma que gan\u00f3 la que iba en \u00faltimo lugar, \u00bfsu nombre?, ah\u00f3rrese leerlo.<\/p>\n<p>Por contenidos anteriores de este espacio, constatar\u00e1 \u00e1ngulos cr\u00edticos contra el senador zacatecano por su veleidosidad partidista, pero parece ser que a estas alturas de su larga vida pol\u00edtica le est\u00e1 llegando la tranquilidad, madurez dir\u00e1n sus adeptos.<\/p>\n<p>Pero tambi\u00e9n parece ser que se avecina una casi segura separaci\u00f3n de Ricardo Monreal \u00c1vila de su Movimiento de Regeneraci\u00f3n Nacional, Morena, pues su pronunciamiento de ser el presidente de la reconciliaci\u00f3n ya debi\u00f3 haber calado ya sabe d\u00f3nde y a qui\u00e9n.<\/p>\n<p>De hecho este del s\u00e1bado 16, es el pronunciamiento m\u00e1s fuerte de Monreal,\u00a0 pero haciendo memoria casi a diario ha \u201cdesentonado\u201d con declaraciones de otros \u201cmorenos\u201d que tambi\u00e9n andan en busca de tan ansiada candidatura presidencial.<\/p>\n<p>Incluso del gerente y dem\u00e1s corifeos del partido gobernante.<\/p>\n<p><em><a href=\"mailto:elefa44@gmail.com\" target=\"_blank\" rel=\"noopener noreferrer\">elefa44@gmail.com<\/a><\/em><\/p>\n","protected":false},"excerpt":{"rendered":"<p><span style=\"color: #005497;\"><strong>Eleazar Flores<\/strong><\/span><\/p>\n","protected":false},"author":3,"featured_media":0,"comment_status":"open","ping_status":"open","sticky":false,"template":"","format":"standard","meta":{"_monsterinsights_skip_tracking":false,"_monsterinsights_sitenote_active":false,"_monsterinsights_sitenote_note":"","_monsterinsights_sitenote_category":0,"footnotes":""},"categories":[81743],"tags":[81744,81776,43674],"class_list":["post-553816","post","type-post","status-publish","format-standard","hentry","category-eleazar-flores","tag-eleazar-flores","tag-espacio-electoral","tag-opinion"],"_links":{"self":[{"href":"https:\/\/www.diarioimagen.net\/index.php?rest_route=\/wp\/v2\/posts\/553816","targetHints":{"allow":["GET"]}}],"collection":[{"href":"https:\/\/www.diarioimagen.net\/index.php?rest_route=\/wp\/v2\/posts"}],"about":[{"href":"https:\/\/www.diarioimagen.net\/index.php?rest_route=\/wp\/v2\/types\/post"}],"author":[{"embeddable":true,"href":"https:\/\/www.diarioimagen.net\/index.php?rest_route=\/wp\/v2\/users\/3"}],"replies":[{"embeddable":true,"href":"https:\/\/www.diarioimagen.net\/index.php?rest_route=%2Fwp%2Fv2%2Fcomments&post=553816"}],"version-history":[{"count":0,"href":"https:\/\/www.diarioimagen.net\/index.php?rest_route=\/wp\/v2\/posts\/553816\/revisions"}],"wp:attachment":[{"href":"https:\/\/www.diarioimagen.net\/index.php?rest_route=%2Fwp%2Fv2%2Fmedia&parent=553816"}],"wp:term":[{"taxonomy":"category","embeddable":true,"href":"https:\/\/www.diarioimagen.net\/index.php?rest_route=%2Fwp%2Fv2%2Fcategories&post=553816"},{"taxonomy":"post_tag","embeddable":true,"href":"https:\/\/www.diarioimagen.net\/index.php?rest_route=%2Fwp%2Fv2%2Ftags&post=553816"}],"curies":[{"name":"wp","href":"https:\/\/api.w.org\/{rel}","templated":true}]}}