{"id":553829,"date":"2022-07-19T00:17:02","date_gmt":"2022-07-19T05:17:02","guid":{"rendered":"https:\/\/www.diarioimagen.net\/?p=553829"},"modified":"2022-07-26T03:05:08","modified_gmt":"2022-07-26T08:05:08","slug":"medicos-bajo-fuego","status":"publish","type":"post","link":"https:\/\/www.diarioimagen.net\/?p=553829","title":{"rendered":"M\u00e9dicos, bajo fuego"},"content":{"rendered":"<h2>Caleidoscopio<\/h2>\n<h5>Guillermina G\u00f3mora Ord\u00f3\u00f1ez<\/h5>\n<p>&nbsp;<\/p>\n<p>Ejercer la medicina en M\u00e9xico se ha convertido en una profesi\u00f3n de alto riesgo. M\u00e9dicos, enfermeras, residentes y t\u00e9cnicos laboran en medio de carencias, falta de equipo, medicamentos, desinformaci\u00f3n, agresiones y hasta secuestros. Son h\u00e9roes abandonados en un entorno de violencia e inseguridad.<\/p>\n<p>Hace una semana la doctora <strong>Masiel Mexia Medina<\/strong>, Anestesi\u00f3loga en un hospital del IMSS, en la sierra de Chihuahua, fue asesinada a balazos. D\u00edas despu\u00e9s, <strong>Eric Andrade Ram\u00edrez<\/strong> se sum\u00f3 a la lista de profesionales de la salud ejecutados. El joven pasante de medicina, de 24 a\u00f1os, asist\u00eda a un paciente cuando fue baleado en el Hospital Integral de El Salto, en Pueblo Nuevo, Durango.<\/p>\n<p>Los m\u00e9dicos y otros trabajadores del sector salud quedaron atrapados en la violencia que han impuesto las organizaciones criminales en M\u00e9xico. El control territorial del crimen organizado y los c\u00e1rteles del narcotr\u00e1fico los exponen a secuestros, extorsi\u00f3n, violaciones y otros abusos, provocando una escasez de m\u00e9dicos en las zonas donde m\u00e1s se necesitan, pero los riesgos son m\u00e1s elevados.<\/p>\n<p>En 2020, el senador por <strong>Movimiento Ciudadano, Jos\u00e9 Ram\u00f3n Enr\u00edquez Herrera<\/strong>, revel\u00f3 que, de acuerdo con cifras del <strong>Instituto Mexicano del Seguro Social<\/strong>, de 2012 a marzo de 2019, se registraron siete mil 214 ataques a los doctores en hospitales del pa\u00eds.<\/p>\n<p>De entonces a la fecha, la situaci\u00f3n empeor\u00f3; en los \u00faltimos a\u00f1os se ha incrementado el n\u00famero de m\u00e9dicos violentados o secuestrados por organizaciones criminales, ya sea para pedir recompensa econ\u00f3mica o para atender a delincuentes heridos, entre otras razones.<\/p>\n<p>En estados como <strong>Guerrero, Michoac\u00e1n, Colima, Tamaulipas, Veracruz, Sinaloa, Sonora, y Veracruz,<\/strong> es cada vez m\u00e1s frecuente que el personal m\u00e9dico sea llevado a la fuerza para atender a sicarios de los c\u00e1rteles que operan en diversas zonas del pa\u00eds.<\/p>\n<p>Tal es el asedio y el acoso que enfrentan los trabajadores del sector salud que en <strong>Zacatecas <\/strong>y otras ciudades han realizado varias marchas \u201cpor la paz\u201d para exigir a las autoridades protecci\u00f3n para todo el personal. Las denuncias-consignas son contundentes: \u201c\u00a1Alerta, Alerta! \u00a1Est\u00e1n matando m\u00e9dicos!\u201d; \u201cNo al servicio social en zonas de riesgo\u201d; \u201cNi un m\u00e9dico m\u00e1s\u201d; \u201cYo salvando a M\u00e9xico y M\u00e9xico mat\u00e1ndome\u201d; \u201cServicio social seguro y digno\u201d.<\/p>\n<p>El clamor es nacional, todos queremos un entorno seguro para vivir y trabajar. Sin embargo, el gobierno de <strong>Andr\u00e9s Manuel L\u00f3pez Obrador<\/strong> evade la responsabilidad. Acusa a los m\u00e9dicos mexicanos de \u201cconservadores\u201d, de no querer laborar en zonas rurales y propone contratar doctores cubanos como soluci\u00f3n a la crisis que registra el sector.<\/p>\n<p>Minimiza el problema de la seguridad y lo hace ideol\u00f3gico. L\u00f3pez Obrador amenaza: \u201c\u00a1Qu\u00e9 se vayan al carajo! porque lo primero es la salud del pueblo\u201d. S\u00ed, la salud es prioridad, pero la seguridad tambi\u00e9n. Ning\u00fan profesional puede ofrecer un buen servicio en condiciones de violencia; miseria salarial; desabasto de implementos y falta de infraestructura.<\/p>\n<p><strong>Andr\u00e9s Casta\u00f1eda, m\u00e9dico y coordinador de las causas de Salud y Bienestar de Nosotrxs,<\/strong> ha se\u00f1alado que en M\u00e9xico los doctores no faltan, lo que se requiere son plazas dignas, seguras, bien remuneradas y con los insumos suficientes para poder atender a la poblaci\u00f3n con calidad, ya sea en comunidades rurales o en las ciudades.<\/p>\n<p>As\u00ed las cosas, convendr\u00eda revisar y reestructurar el sistema de salud en M\u00e9xico; subsanar las deficiencias y promover la formaci\u00f3n de m\u00e9dicos y especialistas en beneficio de la poblaci\u00f3n.<\/p>\n<p>Detr\u00e1s de las estad\u00edsticas de fallecidos en el sector salud, est\u00e1n las historias de familias que perdieron a una madre, un padre, un hijo o una hermana. Personal m\u00e9dico consultado sostiene que \u201ctienen la obligaci\u00f3n de curar, pero carecen del derecho a ser escuchados o curados\u201d<\/p>\n<p>S\u00ed, M\u00e9xico ocupa el primer lugar en muertes de personal de salud por Covid-19. Un informe de <strong>Amnist\u00eda Internacional<\/strong>, registr\u00f3 en 2020, a 1,320 fallecidos, superando a Estados Unidos, Brasil y Reino Unido.<\/p>\n<p>\u00c9ste, es el reto de la #4Transformaci\u00f3n que prometi\u00f3 un servicio como el Dinamarca y no se ve para cu\u00e1ndo.<\/p>\n<p style=\"text-align: center;\"><strong>VERICUENTOS<\/strong><\/p>\n<p style=\"text-align: center;\"><strong>Monreal c<\/strong><strong>oqueteos hacia 2024<\/strong><\/p>\n<p>Al hijo desobediente de la #4T, <strong>Ricardo Monreal<\/strong>, le dieron la bienvenida en la alianza \u201c<strong>Va por M\u00e9xico<\/strong>\u201d. Luego de que el presidente de la Jucopo en el Senado dijera que no participar\u00e1 en el proceso de elecci\u00f3n del candidato presidencial de Morena si aplican el m\u00e9todo de encuestas, los dirigentes del PRI y el PRD le lanzaron el anzuelo. <strong>Jes\u00fas Zambrano, presidente nacional del PRD<\/strong>, dijo: <strong>\u201c<\/strong>Gente como Monreal que estuvieron ac\u00e1, en su momento, en el campo democr\u00e1tico luchando contra el autoritarismo, la imposici\u00f3n, ojal\u00e1 entiendan que en el momento que quieran pueden tomar su propia decisi\u00f3n (\u2026) ac\u00e1 podemos encontrar puntos de confianza, podemos encontrar posibilidades de caminar juntos\u201d. \u00bfSe animar\u00e1 el zacatecano? <strong>\u00a1\u00d3rale!<\/strong><\/p>\n<p style=\"text-align: center;\"><strong>Violencia a la mexicana<\/strong><\/p>\n<p>Como el cangrejo, M\u00e9xico va en reversa en materia de pacificaci\u00f3n, contrario al resto de los pa\u00edses en Am\u00e9rica Latina, de acuerdo con los datos de <strong>Small Arms Survey<\/strong> dedicados a examinar los avances para cumplir con objetivos de desarrollo sostenible de Naciones Unidas para 2030, nuestro pa\u00eds pas\u00f3 de registrar 10.7 muertes violentas por 100 mil habitantes en 2004 a 33.5 asesinatos en 2020. Un deshonroso registro al alza que contrasta con el que han tenido naciones como Colombia, El Salvador, Guatemala, Brasil, Honduras y hasta Jamaica. <strong>\u00a1Qu\u00e9 verg\u00fcenza!<\/strong><\/p>\n<p><a href=\"https:\/\/twitter.com\/guillegomora?lang=es\" target=\"_blank\" rel=\"noopener\"><em>@guillegomora<\/em><\/a><\/p>\n","protected":false},"excerpt":{"rendered":"<p><span style=\"color: #005497;\"><strong>Guillermina G\u00f3mora Ord\u00f3\u00f1ez<\/strong><\/span<\/span><\/p>\n","protected":false},"author":3,"featured_media":0,"comment_status":"open","ping_status":"open","sticky":false,"template":"","format":"standard","meta":{"_monsterinsights_skip_tracking":false,"_monsterinsights_sitenote_active":false,"_monsterinsights_sitenote_note":"","_monsterinsights_sitenote_category":0,"footnotes":""},"categories":[58361],"tags":[58362,58363,43674],"class_list":["post-553829","post","type-post","status-publish","format-standard","hentry","category-guillermina-gomora-ordonez","tag-caleidoscopio","tag-guillermina-gomora-ordonez","tag-opinion"],"_links":{"self":[{"href":"https:\/\/www.diarioimagen.net\/index.php?rest_route=\/wp\/v2\/posts\/553829","targetHints":{"allow":["GET"]}}],"collection":[{"href":"https:\/\/www.diarioimagen.net\/index.php?rest_route=\/wp\/v2\/posts"}],"about":[{"href":"https:\/\/www.diarioimagen.net\/index.php?rest_route=\/wp\/v2\/types\/post"}],"author":[{"embeddable":true,"href":"https:\/\/www.diarioimagen.net\/index.php?rest_route=\/wp\/v2\/users\/3"}],"replies":[{"embeddable":true,"href":"https:\/\/www.diarioimagen.net\/index.php?rest_route=%2Fwp%2Fv2%2Fcomments&post=553829"}],"version-history":[{"count":0,"href":"https:\/\/www.diarioimagen.net\/index.php?rest_route=\/wp\/v2\/posts\/553829\/revisions"}],"wp:attachment":[{"href":"https:\/\/www.diarioimagen.net\/index.php?rest_route=%2Fwp%2Fv2%2Fmedia&parent=553829"}],"wp:term":[{"taxonomy":"category","embeddable":true,"href":"https:\/\/www.diarioimagen.net\/index.php?rest_route=%2Fwp%2Fv2%2Fcategories&post=553829"},{"taxonomy":"post_tag","embeddable":true,"href":"https:\/\/www.diarioimagen.net\/index.php?rest_route=%2Fwp%2Fv2%2Ftags&post=553829"}],"curies":[{"name":"wp","href":"https:\/\/api.w.org\/{rel}","templated":true}]}}