{"id":553831,"date":"2022-07-19T00:06:57","date_gmt":"2022-07-19T05:06:57","guid":{"rendered":"https:\/\/www.diarioimagen.net\/?p=553831"},"modified":"2022-07-19T04:26:35","modified_gmt":"2022-07-19T09:26:35","slug":"el-ine-por-igualdad-es-cuestion-de-eficiencia-e-inteligencia","status":"publish","type":"post","link":"https:\/\/www.diarioimagen.net\/?p=553831","title":{"rendered":"El INE por igualdad, es cuesti\u00f3n de eficiencia e inteligencia"},"content":{"rendered":"<h2>As\u00ed las cosas&#8230;<\/h2>\n<h5>Humberto Mares N.<\/h5>\n<p>&nbsp;<\/p>\n<p>Las Comisiones Unidas de Igualdad de G\u00e9nero y no Discriminaci\u00f3n y Prerrogativas y Partidos del Instituto Nacional Electoral (INE) aprobaron el proyecto que ordena a los partidos pol\u00edticos postular al menos a una mujer para las gubernaturas del Estado de M\u00e9xico y de Coahuila, pero sin la exigencia de que deba ser en la entidad donde tienen m\u00e1s posibilidades de ganar ante el riesgo de descartar en autom\u00e1tico a los aspirantes hombres.<\/p>\n<p>Esta decisi\u00f3n levant\u00f3 inconformidades entre los partidos y los llevar\u00e1n al Consejo General del INE para su discusi\u00f3n. Este asunto se deriva de los recursos interpuestos por la senadora Oaxaque\u00f1a de Morena, Susana Harp, que el tribunal federal le concedi\u00f3 la raz\u00f3n, pero Morena no hizo nada y ahora lo quieren imponer a chaleco para todos.<\/p>\n<p>Estamos conscientes de que se ha logrado mucho para ganar terreno en la igualdad entre hombres y mujeres. Siempre he sostenido que la participaci\u00f3n de las damas es valios\u00edsima y que existen mujeres extraordinarias en todos los \u00e1mbitos de nuestro pa\u00eds. Tambi\u00e9n he sostenido en este espacio, que las candidaturas o los puestos de administraci\u00f3n en cualquier lugar, son cuesti\u00f3n de profesionalismo, inteligencia y aptitudes. No se debe dar o quitar un lugar, tanto a mujeres como varones, solo porque es cuesti\u00f3n de g\u00e9nero. Nooo, es cuesti\u00f3n de inteligencia, eficiencia y profesionalismo.<\/p>\n<p>Bueno hoy el INE pr\u00e1cticamente est\u00e1 obligando a los partidos pol\u00edticos que en las elecciones para gobernador del a\u00f1o que entra en Estados de M\u00e9xico y Coahuila, por lo menos deber\u00e1n postular una mujer.<\/p>\n<p>El proyecto establece que a m\u00e1s tardar el 31 de octubre de este a\u00f1o, los partidos pol\u00edticos deben modificar sus documentos b\u00e1sicos con el prop\u00f3sito de que definan como llevaran a cabo este nuevo requerimiento absurdo.<\/p>\n<p>Las cuotas de g\u00e9nero es un concepto que se estableci\u00f3 en nuestro pa\u00eds a principios de 1996 con el objetivo de abrir espacios para la participaci\u00f3n equitativa de las mujeres y lograr un equilibrio de su participaci\u00f3n con respecto de los hombres. Es cierto que en alg\u00fan momento fue necesario abrir por fuerza los espacios para que las damas tuviesen mayor participaci\u00f3n.<\/p>\n<p>Hoy en d\u00eda, la participaci\u00f3n de las mujeres es un hecho y ya no es necesario aplicar la parte de g\u00e9nero porque ya es cuesti\u00f3n de habilidades y preparaci\u00f3n profesional. Espero y las damas no tomen mal el comentario de su servidor. Las damas son tan importantes como los varones. La constituci\u00f3n nos da igualdad.<\/p>\n<p style=\"text-align: center;\"><strong>Ken, el amigo<\/strong><\/p>\n<p>Ken Salazar, el pol\u00e9mico embajador de Estados Unidos en M\u00e9xico y amigo de AMLO nuevamente est\u00e1 en las primeras planas con motivo de la captura de Rafael Caro Quintero, al declarar que fue un trabajo exclusivo de la Marina de M\u00e9xico, lo que se contrapone con las declaraciones de la administraci\u00f3n de Control de Drogas (DEA), quien afirm\u00f3 inmediatamente que hab\u00eda un trabajo conjunto con el gobierno de M\u00e9xico.<\/p>\n<p>Lo cierto es la DEA durante d\u00e9cadas ha estado tras Caro Quintero y sobre todo con la intenci\u00f3n de llevarlo a los Estados Unidos para juzgarlo all\u00e1, en los \u00c1ngeles, California, donde se ha juzgado el caso del asesinato de agente Enrique Camarena. Es lamentable que el pa\u00eds perdiera un gran grupo de elementos con el accidente del helic\u00f3ptero ca\u00eddo que particip\u00f3 en el operativo. Nuestro m\u00e1s sincero p\u00e9same a familiares y compa\u00f1eros de este grupo de marinos ca\u00eddo en accidente, que deber\u00e1 ser aclarado los motivos.<\/p>\n<p>Lo cierto, estimado lector, es que la captura de este se\u00f1or Caro Quintero ser\u00e1 una carta para el gobierno de AMLO con respecto de negociaciones con el gobierno de Joe Biden, luego de la espantosa visita que le hizo.<\/p>\n<p style=\"text-align: center;\"><strong>La inflaci\u00f3n avanza y se come los ahorros<\/strong><\/p>\n<p>No s\u00f3lo en nuestro pa\u00eds, sino en el mundo la inflaci\u00f3n ha consumido los ahorros de las familias, que han tenido que recurrir a utilizar sus ahorros para hacer frente al aumento en los precios, sobre todo en la canasta b\u00e1sica.<\/p>\n<p>Los sistemas de ahorros han registrado importantes bajas, debido al retiro de recursos por parte de los cuentahabientes, por lo menos en las afores en M\u00e9xico ha sido de cerca del 5%, que representan cerca de 360 mil millones de pesos, de acuerdo con cifras publicadas por Consar. Aunque tenemos la promesa de que los precios se mantendr\u00e1n, esto no se ve reflejado en la realidad, ya que cada semana vemos los aumentos tanto en el supermercado como en los tianguis, en donde los productos aumentan en una semana hasta el cien por ciento o m\u00e1s.<\/p>\n<p style=\"text-align: center;\"><strong>Monreal<\/strong><\/p>\n<p>El l\u00edder de Morena en el senado, Ricardo Monreal, ve de cerca lo que venimos apuntando en este espacio. Pide dejar a un lado los tiempos de ser un partido hegem\u00f3nico y absoluto y caer en procesos antidemocr\u00e1ticos. El senador lo dice, porque lo vivi\u00f3 en el PRI que fue precisamente el motivo de salir e irse al PRD, en donde con sus siglas gan\u00f3 la gubernatura de Zacatecas.<\/p>\n<p>Hoy Monreal, con una oposici\u00f3n dentro de su bancada de cerca de 20 senadores, sabe lo que dice y pide evitar que se genere un nuevo desequilibrio en el sistema de partidos y que se intenten regresiones a los tiempos del partido \u00fanico y hegem\u00f3nico. M\u00e1s claro no puede ser.\u00a0 As\u00ed las cosas, use cubrebocas, hasta pronto.<\/p>\n<p><a href=\"mailto:hmares21@gmail.com\" target=\"_blank\" rel=\"noopener noreferrer\"><em>mares21@gmail.com<\/em><\/a><\/p>\n","protected":false},"excerpt":{"rendered":"<p><span style=\"color: #005497;\"><strong>Humberto Mares N.<\/strong><\/span><\/p>\n","protected":false},"author":3,"featured_media":0,"comment_status":"open","ping_status":"open","sticky":false,"template":"","format":"standard","meta":{"_monsterinsights_skip_tracking":false,"_monsterinsights_sitenote_active":false,"_monsterinsights_sitenote_note":"","_monsterinsights_sitenote_category":0,"footnotes":""},"categories":[15043],"tags":[92044,92045,43674],"class_list":["post-553831","post","type-post","status-publish","format-standard","hentry","category-humberto-mares-n","tag-asi-las-cosas","tag-humberto-mares-n","tag-opinion"],"_links":{"self":[{"href":"https:\/\/www.diarioimagen.net\/index.php?rest_route=\/wp\/v2\/posts\/553831","targetHints":{"allow":["GET"]}}],"collection":[{"href":"https:\/\/www.diarioimagen.net\/index.php?rest_route=\/wp\/v2\/posts"}],"about":[{"href":"https:\/\/www.diarioimagen.net\/index.php?rest_route=\/wp\/v2\/types\/post"}],"author":[{"embeddable":true,"href":"https:\/\/www.diarioimagen.net\/index.php?rest_route=\/wp\/v2\/users\/3"}],"replies":[{"embeddable":true,"href":"https:\/\/www.diarioimagen.net\/index.php?rest_route=%2Fwp%2Fv2%2Fcomments&post=553831"}],"version-history":[{"count":0,"href":"https:\/\/www.diarioimagen.net\/index.php?rest_route=\/wp\/v2\/posts\/553831\/revisions"}],"wp:attachment":[{"href":"https:\/\/www.diarioimagen.net\/index.php?rest_route=%2Fwp%2Fv2%2Fmedia&parent=553831"}],"wp:term":[{"taxonomy":"category","embeddable":true,"href":"https:\/\/www.diarioimagen.net\/index.php?rest_route=%2Fwp%2Fv2%2Fcategories&post=553831"},{"taxonomy":"post_tag","embeddable":true,"href":"https:\/\/www.diarioimagen.net\/index.php?rest_route=%2Fwp%2Fv2%2Ftags&post=553831"}],"curies":[{"name":"wp","href":"https:\/\/api.w.org\/{rel}","templated":true}]}}