{"id":553848,"date":"2022-07-19T00:12:21","date_gmt":"2022-07-19T05:12:21","guid":{"rendered":"https:\/\/www.diarioimagen.net\/?p=553848"},"modified":"2022-07-19T04:40:06","modified_gmt":"2022-07-19T09:40:06","slug":"retoman-alito-marko-y-zambrano-exigencia-de-establecer-internas-de-monreal-para-irse-contra-amlo","status":"publish","type":"post","link":"https:\/\/www.diarioimagen.net\/?p=553848","title":{"rendered":"\u00bfRetoman Alito, Marko y Zambrano exigencia de establecer \u2018internas\u2019 de Monreal para irse contra AMLO?"},"content":{"rendered":"<h2>Tras la puerta del poder<\/h2>\n<h5>Roberto Vizca\u00edno<\/h5>\n<p>&nbsp;<\/p>\n<p>Desde mucho antes de que\u00a0<strong>Andr\u00e9s Manuel L\u00f3pez Obrador<\/strong>\u00a0lanzara, el lunes 5 de julio del a\u00f1o pasado, como sus posibles sucesores a\u00a0<strong>Marcelo Ebrard<\/strong>,\u00a0<strong>Claudia Sheinbaum<\/strong>\u00a0y a otros de su equipo, el senador\u00a0<strong>Ricardo Monreal<\/strong>\u00a0ya exig\u00eda que Morena realizara \u201cinternas\u201d para elegir a sus candidatos y dirigentes.<\/p>\n<p>El zacatecano lo hac\u00eda porque sabe perfectamente que las \u201cencuestas\u201d de su partido s\u00f3lo son una farsa para lanzar a quienes AMLO quiere impulsar.<\/p>\n<p>Y lo sabe, porque a pesar de que 21 encuestas lo colocaban a \u00e9l como puntero en la carrera para la Jefatura de Gobierno en agosto de 2017, la dirigencia de Morena sali\u00f3 el\u00a028 de agosto con que\u00a0<strong>Claudia Sheinbaum<\/strong>\u00a0hab\u00eda ganado con el 15.9 por ciento de las preferencias.<\/p>\n<p><strong>Monreal<\/strong>\u00a0era el delegado en la Cuauht\u00e9moc y\u00a0<strong>Claudia,<\/strong>\u00a0en Tlalpan.<\/p>\n<p>Qui\u00e9n instruy\u00f3 entonces tal recuento, no s\u00f3lo se solaz\u00f3 con la derrota del zacatecano, sino que lo coloc\u00f3 en el tercer lugar con\u00a0<strong>Mart\u00ed Batres<\/strong>\u00a0encima de \u00e9l.<\/p>\n<p>Nadie sabe nadie supo los detalles de esa encuesta. Pero\u00a0<strong>Monreal<\/strong>\u00a0estaba tan\u00a0<em>enchilado<\/em>\u00a0que estuvo en un tris de irse de Morena.<\/p>\n<p>Pol\u00edtico al fin, con larga experiencia, se seren\u00f3 y entr\u00f3 de nuevo al juego. Sab\u00eda que no hay derrotas para siempre. Y desde entonces decidi\u00f3 irse por la Presidencia de la Rep\u00fablica en 2024.<\/p>\n<p>Y construy\u00f3 redes y apoyos, y una narrativa que lo colocara como aspirante natural a la sucesi\u00f3n de\u00a0<strong>Andr\u00e9s Manuel L\u00f3pez Obrador<\/strong>.<\/p>\n<p><strong>Monreal\u00a0<\/strong>ha dicho que ha platicado con el tabasque\u00f1o de su aspiraci\u00f3n. Son tantas las se\u00f1ales dejadas por el zacatecano hacia esa meta, que\u00a0<strong>AMLO<\/strong>\u00a0simplemente sabe qu\u00e9 pretende y qu\u00e9 puede lograr el hoy presidente de la Junta de Coordinaci\u00f3n Pol\u00edtica del Senado.<\/p>\n<p>Tras ese logro,\u00a0<strong>Monreal\u00a0<\/strong>ha exigido a\u00a0<strong>L\u00f3pez Obrador<\/strong>, porque es a \u00e9l a quien se lo demanda, una y otra vez, \u00faltimamente con mayor fuerza, que Morena adopte el m\u00e9todo de \u201cinternas\u201d para lanzar a candidatos y designar dirigentes, y deseche para siempre las encuestas.<\/p>\n<p>Hace much\u00edsimos a\u00f1os atr\u00e1s que\u00a0<strong>Monreal<\/strong>\u00a0desech\u00f3 la ingenuidad.<\/p>\n<p>Sabe perfectamente bien que lo que le est\u00e1 pidiendo a\u00a0<strong>AMLO<\/strong>\u00a0es desterrar de una vez por todas el uso del \u201cdedazo\u201d establecido por\u00a0<strong>Plutarco El\u00edas Calles<\/strong>\u00a0desde 1939 con la creaci\u00f3n del PRI, el centro de lo que el escritor peruano\u00a0<strong>Mario Vargas Llosa<\/strong>\u00a0ha calificado como\u00a0<em>la dictadura perfecta<\/em>.<\/p>\n<p>Tiene adem\u00e1s a su favor el hecho de que, desde el sexenio de\u00a0<strong>Carlos Salinas,<\/strong>\u00a0ese m\u00e9todo no ha alcanzado las metas de llevar al candidato designado a la Silla Presidencial.<\/p>\n<p>Y todo indica que\u00a0<strong>AMLO<\/strong>\u00a0no lo lograr\u00e1 tampoco, por m\u00e1s que pueda designar candidato presidencial en Morena.<\/p>\n<p>A pesar de la insistencia de\u00a0<strong>Monreal<\/strong>, el tabasque\u00f1o se niega a dar el paso de dejar libre al voto ciudadano para sacar adelante al candidato presidencial de Morena e insiste en usar a las encuestas para decidir \u00e9l quien debe buscar ser su sucesor.<\/p>\n<p style=\"text-align: center;\"><strong>La alianza opositora retoma a Monreal<\/strong><\/p>\n<p>Es en este contexto, en que\u00a0<strong>Alejandro Moreno<\/strong>, l\u00edder nacional del PRI, revel\u00f3 a fines de la semana pasada que junto con\u00a0<strong>Marko Cort\u00e9s y Jes\u00fas Zambrano<\/strong>\u00a0analizan adoptar el m\u00e9todo de \u201cinternas\u201d para sacar adelante a un candidato de unidad para la presidencial de 2024.<\/p>\n<p>Ese m\u00e9todo de \u201cinternas\u201d exigido tanto por\u00a0<strong>Monreal<\/strong>\u00a0a\u00a0<strong>AMLO<\/strong>\u00a0y a\u00a0<strong>Morena<\/strong>.<\/p>\n<p><strong><em>Alito<\/em><\/strong>\u00a0indic\u00f3 que el an\u00e1lisis va internamente muy adelantado en la alianza Va por M\u00e9xico, y que bien podr\u00edan intentar aplicar \u201cinternas\u201d en la selecci\u00f3n del candidato del PRI, del PAN y del PRD para que luego estos 3 aspirantes ganadores, vayan a competir en una \u201cinterna\u201d general organizada, conducida y sancionada por el INE para que de ah\u00ed surja el candidato definitivo de la oposici\u00f3n.<\/p>\n<p>De lograrse este acuerdo dentro de la oposici\u00f3n,\u00a0<strong><em>Alito,<\/em><\/strong>\u00a0<strong>Marko<\/strong>\u00a0y\u00a0<strong>Zambrano<\/strong>\u00a0no s\u00f3lo tendr\u00edan que ir contra una cultura pol\u00edtica interna y los fuertes y arraigados intereses dentro de sus respectivos partidos, sino contra la ausencia de un\u00a0\u00a0marco normativo que permita la realizaci\u00f3n de estas \u201cprimarias\u201d.<\/p>\n<p>Hacen falta reglas, presupuestos, financiamientos para realizar campa\u00f1as de los aspirantes y para organizar los debates entre ellos por el pa\u00eds.<\/p>\n<p>Los dirigentes de la oposici\u00f3n dentro de la alianza, dijo el del PRI, buscar\u00edan involucrar el apoyo de la sociedad y las organizaciones ciudadanas, e instituciones como las universidades adem\u00e1s de las organizaciones empresariales.<\/p>\n<p>\u201cEl tema es ver c\u00f3mo vamos a sacar candidatos para Presidente de la Rep\u00fablica, para 128 senadur\u00edas, 500 diputaciones federales, 9 gubernaturas y Congresos estatales en el proceso de 2024\u2026<\/p>\n<p>\u201cEn fin, \u00bfentonces qu\u00e9 es lo que hay que hacer?&#8230; una suerte de\u00a0<strong><em>primarias<\/em><\/strong>\u00a0para que se apunten quienes se quieran apuntar\u2026 y compitan, el \u00fanico requisito es que todos quienes participen reconozcan al ganador y se sumen a \u00e9l, porque solo hay una candidatura para cada caso\u201d, advirti\u00f3\u00a0<strong>Alejandro Moreno<\/strong>.<\/p>\n<p>\u00bfHabr\u00e1 tiempo para aplicar el m\u00e9todo de \u201cinternas\u201d como lo ha exigido\u00a0<strong>Monreal<\/strong>\u00a0y ahora los de la alianza Va por M\u00e9xico?, \u00bfencontrar\u00e1 el apoyo de sus estructuras partidarias, de sus \u00e9lites?<\/p>\n<p>Hay quienes afirman que lo peor es no intentarlo.<\/p>\n<p><em><a href=\"mailto:rvizcainoa@gmail.com\" target=\"_blank\" rel=\"noopener noreferrer\">vizcainoa@gmail.com<\/a><a href=\"mailto:rvizcainoa@gmail.com\" target=\"_blank\" rel=\"noopener noreferrer\"><br \/>\n<\/a><a href=\"http:\/\/endirecto.mx\" target=\"_blank\" rel=\"noopener noreferrer\">www.endirecto.mx<\/a><a href=\"mailto:rvizcainoa@gmail.com\" target=\"_blank\" rel=\"noopener noreferrer\"><br \/>\n<\/a><a href=\"https:\/\/twitter.com\/_rvizcaino\" target=\"_blank\" rel=\"noopener noreferrer\">@_RVizcaino<\/a><a href=\"mailto:rvizcainoa@gmail.com\" target=\"_blank\" rel=\"noopener noreferrer\"><br \/>\n<\/a><a href=\"https:\/\/www.facebook.com\/rvizcainoa\" target=\"_blank\" rel=\"noopener noreferrer\">facebook.com\/rvizcainoa<\/a><\/em><\/p>\n","protected":false},"excerpt":{"rendered":"<p><span style=\"color: #005497;\"><strong>Roberto Vizca\u00edno<\/strong><\/span><\/p>\n","protected":false},"author":3,"featured_media":0,"comment_status":"open","ping_status":"open","sticky":false,"template":"","format":"standard","meta":{"_monsterinsights_skip_tracking":false,"_monsterinsights_sitenote_active":false,"_monsterinsights_sitenote_note":"","_monsterinsights_sitenote_category":0,"footnotes":""},"categories":[136],"tags":[43674,93,94],"class_list":["post-553848","post","type-post","status-publish","format-standard","hentry","category-roberto-vizcaino-opinion","tag-opinion","tag-roberto-vizcaino","tag-tras-la-puerta-del-poder"],"_links":{"self":[{"href":"https:\/\/www.diarioimagen.net\/index.php?rest_route=\/wp\/v2\/posts\/553848","targetHints":{"allow":["GET"]}}],"collection":[{"href":"https:\/\/www.diarioimagen.net\/index.php?rest_route=\/wp\/v2\/posts"}],"about":[{"href":"https:\/\/www.diarioimagen.net\/index.php?rest_route=\/wp\/v2\/types\/post"}],"author":[{"embeddable":true,"href":"https:\/\/www.diarioimagen.net\/index.php?rest_route=\/wp\/v2\/users\/3"}],"replies":[{"embeddable":true,"href":"https:\/\/www.diarioimagen.net\/index.php?rest_route=%2Fwp%2Fv2%2Fcomments&post=553848"}],"version-history":[{"count":0,"href":"https:\/\/www.diarioimagen.net\/index.php?rest_route=\/wp\/v2\/posts\/553848\/revisions"}],"wp:attachment":[{"href":"https:\/\/www.diarioimagen.net\/index.php?rest_route=%2Fwp%2Fv2%2Fmedia&parent=553848"}],"wp:term":[{"taxonomy":"category","embeddable":true,"href":"https:\/\/www.diarioimagen.net\/index.php?rest_route=%2Fwp%2Fv2%2Fcategories&post=553848"},{"taxonomy":"post_tag","embeddable":true,"href":"https:\/\/www.diarioimagen.net\/index.php?rest_route=%2Fwp%2Fv2%2Ftags&post=553848"}],"curies":[{"name":"wp","href":"https:\/\/api.w.org\/{rel}","templated":true}]}}