{"id":553957,"date":"2022-07-20T00:02:33","date_gmt":"2022-07-20T05:02:33","guid":{"rendered":"https:\/\/www.diarioimagen.net\/?p=553957"},"modified":"2022-07-20T03:59:10","modified_gmt":"2022-07-20T08:59:10","slug":"por-que-es-importante-para-amlo-sacar-adelante-su-reforma-electoral","status":"publish","type":"post","link":"https:\/\/www.diarioimagen.net\/?p=553957","title":{"rendered":"Por qu\u00e9 es importante para AMLO sacar adelante su reforma electoral"},"content":{"rendered":"<h2>La Retaguardia<\/h2>\n<h5>Adriana Moreno Cordero<\/h5>\n<p>&nbsp;<\/p>\n<ul>\n<li><strong><em>Alejandro Moreno C\u00e1rdenas renueva el CEN priista<\/em><\/strong><\/li>\n<\/ul>\n<p>&nbsp;<\/p>\n<p>La carrera al 2024 en Morena se empieza a fracturar. Adem\u00e1s de las contradicciones internas, debe sumarse que el Tribunal Electoral del Poder Judicial de la Federaci\u00f3n (TEPJF) confirm\u00f3 la prohibici\u00f3n a Morena y por ende, a su dirigente nacional, <strong>Mario Mart\u00edn Delgado<\/strong>, as\u00ed como a funcionarios y servidores p\u00fablicos de participar en actos masivos como los organizados en Toluca y Coahuila.<\/p>\n<p>En ambos eventos, pero principalmente en el del Estado de M\u00e9xico \u2014que electoralmente es conocido como la \u201cjoya de la corona\u201d\u2014, lo que busc\u00f3 el partido oficial fue mostrar m\u00fasculo y anunciar que la arrebatar\u00e1 al PRI su principal basti\u00f3n, o sea \u201casustar con el petate del muerto\u201d.<\/p>\n<p>A la concentraci\u00f3n efectuada en Toluca no fue invitado el presidente de la Junta de Coordinaci\u00f3n Pol\u00edtica del Senado de la Rep\u00fablica, <strong>Ricardo Monreal Avila<\/strong> y el propio legislador zacatecano dijo que se trataba de un acto anticipado de campa\u00f1a. Luego vino el evento en Coahuila en el que a rega\u00f1adientes s\u00ed fue convocado el senador Monreal. El secretario de Relaciones Exteriores, <strong>Marcelo Ebrard<\/strong>, no acudi\u00f3 por estar convaleciente de Covid, pero las largas caras de molestia que le plantaron, tanto Mario Delgado, como la flamante jefa de Gobierno de la Ciudad de M\u00e9xico, <strong>Claudia Sheinbaum,<\/strong> a Monreal, dejaron ver que no estaban nada a gusto con la inclusi\u00f3n del zacatecano en el club de las\u00a0 \u201ccorcholatas\u201d. Tan es as\u00ed, que aprovecharon el mitin para reiterar que el m\u00e9todo de elecci\u00f3n del candidato presidencial morenista, ser\u00e1 como lo decida el inquilino de Palacio Nacional, o sea, prevalecer\u00e1 la farsa y el \u201cdedito\u201d de <strong>Andr\u00e9s Manuel L\u00f3pez Obrador<\/strong>.<\/p>\n<p>Y a partir de lo anterior, Ricardo Monreal empez\u00f3 a \u201cpintar su rayita\u201d con respecto al resto de los aspirantes, a grado tal, que se espera que de un momento a otro deje las filas de Morena, entre otras razones, por la presi\u00f3n que han ejercido las \u201ctribus\u201d m\u00e1s recalcitrantes y polarizadas del partido oficial.<\/p>\n<p>As\u00ed, el m\u00e1ximo tribunal electoral exhort\u00f3 a los servidores p\u00fablicos a \u201cabstenerse de organizar, convocar y realizar eventos proselitistas iguales o similares a los celebrados el 12 y 26 de junio en el Estado de M\u00e9xico y Coahuila, porque podr\u00edan vulnerar los principios que rigen a los procesos electorales\u201d.<\/p>\n<p>Lo m\u00e1s probable es que la \u201ccorcholatas\u201d no har\u00e1n caso de este reconvenimiento y continuar\u00e1n en esta carrera, es decir, seguir\u00e1n violando la ley. Sin embargo, no hay que soslayar que precisamente por este exhorto, al que se sum\u00f3 el INE cuando la\u00a0Comisi\u00f3n de Quejas\u00a0del<strong>\u00a0<\/strong>INE,\u00a0orden\u00f3 a otros 15 funcionarios abstenerse de organizar o participar en actos proselitistas de Morena, tanto a los morenistas como al presidente L\u00f3pez Obrador le interesa y urge sacar adelante su controvertida reforma electoral, sin que le cambien \u201cni una coma\u201d y aniquilar al INE y si se puede, hasta al TEPJF.<\/p>\n<p>En el exhorto de dicho Tribunal est\u00e1n incluidos tambi\u00e9n el coordinador morenista en la C\u00e1mara de Diputados, <strong>Ignacio Mier<\/strong>; la diputada <strong>Aleida Alavez<\/strong> y la gobernadora de Guerrero, <strong>Evelyn Salgado.<\/strong> Y hablando del Palacio Legislativo de San L\u00e1zaro, los diputados de la bancada oficial insisten en su intentona de quitar de la presidencia de la Comisi\u00f3n de Gobernaci\u00f3n y Poblaci\u00f3n, <strong>Alejandro Moreno C\u00e1rdenas<\/strong>, quien critic\u00f3 a la fracci\u00f3n mayoritaria de incumplir su quehacer legislativo y de no trabajar para los mexicanos.<\/p>\n<p>Moreno C\u00e1rdenas dej\u00f3 constancia de que la presidencia de esta comisi\u00f3n que sigue ostentando, tiene las puertas abiertas para cumplir los compromisos que se tienen ante los mexicanos, sin importar las diferencias entre colores partidistas.<\/p>\n<p>Es la tercera vez que la mayor\u00eda morenista le hace el vac\u00edo al tambi\u00e9n l\u00edder nacional del PRI y se nota que recibieron l\u00ednea directa de Palacio Nacional, que al percatarse de que la flamante gobernadora de Campeche, <strong>Layda Sansores<\/strong>, est\u00e1 perdiendo fuerza e incluso, cayendo en la ilegalidad, pues ahora atacan en otro frente.<\/p>\n<p>Respecto al trabajo que desarrolla al frente del Revolucionario Institucional, el ex gobernador campechano anunci\u00f3 nombramientos en el CEN tricolor con el objetivo de renovarlo: <strong>Graciela Ortiz Gonz\u00e1lez<\/strong> qued\u00f3 al frente de la Secretar\u00eda de Organizaci\u00f3n; <strong>Rolando Zapata Bello<\/strong>, secretario de Acci\u00f3n Electoral; <strong>Israel Chaparro Medina<\/strong>, secretario Jur\u00eddico y de Transparencia; <strong>Joaqu\u00edn Hendricks D\u00edaz<\/strong>, secretario de la Frontera Sur; <strong>Judith Murgu\u00eda<\/strong>, secretaria de la Frontera Norte; <strong>Paulina L\u00f3pez<\/strong>, secretaria del Medio Ambiente; <strong>Jorge Herrera Caldera<\/strong>, secretario de Asuntos Religiosos; <strong>Alejandra Andrade<\/strong>, Vinculaci\u00f3n Digital; <strong>Hiram Hern\u00e1ndez Zetina<\/strong>, representante del PRI ante el Instituto Nacional Electoral; <strong>Salvador Jara<\/strong>, Comisi\u00f3n de Ciencia, Tecnolog\u00eda y Educaci\u00f3n; <strong>Ignacio Peralta S\u00e1nchez<\/strong>, Comisi\u00f3n de Administraci\u00f3n P\u00fablica y Gobernanza del Consejo Pol\u00edtico Nacional; <strong>Alejandro Avil\u00e9s \u00c1lvarez<\/strong>, Comisi\u00f3n de Combate a la Pobreza del Consejo Pol\u00edtico Nacional; <strong>Mar\u00eda Alem\u00e1n<\/strong>, Comisi\u00f3n de Desarrollo Metropolitano y,\u00a0 <strong>Mar\u00eda Esther Sherman,<\/strong> al frente de la Comisi\u00f3n de \u00c9tica Partidaria.<\/p>\n<p>De esta manera, Moreno C\u00e1rdenas sostuvo que los cambios en la dirigencia nacional del PRI son \u201cun primer paso fundamental\u201d para continuar fortaleciendo al partido.<\/p>\n<p style=\"text-align: center;\"><strong>Municiones<\/strong><\/p>\n<p>*** En relaci\u00f3n a los comentarios en algunos medios de comunicaci\u00f3n en donde se hace referencia a que la empresa <strong>RCU Sistemas SA de CV<\/strong> tiene o ha tenido v\u00ednculos cercanos con el secretario de Seguridad P\u00fablica, <strong>Genaro Garc\u00eda Luna<\/strong> y\/o familiares, dicha empresa precisa que no existe y no ha existido en ning\u00fan momento relaci\u00f3n alguna entre RCU Sistemas SA de CV y familiares o alg\u00fan tipo de empresa o sociedad con dicha persona. Situaci\u00f3n que ha sido informada tambi\u00e9n el pasado 25 de junio de 2021 por el Mecanismo de Protecci\u00f3n para Personas Defensoras de Derechos Humanos y Periodistas. Es importante se\u00f1alar que esta empresa es constantemente revisada y auditada por distintas dependencias de gobierno, como la Auditor\u00eda Superior de la Federaci\u00f3n (ASF), la Direcci\u00f3n General de Seguridad Privada y el Servicio de Administraci\u00f3n Tributaria, (SAT) entre otras y \u201cen ning\u00fan momento hemos recibido sanci\u00f3n alguna, toda vez que siempre hemos cumplido con las normativas estipuladas por las distintas autoridades\u201d.<\/p>\n<p>*** En el conversatorio \u201cGobierno de coalici\u00f3n en el Estado de M\u00e9xico\u201d se dej\u00f3 ver la diputada <strong>Ana Lilia Herrera Anzaldo<\/strong>, quien le disputa a <strong>Alejandra del Moral<\/strong>, la candidatura de la alianza Va por M\u00e9xico al gobierno de la entidad mexiquense y en este sentido, es muy importante que en dicha coalici\u00f3n ya se pongan de acuerdo en un candidato o candidata. En ese mismo foro, el senador <strong>Miguel \u00c1ngel Mancera<\/strong> habl\u00f3 precisamente de lo que debe ser un gobierno de coalici\u00f3n al se\u00f1alar: \u201cSe trata de que la ciudadan\u00eda sepa que esas fuerzas pol\u00edticas que se coaligan van a trabajar con un programa que la ciudadan\u00eda va a conocer, es un programa p\u00fablico\u201d.<\/p>\n<p><u><a href=\"mailto:morcora@gmail.com\" target=\"_blank\" rel=\"noopener noreferrer\"><em>morcora@gmail.com<\/em><\/a><\/u><\/p>\n","protected":false},"excerpt":{"rendered":"<p><span style=\"color: #005497;\"><strong>Adriana Moreno Cordero<\/strong><\/span><\/p>\n","protected":false},"author":3,"featured_media":0,"comment_status":"open","ping_status":"open","sticky":false,"template":"","format":"standard","meta":{"_monsterinsights_skip_tracking":false,"_monsterinsights_sitenote_active":false,"_monsterinsights_sitenote_note":"","_monsterinsights_sitenote_category":0,"footnotes":""},"categories":[69370],"tags":[69369,69368,43674],"class_list":["post-553957","post","type-post","status-publish","format-standard","hentry","category-adriana-moreno-cordero","tag-adriana-moreno-cordero","tag-la-retaguardia","tag-opinion"],"_links":{"self":[{"href":"https:\/\/www.diarioimagen.net\/index.php?rest_route=\/wp\/v2\/posts\/553957","targetHints":{"allow":["GET"]}}],"collection":[{"href":"https:\/\/www.diarioimagen.net\/index.php?rest_route=\/wp\/v2\/posts"}],"about":[{"href":"https:\/\/www.diarioimagen.net\/index.php?rest_route=\/wp\/v2\/types\/post"}],"author":[{"embeddable":true,"href":"https:\/\/www.diarioimagen.net\/index.php?rest_route=\/wp\/v2\/users\/3"}],"replies":[{"embeddable":true,"href":"https:\/\/www.diarioimagen.net\/index.php?rest_route=%2Fwp%2Fv2%2Fcomments&post=553957"}],"version-history":[{"count":0,"href":"https:\/\/www.diarioimagen.net\/index.php?rest_route=\/wp\/v2\/posts\/553957\/revisions"}],"wp:attachment":[{"href":"https:\/\/www.diarioimagen.net\/index.php?rest_route=%2Fwp%2Fv2%2Fmedia&parent=553957"}],"wp:term":[{"taxonomy":"category","embeddable":true,"href":"https:\/\/www.diarioimagen.net\/index.php?rest_route=%2Fwp%2Fv2%2Fcategories&post=553957"},{"taxonomy":"post_tag","embeddable":true,"href":"https:\/\/www.diarioimagen.net\/index.php?rest_route=%2Fwp%2Fv2%2Ftags&post=553957"}],"curies":[{"name":"wp","href":"https:\/\/api.w.org\/{rel}","templated":true}]}}