{"id":553961,"date":"2022-07-20T00:04:05","date_gmt":"2022-07-20T05:04:05","guid":{"rendered":"https:\/\/www.diarioimagen.net\/?p=553961"},"modified":"2022-07-20T04:03:44","modified_gmt":"2022-07-20T09:03:44","slug":"tren-maya-seguridad-nacional","status":"publish","type":"post","link":"https:\/\/www.diarioimagen.net\/?p=553961","title":{"rendered":"Tren Maya, seguridad nacional"},"content":{"rendered":"<h2>Desde el portal<\/h2>\n<h5>\u00c1ngel Soriano<\/h5>\n<p>&nbsp;<\/p>\n<p>El presidente Andr\u00e9s Manuel L\u00f3pez Obrador dijo que por intereses corruptos no se detendr\u00e1 una obra prioritaria como es el Tren Maya, por lo que celebr\u00f3 el reinicio de las obras que causaba adem\u00e1s p\u00e9rdidas al erario al estar paradas las obras debido a los amparos que diversos grupos ecologistas interpusieron en contra de la mega obra.<\/p>\n<p>Sin duda que es necesario preservar la naturaleza, sobre todo en una vasta regi\u00f3n que ha permanecido inexplorada e inexplotada en el sureste del pa\u00eds, donde tambi\u00e9n habitan miles de compatriotas al margen de los avances de la ciencia y la tecnolog\u00eda, a consecuencia de las condiciones geogr\u00e1ficas que imposibilitan la comunicaci\u00f3n.<\/p>\n<p>Y todo permaneciera igual, si es que, desde hace d\u00e9cadas, no se impulsara el conocimiento y disfrute de verdaderos para\u00edsos que ofrece la naturaleza en la zona maya y para lo cual necesariamente se tuvo que abrir paso en medio de espesa selva para dar acceso a lo que ahora son miles de turistas de todo el mundo que llegan a la regi\u00f3n.<\/p>\n<p>En su \u00e9poca y en su oportunidad, los grupos ecologistas no exist\u00edan o no les interesaba la defensa del cuantioso patrimonio cultural y tur\u00edstico y, una vez que ha sido explorado y explotado y representa inmensas fortunas para los grandes corporativos, salen en su defensa. Lo importante es que haya un desarrollo equilibrado y no una oposici\u00f3n sistem\u00e1tica a lo oficial.<\/p>\n<p style=\"text-align: center;\"><strong>Turbulencias<br \/>\nInvasi\u00f3n de funciones<\/strong><\/p>\n<p>\u00a0La alcaldesa en Cuauht\u00e9moc, Sandra Cuevas, interpuso un recurso de revisi\u00f3n constitucional en contra de la jefa de gobierno de la CDMX, Claudia Sheinbaum Pardo, por lo que considera una invasi\u00f3n de funciones en detrimento de las alcald\u00edas al reglamentar la publicidad exterior que debe estar a cargo de esas demarcaciones. Independientemente de la violaci\u00f3n a la Constituci\u00f3n local y federal, la pugna entre ambas funcionarias va m\u00e1s all\u00e1 de lo legal y se enmarca en una lucha partidista y electoral que esperemos se beneficie la ciudad de M\u00e9xico y, sobre todo, se respeten los lineamientos en materia administrativa\u2026 El gobernador Alejandro Murat acudi\u00f3 a Palacio Nacional invitado por el presidente Andr\u00e9s Manuel L\u00f3pez Obrador a la ceremonia luctuosa del presidente Benito Ju\u00e1rez, hecho hist\u00f3rico que hace que la m\u00e1xima fiesta de los oaxaque\u00f1os, la Guelaguetza, que da inicio con la celebraci\u00f3n de la fiesta del Carmen, se posponga una semana m\u00e1s. En la capital del estado, el alcalde morenista Francisco Mart\u00ednez Neri sigue sin resolver el problema acumulado de la basura y ahora pide ayuda de los ciudadanos para hacerlo y en torno a \u00e9l se suman sus partidarios que, est\u00e1 bien, pero se debe considerar que para eso est\u00e1n las autoridades: para resolver los problemas de la comunidad y para que los ciudadanos se dediquen a sus propias actividades sin tener que resolver asuntos que competen a la autoridad\u2026 En Palacio Nacional se encontraron los principales contendientes por la candidatura presidencial: Ad\u00e1n Augusto L\u00f3pez Hern\u00e1ndez, Claudia Sheinbaum y Alejandro Murat. Seguramente el \u201ctapado\u201d no acudi\u00f3\u2026 La DEA presume de eficacia en la detenci\u00f3n de Rafael Caro Quintero, pero al paso que llevan, de tardar 30 a\u00f1os para capturarlo, no les alcanzar\u00e1 la vida para detener a tanto delincuente\u2026 Ya aplic\u00f3 el traslado de la SEP a Puebla, uno de los compromisos del presidente L\u00f3pez Obrador de propiciar la descentralizaci\u00f3n de la burocracia federal hacia la provincia, que resultaba pr\u00e1cticamente imposible. Es una vieja aspiraci\u00f3n que parece que ahora si va en serio, aunque los titulares de las dependencias federales se duda que se marchen a los estados, su presencia es fundamental en la ciudad de M\u00e9xico.<\/p>\n<p><u><a href=\"mailto:asorianocarrasco@yahoo.com\" target=\"_blank\" rel=\"noopener noreferrer\"><em>asorianocarrasco@yahoo.com<\/em><\/a><br \/>\n<em><a href=\"https:\/\/revistabrecha.com\" target=\"_blank\" rel=\"noopener noreferrer\">www.revistabrecha.com<\/a><br \/>\n<\/em><\/u><em>facebook oficial <a href=\"https:\/\/es-la.facebook.com\/RevistaBrecha.Oficial\" target=\"_blank\" rel=\"noopener\">@BrechaRevista<\/a><\/em><\/p>\n","protected":false},"excerpt":{"rendered":"<p><span style=\"color: #005497;\"><strong>\u00c1ngel Soriano<\/strong><\/span><\/p>\n","protected":false},"author":3,"featured_media":0,"comment_status":"open","ping_status":"open","sticky":false,"template":"","format":"standard","meta":{"_monsterinsights_skip_tracking":false,"_monsterinsights_sitenote_active":false,"_monsterinsights_sitenote_note":"","_monsterinsights_sitenote_category":0,"footnotes":""},"categories":[135],"tags":[85,86,43674],"class_list":["post-553961","post","type-post","status-publish","format-standard","hentry","category-angel-soriano-opinion","tag-angel-soriano","tag-desde-el-portal","tag-opinion"],"_links":{"self":[{"href":"https:\/\/www.diarioimagen.net\/index.php?rest_route=\/wp\/v2\/posts\/553961","targetHints":{"allow":["GET"]}}],"collection":[{"href":"https:\/\/www.diarioimagen.net\/index.php?rest_route=\/wp\/v2\/posts"}],"about":[{"href":"https:\/\/www.diarioimagen.net\/index.php?rest_route=\/wp\/v2\/types\/post"}],"author":[{"embeddable":true,"href":"https:\/\/www.diarioimagen.net\/index.php?rest_route=\/wp\/v2\/users\/3"}],"replies":[{"embeddable":true,"href":"https:\/\/www.diarioimagen.net\/index.php?rest_route=%2Fwp%2Fv2%2Fcomments&post=553961"}],"version-history":[{"count":0,"href":"https:\/\/www.diarioimagen.net\/index.php?rest_route=\/wp\/v2\/posts\/553961\/revisions"}],"wp:attachment":[{"href":"https:\/\/www.diarioimagen.net\/index.php?rest_route=%2Fwp%2Fv2%2Fmedia&parent=553961"}],"wp:term":[{"taxonomy":"category","embeddable":true,"href":"https:\/\/www.diarioimagen.net\/index.php?rest_route=%2Fwp%2Fv2%2Fcategories&post=553961"},{"taxonomy":"post_tag","embeddable":true,"href":"https:\/\/www.diarioimagen.net\/index.php?rest_route=%2Fwp%2Fv2%2Ftags&post=553961"}],"curies":[{"name":"wp","href":"https:\/\/api.w.org\/{rel}","templated":true}]}}