{"id":553963,"date":"2022-07-20T00:05:10","date_gmt":"2022-07-20T05:05:10","guid":{"rendered":"https:\/\/www.diarioimagen.net\/?p=553963"},"modified":"2022-07-20T04:04:37","modified_gmt":"2022-07-20T09:04:37","slug":"justos-por-pecadores","status":"publish","type":"post","link":"https:\/\/www.diarioimagen.net\/?p=553963","title":{"rendered":"\u00bfJustos por pecadores?"},"content":{"rendered":"<h2>Perfil de M\u00e9xico<\/h2>\n<h5>Armando R\u00edos Ruiz<\/h5>\n<p>&nbsp;<\/p>\n<p>A ra\u00edz de la reciente recaptura de Rafael Caro Quintero, por quien el gobierno de Estados Unidos ofreci\u00f3 20 millones de d\u00f3lares que ahora deber\u00e1 pagar a la perra que dicen, la logr\u00f3, demandan una verdadera cacer\u00eda de 17 capos m\u00e1s de la droga mexicana, debido a la exhibida protecci\u00f3n, reconocimiento y garant\u00edas en todo momento al gremio, que la 4T aporta para su seguridad<\/p>\n<p>A tal grado ha llegado esta conducta, que muchos mexicanos elucubran en el sentido de que el olfato del animal no es m\u00e1s que una invenci\u00f3n y que en realidad, el mismo gobierno lo entreg\u00f3, quiz\u00e1 como parte de una exigencia hecha en la oficina oval por el Presidente de Estados Unidos a su visitante. Es mera imaginaci\u00f3n acompa\u00f1ada tambi\u00e9n de mucha suspicacia.<\/p>\n<p>Pero los vecinos se quedar\u00e1n con las ganas de que gente del pueblo o siquiera un mexicano cualquiera, se atreva a dar la m\u00ednima pista de uno s\u00f3lo de los capos que aparecen en la lista. En los lugares que operan, suelen hacer grandes favores a los habitantes y por esa raz\u00f3n se entabla un agradecimiento que apaga la m\u00e1s sutil codicia. Adem\u00e1s, los correligionarios se encargan de investigar para dar con los soplones y las venganzas no se hacen esperar.<\/p>\n<p>Hace a\u00f1os propuse a don Renato Sales Gasque, procurador de Justicia del Distrito Federal, promover o volver a imponer la pena de muerte para los autores de determinados delitos y me dijo que no era posible por razones como que el Estado podr\u00eda equivocarse al juzgar y condenar a un inocente. Porque creaba \u00e9mulos, como ocurri\u00f3 en la Uni\u00f3n Americana cuando met\u00edan a la silla el\u00e9ctrica a un delincuente.<\/p>\n<p>Otros malhechores acud\u00edan a presenciar la ejecuci\u00f3n y ante la valent\u00eda demostrada por el sentenciado, experimentaban una admiraci\u00f3n que los empujaba a imitarlos. Otra raz\u00f3n que esgrim\u00eda consist\u00eda en que estaba demostrado que este castigo no disminu\u00eda el crimen. Discutimos cada punto, cada quien con sus razones y cada quien se qued\u00f3 con sus razones.<\/p>\n<p>En el caso de Caro Quintero, el gobierno de Estados Unidos lo quiere para enjuiciarlo e imponerle el castigo que considere adecuado, por la muerte de Enrique Camarena, agente de la DEA que investigaba todo lo relacionado con negocios de las drogas, durante muchos a\u00f1os. Como dec\u00eda don Renato, \u00bfno se equivocar\u00e1 la autoridad al juzgarlo por esos hechos, por cierto, muy cuestionados?<\/p>\n<p>\u00bfRealmente se trata de un chivo expiatorio, como muchos investigadores lo dijeron? \u00bfEs la v\u00edctima id\u00f3nea que hace casi 40 a\u00f1os, resultaba ideal para que otros quedaran impunes? En aquella \u00e9poca se habl\u00f3 del caso en este sentido y ahora, con la recaptura, el mismo personaje declar\u00f3 que dir\u00eda la verdad, llegado el momento.<\/p>\n<p>Sin embargo, las autoridades del norte no han dejado un espacio para sentenciarlo desde ahora, por un crimen que qued\u00f3 en entredicho. Ni siquiera existe la menor posibilidad de realizar una investigaci\u00f3n, menos cuando ha pasado demasiado tiempo y seguramente no hay posibilidades, a estas alturas, de volver a encontrar pistas seguras. Obviamente, el tiempo las ha borrado.<\/p>\n<p>Enrique Camarena, agente encubierto de la DEA, fue secuestrado despu\u00e9s de una visita a las oficinas del consulado de Estados Unidos en Guadalajara, por cinco sujetos que lo metieron en la cajuela de un autom\u00f3vil. D\u00edas despu\u00e9s fue localizado sin vida y con visibles huellas de tortura.<\/p>\n<p>Con Caro Quintero detenido, encerrado en un reclusorio, comenzaron a menudear las teor\u00edas de propios y extra\u00f1os. Aqu\u00ed muchos polic\u00edas sent\u00edan que no cuadraban algunas l\u00edneas en cuanto a la culpabilidad de Caro. Ex agentes de la agencia norteamericana coincidieron, al decir que Camarena se hab\u00eda convertido en doble agente y que inclusive participaba en negocios de la droga y que esta fue la verdadera raz\u00f3n por la que fue asesinado y se fragu\u00f3 la idea de inculpar a un capo que, por alguna raz\u00f3n, fue seleccionado para cargarle el gran pecado.<\/p>\n<p>Se habl\u00f3 inclusive de un c\u00f3nclave en el que participaron jefes polic\u00edacos, altos militares y funcionarios del gobierno de mucho peso. Se conoci\u00f3 que celebraron una reuni\u00f3n en un lugar de Guadalajara, en donde se determin\u00f3, asimismo, sentenciarlo antes de haber sido capturado y sometido a juicio por la autoridad competente. Hoy, los 20 millones de d\u00f3lares ofrecidos por su captura fueron desde\u00f1ados por quienes sab\u00edan de sus andanzas.<\/p>\n<p>Ahora tambi\u00e9n se tas\u00f3 una oferta de 95 millones de d\u00f3lares por otros capos, que seguramente no har\u00e1n ninguna mella en la conciencia de nadie.<\/p>\n<p><a href=\"mailto:ariosruiz@gmail.com\" target=\"_blank\" rel=\"noopener noreferrer\"><em>ariosruiz@gmail.com<\/em><\/a><\/p>\n","protected":false},"excerpt":{"rendered":"<p><span style=\"color: #005497;\"><strong>Armando R\u00edos Ruiz<\/strong><\/span><\/p>\n","protected":false},"author":3,"featured_media":0,"comment_status":"open","ping_status":"open","sticky":false,"template":"","format":"standard","meta":{"_monsterinsights_skip_tracking":false,"_monsterinsights_sitenote_active":false,"_monsterinsights_sitenote_note":"","_monsterinsights_sitenote_category":0,"footnotes":""},"categories":[88405],"tags":[88407,43674,91193],"class_list":["post-553963","post","type-post","status-publish","format-standard","hentry","category-armando-rios-ruiz","tag-armando-rios-ruiz","tag-opinion","tag-perfil-de-mexico"],"_links":{"self":[{"href":"https:\/\/www.diarioimagen.net\/index.php?rest_route=\/wp\/v2\/posts\/553963","targetHints":{"allow":["GET"]}}],"collection":[{"href":"https:\/\/www.diarioimagen.net\/index.php?rest_route=\/wp\/v2\/posts"}],"about":[{"href":"https:\/\/www.diarioimagen.net\/index.php?rest_route=\/wp\/v2\/types\/post"}],"author":[{"embeddable":true,"href":"https:\/\/www.diarioimagen.net\/index.php?rest_route=\/wp\/v2\/users\/3"}],"replies":[{"embeddable":true,"href":"https:\/\/www.diarioimagen.net\/index.php?rest_route=%2Fwp%2Fv2%2Fcomments&post=553963"}],"version-history":[{"count":0,"href":"https:\/\/www.diarioimagen.net\/index.php?rest_route=\/wp\/v2\/posts\/553963\/revisions"}],"wp:attachment":[{"href":"https:\/\/www.diarioimagen.net\/index.php?rest_route=%2Fwp%2Fv2%2Fmedia&parent=553963"}],"wp:term":[{"taxonomy":"category","embeddable":true,"href":"https:\/\/www.diarioimagen.net\/index.php?rest_route=%2Fwp%2Fv2%2Fcategories&post=553963"},{"taxonomy":"post_tag","embeddable":true,"href":"https:\/\/www.diarioimagen.net\/index.php?rest_route=%2Fwp%2Fv2%2Ftags&post=553963"}],"curies":[{"name":"wp","href":"https:\/\/api.w.org\/{rel}","templated":true}]}}