{"id":553966,"date":"2022-07-20T00:08:37","date_gmt":"2022-07-20T05:08:37","guid":{"rendered":"https:\/\/www.diarioimagen.net\/?p=553966"},"modified":"2022-07-20T04:08:29","modified_gmt":"2022-07-20T09:08:29","slug":"en-la-oposicion-seguiran-con-lo-mismo","status":"publish","type":"post","link":"https:\/\/www.diarioimagen.net\/?p=553966","title":{"rendered":"En la oposici\u00f3n, \u00bfseguir\u00e1n con lo mismo?"},"content":{"rendered":"<h2>Punto por punto<\/h2>\n<h5>Augusto Corro<\/h5>\n<p>&nbsp;<\/p>\n<p>Tarde o temprano surgir\u00e1n las inconformidades en los partidos pol\u00edticos opositores al lopezobradorismo.<\/p>\n<p>La alianza de oposici\u00f3n integrada por PAN, PRI y PRD tendr\u00e1n que revisar su t\u00e1ctica pol\u00edtica.<\/p>\n<p>Concretamente buscar\u00e1n que de sus filas partidistas surja el candidato presidencial que los represente en el 2024. Ser\u00e1 en este punto, en el que podr\u00edan surgir los cuestionamientos que propicien una divisi\u00f3n.<\/p>\n<p>Sin duda, ser\u00e1 Acci\u00f3n Nacional quien estar\u00e1 en condiciones m\u00e1s propicias para designar al aspirante presidencial opositor.<\/p>\n<p>A pesar de sus pugnas internas, el blanquiazul refleja mayor fortaleza pol\u00edtica por encima del Partido Revolucionario Institucional (PRI) y Partido de la Revoluci\u00f3n Democr\u00e1tica (PRD). Objetivamente, la organizaci\u00f3n pol\u00edtica panista, igual que la priista y perredista, est\u00e1n en la lona, pero la primera es la menos d\u00e9bil.<\/p>\n<p>En esas condiciones, los blanquiazules tratar\u00e1n de ganar las principales designaciones de sus militantes en las contiendas electorales que vienen en 2023, en Coahuila y Estado de M\u00e9xico (Edomex); as\u00ed como en la Ciudad de M\u00e9xico y presidencial en el 2024.<\/p>\n<p>En Coahuila no habr\u00e1 problema en la designaci\u00f3n del aspirante a la gubernatura. Ser\u00e1 un priista el candidato. Se trata de una entidad que dominaba el tricolor.<\/p>\n<p>Sin embargo, en el caso del Edomex, la situaci\u00f3n es diferente. Aunque el Revolucionario Institucional gobern\u00f3 por d\u00e9cadas, en el presente, el partido Morena est\u00e1 en condiciones de pelear y ganar la plaza.\u00a0 Habr\u00e1 que saber la decisi\u00f3n de los panistas que tienen a Enrique Vargas del Villar con posibilidades de hacer un buen papel.<\/p>\n<p>Como se\u00f1alamos, el Edomex (la joya de la corona) ser\u00e1 objeto de una atenci\u00f3n desmedida por parte de las organizaciones pol\u00edticos, porque le representa un punto importante al que gane la plaza, por su ubicaci\u00f3n geogr\u00e1fica y por el n\u00famero de electores.<\/p>\n<p>Los tricolores por la simple tradici\u00f3n luchar\u00e1n por representar a la coalici\u00f3n Va por M\u00e9xico, de no lograrlo, podr\u00edan hacerlo por separado, con el debilitamiento de la unidad partidista.<\/p>\n<p>La coalici\u00f3n opositora tampoco la ver\u00e1 f\u00e1cil para designar a su representante para las elecciones capitalinas.<\/p>\n<p>De entrada, la alianza opositora deber\u00e1 buscar un aspirante pol\u00edtico que cumpla con los requisitos de prospecto excelente para la competencia.\u00a0 Ahora, ese candidato o candidata no existe como tal. Hay pol\u00edticos que quieren ser los afortunados, pero est\u00e1n muy lejos de lograrlo.<\/p>\n<p>Por ejemplo, la panista X\u00f3chitl G\u00e1lvez suena para candidata al gobierno capitalino; pero tiene que ofrecer.\u00a0 Es tal la pobreza de \u201ccorcholatas\u201d en la oposici\u00f3n, que hasta Margarita Zavala, la esposa de Felipe Calder\u00f3n, es nombrada ya como una candidata para participar en las elecciones presidenciales.\u00a0 Ya prob\u00f3 en los comicios de 2018 el rechazo del electorado. Su candidatura independiente no le rindi\u00f3 frutos.<\/p>\n<p>En ese nivel pol\u00edtico, PRI y PRD sufren el mismo problema. En el Revolucionario Institucional, Enrique de la Madrid dijo que \u00e9l quiere participar como candidato presidencial.<\/p>\n<p>En la misma situaci\u00f3n est\u00e1 el gobernador de Oaxaca, Alejandro Moreno, de extracci\u00f3n priista, entregado completamente al obradorismo.<\/p>\n<p>Mientras llega el momento de las determinaciones importantes, los l\u00edderes panistas, priistas y perredistas no dejan de expresar sus simpat\u00edas por probables candidatos.<\/p>\n<p>El coordinador de Morena en el Senado, Ricardo Monreal, agradeci\u00f3 las palabras del dirigente del PRD, Jes\u00fas Zambrano, de no descartarlo como candidato presidencial de la oposici\u00f3n.\u00a0 Dijo el legislador zacatecano seguir firme en luchar en Morena para ese cargo (la candidatura presidencial), por lo que tambi\u00e9n rechaz\u00f3 aceptar la propuesta de \u201cconsolaci\u00f3n\u201d para ser el jefe de Gobierno de la Ciudad de M\u00e9xico. Por otra parte, en el ajedrez pol\u00edtico se mueven las piezas sin sobresaltos ni sustos.<\/p>\n<p>El partido Movimiento Ciudadano no ata ni desata, su \u00faltimo triunfo que signific\u00f3 la gubernatura de Nuevo Le\u00f3n, est\u00e1 lleno de problemas, entre otros la escasez de agua y la capacidad nula para la aplicaci\u00f3n de la justicia.<\/p>\n<p>El \u00fanico que aparece en los \u00faltimos lugares de las encuestas, es el presidente municipal de Monterrey, Luis Donaldo Colosio, de MC, que pretenden hacerlo presidenciable.<\/p>\n<p>Finalmente, las encuestas muestran un empate entre las corcholatas morenistas Claudia Sheinbaum, jefa del Gobierno de la Ciudad de M\u00e9xico y Marcelo Ebrard, secretario de Relaciones Exteriores.<\/p>\n<p>\u00bfUsted qu\u00e9 opina amable lector?<\/p>\n<p><a href=\"mailto:aco2742@hotmail.com\" target=\"_blank\" rel=\"noopener noreferrer\"><em>aco2742@hotmail.com<\/em><\/a><\/p>\n","protected":false},"excerpt":{"rendered":"<p><span style=\"color: #005497;\"><strong>Augusto Corro<\/strong><\/span><\/p>\n","protected":false},"author":3,"featured_media":0,"comment_status":"open","ping_status":"open","sticky":false,"template":"","format":"standard","meta":{"_monsterinsights_skip_tracking":false,"_monsterinsights_sitenote_active":false,"_monsterinsights_sitenote_note":"","_monsterinsights_sitenote_category":0,"footnotes":""},"categories":[157],"tags":[43686,11515],"class_list":["post-553966","post","type-post","status-publish","format-standard","hentry","category-augusto-corro","tag-augusto-corro","tag-punto-por-punto"],"_links":{"self":[{"href":"https:\/\/www.diarioimagen.net\/index.php?rest_route=\/wp\/v2\/posts\/553966","targetHints":{"allow":["GET"]}}],"collection":[{"href":"https:\/\/www.diarioimagen.net\/index.php?rest_route=\/wp\/v2\/posts"}],"about":[{"href":"https:\/\/www.diarioimagen.net\/index.php?rest_route=\/wp\/v2\/types\/post"}],"author":[{"embeddable":true,"href":"https:\/\/www.diarioimagen.net\/index.php?rest_route=\/wp\/v2\/users\/3"}],"replies":[{"embeddable":true,"href":"https:\/\/www.diarioimagen.net\/index.php?rest_route=%2Fwp%2Fv2%2Fcomments&post=553966"}],"version-history":[{"count":0,"href":"https:\/\/www.diarioimagen.net\/index.php?rest_route=\/wp\/v2\/posts\/553966\/revisions"}],"wp:attachment":[{"href":"https:\/\/www.diarioimagen.net\/index.php?rest_route=%2Fwp%2Fv2%2Fmedia&parent=553966"}],"wp:term":[{"taxonomy":"category","embeddable":true,"href":"https:\/\/www.diarioimagen.net\/index.php?rest_route=%2Fwp%2Fv2%2Fcategories&post=553966"},{"taxonomy":"post_tag","embeddable":true,"href":"https:\/\/www.diarioimagen.net\/index.php?rest_route=%2Fwp%2Fv2%2Ftags&post=553966"}],"curies":[{"name":"wp","href":"https:\/\/api.w.org\/{rel}","templated":true}]}}