{"id":553976,"date":"2022-07-20T00:07:10","date_gmt":"2022-07-20T05:07:10","guid":{"rendered":"https:\/\/www.diarioimagen.net\/?p=553976"},"modified":"2022-07-21T04:48:40","modified_gmt":"2022-07-21T09:48:40","slug":"el-tribunal-electoral-previene-a-morena-no-mas-actos-anticipados-de-campana","status":"publish","type":"post","link":"https:\/\/www.diarioimagen.net\/?p=553976","title":{"rendered":"El Tribunal Electoral previene a Morena: no m\u00e1s actos anticipados de campa\u00f1a"},"content":{"rendered":"<h2>Clase Pol\u00edtica<\/h2>\n<h5>Miguel \u00c1ngel Rivera<\/h5>\n<p>&nbsp;<\/p>\n<p>Al igual que lo hicieron antes los consejeros del Instituto Nacional Electoral (INE), los magistrados del Tribunal Electoral del Poder Judicial de la Federaci\u00f3n (TEPJF) ratificaron que no temen a la ira de Morena y sat\u00e9lites.<\/p>\n<p>Esto porque, por mayor\u00eda de votos, el pleno de la Sala Superior del TEPJF confirm\u00f3 la decisi\u00f3n del INE de prohibir a Morena y servidores p\u00fablicos miembros de este partido realizar y\/o participar en asambleas como la del pasado 26 de junio, en Coahuila, por considerar \u201cque podr\u00eda generar un riesgo inminente a los principios que rigen los comicios\u201d.<\/p>\n<p>A propuesta del magistrado Felipe de la Mata Piza\u00f1a, la Sala Superior confirm\u00f3 las medidas cautelares por lo que hace a Claudia Sheinbaum Pardo, jefa de Gobierno de la Ciudad de M\u00e9xico; Ad\u00e1n Augusto L\u00f3pez Hern\u00e1ndez, secretario de Gobernaci\u00f3n; Ricardo Monreal \u00c1vila, coordinador de los senadores de Morena; Mois\u00e9s Ignacio Mier Velazco, coordinador de los diputados federales del mismo partido oficial; Aleida Alavez Ru\u00edz, diputada federal; Evelyn Salgado Pineda, gobernadora de Guerrero, y Mario Mart\u00edn Delgado Carrillo, presidente nacional de Morena, quienes participaron de forma activa en el evento motivo de la queja presentada por el PRD.<\/p>\n<p>La queja del PRD se debi\u00f3 a presuntos actos anticipados de campa\u00f1a de quienes son se\u00f1alados como aspirantes a la contienda presidencial de 2024, as\u00ed como de las elecciones locales en 2023 en Coahuila y en el Estado de M\u00e9xico.<\/p>\n<p>El antecedente es una resoluci\u00f3n del INE del 5 de julio pasado del INE, por la cual los consejeros electorales aprobaron una \u201ctutela preventiva\u201d frente al riesgo de repetici\u00f3n de este tipo de actos, a los cuales calificaron como posiblemente il\u00edcitos y parte de una estrategia proselitista adelantada.<\/p>\n<p>En consecuencia, este martes, con los votos en contra de la magistrada M\u00f3nica Aral\u00ed Soto Fregoso y de los magistrados Felipe Alfredo Fuentes Barrera y Jos\u00e9 Luis Vargas Valdez, la Sala Superior confirm\u00f3 parcialmente el acuerdo dictado por la Comisi\u00f3n de Quejas y Denuncias del INE en el que orden\u00f3 a los dirigentes y precandidatos \u201cmorenos\u201d abstenerse de organizar, convocar y realizar eventos proselitistas iguales o similares a los celebrados el 12 y 26 de junio en el Estado de M\u00e9xico y Coahuila.<\/p>\n<p>Como se aprecia, los magistrados electorales incluyeron en la lista de los funcionarios advertidos de no realizar actos anticipados de campa\u00f1a incluye a dos de las \u201ccorcholatas\u201d del presidente Andr\u00e9s Manuel L\u00f3pez Obrador, el secretario de Gobernaci\u00f3n, Ad\u00e1n Augusto L\u00f3pez Hern\u00e1ndez, y la jefa de Gobierno de la Ciudad de M\u00e9xico, Claudia Sheinbaum Pardo, as\u00ed como una \u201cno corcholata\u201d, el coordinador de los senadores de Morena, Ricardo Monreal \u00c1vila, quien fue invitado a Coahuila, luego de ser excluido de la primera asamblea, efectuada en la plaza principal de Toluca. Por el contrario, el tercer \u201ccorcholata\u201d, el secretario de Relaciones Exteriores, Marcelo Ebrard, no estuvo en Coahuila, contagiado de Covid, pero no puede considerarse excluido de la advertencia de los consejeros y magistrados electorales.<\/p>\n<p>En este sentido se debe tener en cuenta que el proceso electoral de 2024, en el que estar\u00e1 en juego la Presidencia de la Rep\u00fablica, iniciar\u00e1 hasta septiembre de 2023, es decir luego de que concluyan las elecciones en Estado de M\u00e9xico y Coahuila, de los cuales tampoco se ha lanzado a\u00fan la convocatoria.<\/p>\n<p>En este sentido se debe tener en cuenta que el proceso electoral de 2024, en el que estar\u00e1 en juego la Presidencia de la Rep\u00fablica, iniciar\u00e1 hasta septiembre del 2023, es decir luego de que concluyan las elecciones en Estado de M\u00e9xico y Coahuila, de los cuales tampoco se ha lanzado a\u00fan la convocatoria.<\/p>\n<p style=\"text-align: center;\"><strong>Por actos anticipados de campa\u00f1a,<br \/>\nlos candidatos pueden perder su registro<\/strong><\/p>\n<p>Realizar actos anticipados de campa\u00f1a no es un asunto menor, de acuerdo con art\u00edculo 456 de la Ley General de Instituciones y Procedimientos Electorales establece que \u201clas personas aspirantes, precandidatas o candidatas a cargos de elecci\u00f3n popular\u201d que incurran en tal clase de faltas podr\u00e1n ser sancionadas con: \u201cI.- Con amonestaci\u00f3n p\u00fablica; II.- Con multa de hasta cinco mil d\u00edas de salario m\u00ednimo general vigente para el Distrito Federal, y III.- Con la p\u00e9rdida del derecho del precandidato infractor a ser registrado como candidato o, en su caso, si ya est\u00e1 hecho el registro, con la cancelaci\u00f3n del mismo. Cuando las infracciones cometidas por aspirantes o precandidatos a cargos de elecci\u00f3n popular, cuando sean imputables exclusivamente a aqu\u00e9llos, no proceder\u00e1 sanci\u00f3n alguna en contra del partido pol\u00edtico de que se trate. Cuando el precandidato resulte electo en el proceso interno, el partido pol\u00edtico no podr\u00e1 registrarlo como candidato\u201d.<\/p>\n<p>Aunque los consejeros y magistrados electorales han demostrado su compromiso con hacer cumplir la ley, se considera muy dif\u00edcil que, en caso de reincidencia, quien resulte nominado candidato presidencial del partido oficial pueda llegar a ser sancionado con la p\u00e9rdida de su registro. Ya se tiene antecedentes, por la cancelaci\u00f3n del registro a los candidatos \u201cmorenos\u201d a los gobiernos de Guerrero, F\u00e9lix Salgado Macedonio, y de Michoac\u00e1n, Ra\u00fal Mor\u00f3n, pero las reacciones fueron intensas, por lo cual se estima muy poco probable que ocurra algo semejante en la lucha por la Presidencia de la Rep\u00fablica.<\/p>\n<p>Lo que s\u00ed, esta mera posibilidad lleva a otro tema de fondo, la embestida que ha lanzado desde hace tiempo la llamada Cuarta Transformaci\u00f3n, encabezada por el presidente L\u00f3pez Obrador, en contra del INE y del TEPJF, al grado que est\u00e1 pendiente de dictamen en la C\u00e1mara de Diputados una iniciativa presidencial para transformar esos organismos, encaminada fundamentalmente a deshacerse de consejeros y magistrados inc\u00f3modos.<\/p>\n<p>La propuesta de L\u00f3pez Obrador de reforma electoral tiene pocos visos de ser aprobada, pues el Bloque Opositor \u2014integrado por PAN, PRI y PRD\u2014 ha dicho que no la dejar\u00e1 pasar. Esa coalici\u00f3n, a la que eventualmente se suman los votos de MC, no suma la mayor\u00eda para imponer sus propuestas, pero s\u00ed tiene el n\u00famero suficiente de legisladores para evitar cualquier reforma constitucional.<\/p>\n<p>En tanto, el dirigente formal de Morena, Mario Delgado Carrillo, ha negado las acusaciones de actos anticipados de campa\u00f1a. Asegur\u00f3 que su partido respeta la ley, por lo que los actos de Coahuila y el Estado de M\u00e9xico no pueden ser considerados como tales.<\/p>\n<p>Delgado inclusive aprovech\u00f3 para burlarse de la oposici\u00f3n, pues indic\u00f3 que no tienen capacidad para organizar eventos semejantes ni tienen figuras para poder competir por la Presidencia de la Rep\u00fablica.<\/p>\n<p style=\"text-align: center;\"><strong>La \u00fanica posibilidad de avance es la negociaci\u00f3n<\/strong><\/p>\n<p>Aunque figuras de Morena como el senador Monreal han advertido que la \u00fanica forma de concretar las reformas que desea la llamada Cuarta Transformaci\u00f3n es negociar con la oposici\u00f3n, la \u201cl\u00ednea dura\u201d del partido guinda se mantiene en la confrontaci\u00f3n.<\/p>\n<p>Como parte de ese enfrentamiento, en la C\u00e1mara de Diputados, los legisladores de Morena y sus r\u00e9moras del PT y PVEM no se han presentado a las reuniones de trabajo de la Comisi\u00f3n de Gobernaci\u00f3n, la cual preside el tambi\u00e9n presidente del PRI, Alejandro \u201cAlito\u201d Moreno C\u00e1rdenas, quien adem\u00e1s resiente una embestida de parte de la gobernadora ex priista de Campeche, Layda Sansores, quien durante varias semanas difundi\u00f3 grabaciones ilegales de conversaciones telef\u00f3nicas de dirigente del tricolor, con presuntas revelaciones de actos ilegales.<\/p>\n<p>Acompa\u00f1ado del coordinador de la bancada de su partido en San L\u00e1zaro, Rub\u00e9n Moreira, el presidente del PRI critic\u00f3 a la fracci\u00f3n mayoritaria de incumplir su quehacer legislativo y de no trabajar para los mexicanos. Asegur\u00f3 que la comisi\u00f3n legislativa que preside mantiene las puertas abiertas para cumplir los compromisos que se tienen ante los mexicanos, sin importar las diferencias entre colores partidistas.<\/p>\n<p>\u201cEn nosotros no existe ning\u00fan obst\u00e1culo que impida cumplir el mandato de la ciudadan\u00eda, porque hoy los ciudadanos nos exigen resultados, respuestas, para que juntos podamos construir un gran pa\u00eds\u201d, declar\u00f3 Moreno.<\/p>\n<p>En cambio, \u201cAlito\u201d tuvo una buena noticia: el Juzgado D\u00e9cimo Sexto de Distrito en Materia Administrativa en la Ciudad de M\u00e9xico admiti\u00f3 a tr\u00e1mite el juicio de amparo que promovi\u00f3 para impedir que Layda Sansores contin\u00fae con sus denuncias.<\/p>\n<p><em><a href=\"mailto:riparcangel@hotmail.com\" target=\"_blank\" rel=\"noopener noreferrer\">riparcangel@hotmail.com<\/a><\/em><\/p>\n","protected":false},"excerpt":{"rendered":"<p><span style=\"color: #005497;\"><strong>Miguel \u00c1ngel Rivera<\/strong><\/span<\/span><\/p>\n","protected":false},"author":3,"featured_media":0,"comment_status":"open","ping_status":"open","sticky":false,"template":"","format":"standard","meta":{"_monsterinsights_skip_tracking":false,"_monsterinsights_sitenote_active":false,"_monsterinsights_sitenote_note":"","_monsterinsights_sitenote_category":0,"footnotes":""},"categories":[84119],"tags":[84120,84121,43674],"class_list":["post-553976","post","type-post","status-publish","format-standard","hentry","category-miguel-angel-rivera","tag-clase-politica","tag-miguel-angel-rivera","tag-opinion"],"_links":{"self":[{"href":"https:\/\/www.diarioimagen.net\/index.php?rest_route=\/wp\/v2\/posts\/553976","targetHints":{"allow":["GET"]}}],"collection":[{"href":"https:\/\/www.diarioimagen.net\/index.php?rest_route=\/wp\/v2\/posts"}],"about":[{"href":"https:\/\/www.diarioimagen.net\/index.php?rest_route=\/wp\/v2\/types\/post"}],"author":[{"embeddable":true,"href":"https:\/\/www.diarioimagen.net\/index.php?rest_route=\/wp\/v2\/users\/3"}],"replies":[{"embeddable":true,"href":"https:\/\/www.diarioimagen.net\/index.php?rest_route=%2Fwp%2Fv2%2Fcomments&post=553976"}],"version-history":[{"count":0,"href":"https:\/\/www.diarioimagen.net\/index.php?rest_route=\/wp\/v2\/posts\/553976\/revisions"}],"wp:attachment":[{"href":"https:\/\/www.diarioimagen.net\/index.php?rest_route=%2Fwp%2Fv2%2Fmedia&parent=553976"}],"wp:term":[{"taxonomy":"category","embeddable":true,"href":"https:\/\/www.diarioimagen.net\/index.php?rest_route=%2Fwp%2Fv2%2Fcategories&post=553976"},{"taxonomy":"post_tag","embeddable":true,"href":"https:\/\/www.diarioimagen.net\/index.php?rest_route=%2Fwp%2Fv2%2Ftags&post=553976"}],"curies":[{"name":"wp","href":"https:\/\/api.w.org\/{rel}","templated":true}]}}