{"id":553985,"date":"2022-07-20T00:09:07","date_gmt":"2022-07-20T05:09:07","guid":{"rendered":"https:\/\/www.diarioimagen.net\/?p=553985"},"modified":"2022-07-20T04:24:10","modified_gmt":"2022-07-20T09:24:10","slug":"apocalipticas-sequias-azotan-al-pais","status":"publish","type":"post","link":"https:\/\/www.diarioimagen.net\/?p=553985","title":{"rendered":"Apocal\u00edpticas sequ\u00edas azotan al pa\u00eds"},"content":{"rendered":"<h2>Poder y dinero<\/h2>\n<h5>V\u00edctor S\u00e1nchez Ba\u00f1os<\/h5>\n<p>&nbsp;<\/p>\n<ul>\n<li><em><strong>No hay agua suficiente en el norte del pa\u00eds<\/strong><\/em><\/li>\n<li><em><strong>Son Estados que no est\u00e1n en el coraz\u00f3n de AMLO<\/strong><\/em><\/li>\n<li><em><strong>Pleitos entre Coahuila y Nuevo Le\u00f3n<\/strong><\/em><\/li>\n<li><em><strong>BC, BCS, Sonora y Tamaulipas, en crisis<\/strong><\/em><\/li>\n<li><em><strong>Grandes ciudades carecen de agua<\/strong><\/em><\/li>\n<li><em><strong>Crisis sociales ante gobiernos pasmados<\/strong><\/em><\/li>\n<li><em><strong>Del discurso pol\u00edtico a migrantes, \u00a1nada!<\/strong><\/em><\/li>\n<li><em><strong>Ecolab, visi\u00f3n ecol\u00f3gica<\/strong><\/em><\/li>\n<\/ul>\n<p>&nbsp;<\/p>\n<p style=\"text-align: right;\"><em>La clave de la educaci\u00f3n no es ense\u00f1ar, es despertar<br \/>\n<\/em><strong>Ernest Renan<\/strong> (1823-1892), escritor franc\u00e9s<\/p>\n<p>&nbsp;<\/p>\n<p>Para el gobierno mexicano, los cambios clim\u00e1ticos no est\u00e1n en la agenda pol\u00edtica; m\u00e1s bien dicho, en la agenda electoral. Para la Cuarta Transformaci\u00f3n, lo que importa es la pr\u00f3xima elecci\u00f3n y, muy en especial, la de 2024.<\/p>\n<p>Por ello, a pesar que sus propios \u00f3rganos burocr\u00e1ticos alertan sobre una sequ\u00eda que rompe esquemas hist\u00f3ricos, no hacen absolutamente nada para enfrentar los efectos del cambio clim\u00e1tico.<\/p>\n<p>Aunque no es un problema \u00fanicamente de nuestro gobierno \u201csocialista\u201d, ya que est\u00e1 generalizado en materialmente todo el mundo, no podemos permitir que un mal de todos sea nuestra conformista postura ante una amenaza del medio ambiente.<\/p>\n<p>En la historia moderna, nunca como ahora se hab\u00edan evidenciado s\u00edntomas de un cambio clim\u00e1tico dr\u00e1stico. Las altas temperaturas que se registran en pa\u00edses que estaban acostumbrados al fr\u00edo; el desprendimiento de enormes, gigantescos, bloques de hielo en los polos, poderosas tormentas de arena en los desiertos, as\u00ed como m\u00e1s poderosos ciclones, tifones y huracanes, nos hacen ver, a los seres humanos, como vulnerables ante lo que pueda ocurrir en el futuro mediato.<\/p>\n<p>Todo esto te lo platico estimado lector, luego de ver en territorio nacional que estados como Baja California, Baja California Sur, Yucat\u00e1n, Quintana Roo, Campeche, Veracruz, Tamaulipas, Chihuahua, Sonora, Coahuila y Nuevo Le\u00f3n, tienen temperaturas que han sido r\u00e9cord nacional. Llegan a superar los 50 grados celsius.<\/p>\n<p>Aunado a ello, vienen problemas de sequ\u00eda que han matado miles de cabezas de ganado, as\u00ed como la falta de agua potable para el consumo humano en las grandes ciudades.<\/p>\n<p>Ante ello, los gobiernos estatales como el federal, no tienen ni la menor idea de lo que deben hacer frente a esa amenaza de muerte. No saben si enviar camiones tanque para surtir agua a los m\u00e1s necesitados.<\/p>\n<p>Como sociedad, algunos de sus miembros apoyan enviando botellas con agua; otros s\u00f3lo le ruegan a Dios que venga un milagro. Apenas vamos en los inicios del verano y a\u00fan puede agravarse.<\/p>\n<p>Desafortunadamente encontramos a gobernantes que no est\u00e1n preparados y, lo peor de las cosas, no se asesoran de especialistas.<\/p>\n<p>En un entorno de esas condiciones, simplemente encontramos un futuro poco prometedor.<\/p>\n<p>Quiz\u00e1 este a\u00f1o sea menos peor que el pr\u00f3ximo, por lo que necesitamos prepararnos ante lo que nos depara el futuro.<\/p>\n<p>Establecer protocolos de ayuda a la poblaci\u00f3n y a sus animales, para evitar deshidrataci\u00f3n o muerte; el cuidado del agua en los grandes centros poblacionales; el recuperar el agua de lluvia; establecer en centros de poca agua potable, potabilizadoras y desalinizadoras; hacer mancuerna con empresas de alto consumo de agua como cerveceras, refresqueras, entre muchas m\u00e1s, para recuperar y, en caso de emergencia, devolverla a la poblaci\u00f3n.<\/p>\n<p>En el campo, es otra historia de gran relevancia. \u00bfC\u00f3mo hacer que no se pierdan cosechas o siembras por sequ\u00edas? Hay mecanismos usados en Israel y otras naciones que son un \u00e9xito en los desiertos de \u00c1frica y Oriente Medio. Pues a aprender de ellos. Invertir en tecnolog\u00eda.<\/p>\n<p>El presupuesto debe usarse para eso. No para que los pol\u00edticos encumbrados se mantengan en el poder. Se necesita que el dinero que todos aportamos a trav\u00e9s de impuestos, sea para salvar vidas, dar bienestar y preparar generaciones para el futuro.<\/p>\n<p>Los pleitos por el agua de presas entre Coahuila, Tamaulipas y Nuevo Le\u00f3n, est\u00e1n que arden y pueden generar violencia. Claro, el norte del pa\u00eds no est\u00e1 en el coraz\u00f3n de L\u00f3pez Obrador. Para \u00e9l s\u00f3lo existe el sureste (Tabasco, Campeche y Chiapas).<\/p>\n<p>Lo que vemos en los gobernantes mexicanos y de otras naciones de la regi\u00f3n es una clase pol\u00edtica corta de miras, sin talento, ni preparaci\u00f3n. Un apocal\u00edptico panorama para los mexicanos.<\/p>\n<p style=\"text-align: center;\"><strong>PODEROSOS CABALLEROS<\/strong><\/p>\n<p><strong>MIGRACI\u00d3N, S\u00d3LO EN EL DISCURSO POL\u00cdTICO:<\/strong> El fen\u00f3meno de la migraci\u00f3n ilegal de connacionales en la frontera es s\u00f3lo un tema del discurso pol\u00edtico, que no aterriza en la realidad de millones de mexicanos. Hoy, s\u00f3lo son un bot\u00edn que quieren atrapar pol\u00edticos mexicanos y estadounidenses con fines electorales. El tama\u00f1o del problema, para los mexicanos, se ve en la actitud del gobierno dem\u00f3crata de Joe Biden, que tan s\u00f3lo en marzo de este a\u00f1o detuvieron a 87 mil 388 migrantes mexicanos; adem\u00e1s de que en el primer trimestre aumentaron las detenciones 48.7%. Andr\u00e9s Manuel L\u00f3pez Obrador, y el de Estados Unidos, Joe Biden, sostuvieron un encuentro bilateral en Washington donde trataron el tema y dijeron que invertir\u00e1n 1,500 millones de d\u00f3lares para generar bienestar en los pa\u00edses generadores de migrantes. Esto es puro bla, bla, bla. El mismo discurso de otros gobiernos y el mismo resultado: nada.<\/p>\n<p style=\"text-align: center;\"><strong>RESPONSABILIDAD SOCIAL CORPORATIVA<\/strong><\/p>\n<p><strong>ECOLAB:<\/strong> El fomento de la econom\u00eda responsable es un imperativo para Ecolab, empresa que presta soluciones de agua, higiene y prevenci\u00f3n de infecciones, que en Am\u00e9rica Latina Norte lidera Tony Sarraf, en 2024 trabajar\u00e1 con 70% de sus proveedores en todo el mundo para establecer objetivos claros y transparentes en torno a la reducci\u00f3n de su huella de carbono, consumo de energ\u00eda y del l\u00edquido, con lo que lograr\u00e1n reducir 90% de sus emisiones de gases de efecto invernadero y una establecer una cadena de valor cero emisiones netas hacia 2050.<\/p>\n<p><em><a href=\"http:\/\/poderydinero.mx\/\" target=\"_blank\" rel=\"noopener\">poderydinero.mx<\/a><br \/>\n<\/em><em><a href=\"mailto:vsb@poderydinero.mx\" target=\"_blank\" rel=\"noopener noreferrer\">vsb@poderydinero.mx<\/a><br \/>\n<\/em><em><a href=\"https:\/\/twitter.com\/vsanchezbanos\" target=\"_blank\" rel=\"noopener noreferrer\">@vsanchezbanos<\/a><\/em><\/p>\n","protected":false},"excerpt":{"rendered":"<p><span style=\"color: #005497;\"><strong>V\u00edctor S\u00e1nchez Ba\u00f1os<\/strong><\/span><\/p>\n","protected":false},"author":3,"featured_media":0,"comment_status":"open","ping_status":"open","sticky":false,"template":"","format":"standard","meta":{"_monsterinsights_skip_tracking":false,"_monsterinsights_sitenote_active":false,"_monsterinsights_sitenote_note":"","_monsterinsights_sitenote_category":0,"footnotes":""},"categories":[38844],"tags":[43674,38847,38848],"class_list":["post-553985","post","type-post","status-publish","format-standard","hentry","category-victor-sanchez-banos","tag-opinion","tag-poder-y-dinero","tag-victor-sanchez-banos"],"_links":{"self":[{"href":"https:\/\/www.diarioimagen.net\/index.php?rest_route=\/wp\/v2\/posts\/553985","targetHints":{"allow":["GET"]}}],"collection":[{"href":"https:\/\/www.diarioimagen.net\/index.php?rest_route=\/wp\/v2\/posts"}],"about":[{"href":"https:\/\/www.diarioimagen.net\/index.php?rest_route=\/wp\/v2\/types\/post"}],"author":[{"embeddable":true,"href":"https:\/\/www.diarioimagen.net\/index.php?rest_route=\/wp\/v2\/users\/3"}],"replies":[{"embeddable":true,"href":"https:\/\/www.diarioimagen.net\/index.php?rest_route=%2Fwp%2Fv2%2Fcomments&post=553985"}],"version-history":[{"count":0,"href":"https:\/\/www.diarioimagen.net\/index.php?rest_route=\/wp\/v2\/posts\/553985\/revisions"}],"wp:attachment":[{"href":"https:\/\/www.diarioimagen.net\/index.php?rest_route=%2Fwp%2Fv2%2Fmedia&parent=553985"}],"wp:term":[{"taxonomy":"category","embeddable":true,"href":"https:\/\/www.diarioimagen.net\/index.php?rest_route=%2Fwp%2Fv2%2Fcategories&post=553985"},{"taxonomy":"post_tag","embeddable":true,"href":"https:\/\/www.diarioimagen.net\/index.php?rest_route=%2Fwp%2Fv2%2Ftags&post=553985"}],"curies":[{"name":"wp","href":"https:\/\/api.w.org\/{rel}","templated":true}]}}