{"id":554059,"date":"2022-07-21T00:06:22","date_gmt":"2022-07-21T05:06:22","guid":{"rendered":"https:\/\/www.diarioimagen.net\/?p=554059"},"modified":"2022-07-22T00:56:57","modified_gmt":"2022-07-22T05:56:57","slug":"accesibilidad-e-inclusion-claves-para-el-desarrollo-de-personas-con-discapacidad","status":"publish","type":"post","link":"https:\/\/www.diarioimagen.net\/?p=554059","title":{"rendered":"Accesibilidad e inclusi\u00f3n, claves para el desarrollo de personas con discapacidad"},"content":{"rendered":"<p><em>\u00a0<\/em><\/p>\n<ul>\n<li><strong><em>La poblaci\u00f3n en condici\u00f3n de discapacidad debe tener la posibilidad de entender un espacio, integrarse en \u00e9l y contar con las condiciones operativas necesarias para desarrollarse dentro y fuera del mismo<\/em><\/strong><\/li>\n<\/ul>\n<p><strong>\u00a0<\/strong><\/p>\n<div id=\"attachment_554175\" style=\"width: 470px\" class=\"wp-caption aligncenter\"><img loading=\"lazy\" decoding=\"async\" aria-describedby=\"caption-attachment-554175\" class=\"size-full wp-image-554175\" src=\"https:\/\/www.diarioimagen.net\/wp-content\/uploads\/2022\/07\/uaem-13.jpg\" alt=\"\" width=\"460\" height=\"270\" \/><p id=\"caption-attachment-554175\" class=\"wp-caption-text\">Rosendo Delgado Mart\u00ednez sostuvo que las personas en condici\u00f3n de discapacidad deben tener la posibilidad de entender un espacio, integrarse en \u00e9l y contar con las condiciones operativas necesarias para desarrollarse dentro y fuera del mismo.<\/p><\/div>\n<p>&nbsp;<\/p>\n<p><strong>Chimalhuac\u00e1n, Estado de M\u00e9xico.\u2013 <\/strong>La accesibilidad y la inclusi\u00f3n son derechos humanos fundamentales y claves para el desarrollo \u00f3ptimo de las personas con discapacidad, se\u00f1alaron en la Universidad Aut\u00f3noma del Estado de M\u00e9xico (UAEM\u00e9x) integrantes del Instituto Mexiquense para la Discapacidad (IMEDIS).<\/p>\n<p>Durante la conferencia convocada por el Comit\u00e9 de G\u00e9nero de la Unidad Acad\u00e9mica Profesional Chimalhuac\u00e1n de la Aut\u00f3noma mexiquense, Rosendo Delgado Mart\u00ednez sostuvo que las personas en condici\u00f3n de discapacidad deben tener la posibilidad de entender un espacio, integrarse en \u00e9l y contar con las condiciones operativas necesarias para desarrollarse dentro y fuera del mismo.<\/p>\n<p>Al dictar la conferencia \u201cAccesibilidad e inclusi\u00f3n para las personas con discapacidad\u201d, el especialista asever\u00f3 que de acuerdo con el INEGI, hasta el a\u00f1o 2020 hab\u00eda en el Estado de M\u00e9xico un aproximado de 756 mil personas con esta condici\u00f3n. Enfatiz\u00f3 que esta cifra va en aumento a causa de enfermedades, edad avanzada e incluso accidentes y actos violentos, los cuales -asegur\u00f3- \u201cpodr\u00edan evitarse\u201d.<\/p>\n<p>Rosendo Delgado manifest\u00f3 que el modelo social actual trata de incluir a todas las personas independientemente de su condici\u00f3n de discapacidad; sin embargo, consider\u00f3 necesario el dejar de lado la discriminaci\u00f3n y promover la concientizaci\u00f3n en todos los niveles.<\/p>\n<p>Por su parte, la tambi\u00e9n integrante del (IMEDIS), Tania Itzel Hern\u00e1ndez S\u00e1nchez, invit\u00f3 a los estudiantes de derecho de este campus de la UAEM\u00e9x a promover la inclusi\u00f3n, la cual procura \u201cque todos los individuos tengan las mismas oportunidades de desarrollo, m\u00e1s all\u00e1 de la diferencias de raza, g\u00e9nero, religi\u00f3n o en este caso, de las afecciones de cuerpo y mente\u201d.<\/p>\n<p>Apunt\u00f3 que la verdadera inclusi\u00f3n se ejerce en todos los contextos: familiar, social, acad\u00e9mico y a trav\u00e9s de leyes gubernamentales, permitiendo que las personas con discapacidad se sientan reconocidas y funcionales a la sociedad. \u201cCada vez hay un mayor avance en normas y pol\u00edticas p\u00fablicas a favor de las personas en esta condici\u00f3n, aunque a\u00fan existen barreras econ\u00f3micas, arquitect\u00f3nicas y sociales que pueden mejorar\u201d, concluy\u00f3.<\/p>\n","protected":false},"excerpt":{"rendered":"<p>La accesibilidad y la inclusi\u00f3n son derechos humanos fundamentales y claves para el desarrollo \u00f3ptimo de las personas con discapacidad, se\u00f1alaron en la Universidad Aut\u00f3noma del Estado de M\u00e9xico (UAEM\u00e9x) integrantes del Instituto Mexiquense para la Discapacidad (IMEDIS).<\/p>\n","protected":false},"author":3,"featured_media":554175,"comment_status":"open","ping_status":"open","sticky":false,"template":"","format":"standard","meta":{"_monsterinsights_skip_tracking":false,"_monsterinsights_sitenote_active":false,"_monsterinsights_sitenote_note":"","_monsterinsights_sitenote_category":0,"footnotes":""},"categories":[5],"tags":[31416,24566,37385],"class_list":["post-554059","post","type-post","status-publish","format-standard","has-post-thumbnail","hentry","category-estado-de-mexico","tag-desarrollo","tag-discapacidad","tag-inclusion"],"_links":{"self":[{"href":"https:\/\/www.diarioimagen.net\/index.php?rest_route=\/wp\/v2\/posts\/554059","targetHints":{"allow":["GET"]}}],"collection":[{"href":"https:\/\/www.diarioimagen.net\/index.php?rest_route=\/wp\/v2\/posts"}],"about":[{"href":"https:\/\/www.diarioimagen.net\/index.php?rest_route=\/wp\/v2\/types\/post"}],"author":[{"embeddable":true,"href":"https:\/\/www.diarioimagen.net\/index.php?rest_route=\/wp\/v2\/users\/3"}],"replies":[{"embeddable":true,"href":"https:\/\/www.diarioimagen.net\/index.php?rest_route=%2Fwp%2Fv2%2Fcomments&post=554059"}],"version-history":[{"count":0,"href":"https:\/\/www.diarioimagen.net\/index.php?rest_route=\/wp\/v2\/posts\/554059\/revisions"}],"wp:featuredmedia":[{"embeddable":true,"href":"https:\/\/www.diarioimagen.net\/index.php?rest_route=\/wp\/v2\/media\/554175"}],"wp:attachment":[{"href":"https:\/\/www.diarioimagen.net\/index.php?rest_route=%2Fwp%2Fv2%2Fmedia&parent=554059"}],"wp:term":[{"taxonomy":"category","embeddable":true,"href":"https:\/\/www.diarioimagen.net\/index.php?rest_route=%2Fwp%2Fv2%2Fcategories&post=554059"},{"taxonomy":"post_tag","embeddable":true,"href":"https:\/\/www.diarioimagen.net\/index.php?rest_route=%2Fwp%2Fv2%2Ftags&post=554059"}],"curies":[{"name":"wp","href":"https:\/\/api.w.org\/{rel}","templated":true}]}}