{"id":554075,"date":"2022-07-21T00:04:21","date_gmt":"2022-07-21T05:04:21","guid":{"rendered":"https:\/\/www.diarioimagen.net\/?p=554075"},"modified":"2022-07-21T05:13:45","modified_gmt":"2022-07-21T10:13:45","slug":"se-trabaja-para-recuperar-la-seguridad-en-izcalli-alcaldesa","status":"publish","type":"post","link":"https:\/\/www.diarioimagen.net\/?p=554075","title":{"rendered":"Se trabaja para recuperar la seguridad en Izcalli: alcaldesa"},"content":{"rendered":"<p>&nbsp;<\/p>\n<p><a href=\"https:\/\/www.diarioimagen.net\/?attachment_id=554181\" rel=\"attachment wp-att-554181\"><img loading=\"lazy\" decoding=\"async\" class=\"aligncenter size-full wp-image-554181\" src=\"https:\/\/www.diarioimagen.net\/wp-content\/uploads\/2022\/07\/BAENA-4.jpg\" alt=\"\" width=\"460\" height=\"270\" \/><\/a><\/p>\n<p>&nbsp;<\/p>\n<p><strong>Cuautitl\u00e1n Izcalli, Estado de M\u00e9xico.\u2014 <\/strong>En el gobierno que preside Karla Fiesco Garc\u00eda se trabaja para recuperar la seguridad y confianza de los ciudadanos a trav\u00e9s de la consolidaci\u00f3n de una fuerza policial que permita disminuir la incidencia delictiva con acciones en los temas de evaluaci\u00f3n de control de confianza, proximidad social y prevenci\u00f3n, as\u00ed como la prevenci\u00f3n social de la violencia y la delincuencia.<\/p>\n<p>Para ello, el Consejo Municipal de Seguridad P\u00fablica y la Comisar\u00eda General de Seguridad Ciudadana Cuautitl\u00e1n Izcalli, entregaron los avances y resultados obtenidos de enero a junio del presente a\u00f1o, de los cuales destacan la realizaci\u00f3n de 11 mil 600 operativos para beneficio de los izcallenses.<\/p>\n","protected":false},"excerpt":{"rendered":"<p>En el gobierno que preside Karla Fiesco Garc\u00eda se trabaja para recuperar la seguridad y confianza de los ciudadanos a trav\u00e9s de la consolidaci\u00f3n de una fuerza policial que permita disminuir la incidencia delictiva con acciones en los temas de evaluaci\u00f3n de control de confianza, proximidad social y prevenci\u00f3n, as\u00ed como la prevenci\u00f3n social de la violencia y la delincuencia.<\/p>\n","protected":false},"author":3,"featured_media":554181,"comment_status":"open","ping_status":"open","sticky":false,"template":"","format":"standard","meta":{"_monsterinsights_skip_tracking":false,"_monsterinsights_sitenote_active":false,"_monsterinsights_sitenote_note":"","_monsterinsights_sitenote_category":0,"footnotes":""},"categories":[5],"tags":[971,43675,1088],"class_list":["post-554075","post","type-post","status-publish","format-standard","has-post-thumbnail","hentry","category-estado-de-mexico","tag-cuautitlan-izcalli","tag-estado-de-mexico","tag-seguridad-publica"],"_links":{"self":[{"href":"https:\/\/www.diarioimagen.net\/index.php?rest_route=\/wp\/v2\/posts\/554075","targetHints":{"allow":["GET"]}}],"collection":[{"href":"https:\/\/www.diarioimagen.net\/index.php?rest_route=\/wp\/v2\/posts"}],"about":[{"href":"https:\/\/www.diarioimagen.net\/index.php?rest_route=\/wp\/v2\/types\/post"}],"author":[{"embeddable":true,"href":"https:\/\/www.diarioimagen.net\/index.php?rest_route=\/wp\/v2\/users\/3"}],"replies":[{"embeddable":true,"href":"https:\/\/www.diarioimagen.net\/index.php?rest_route=%2Fwp%2Fv2%2Fcomments&post=554075"}],"version-history":[{"count":0,"href":"https:\/\/www.diarioimagen.net\/index.php?rest_route=\/wp\/v2\/posts\/554075\/revisions"}],"wp:featuredmedia":[{"embeddable":true,"href":"https:\/\/www.diarioimagen.net\/index.php?rest_route=\/wp\/v2\/media\/554181"}],"wp:attachment":[{"href":"https:\/\/www.diarioimagen.net\/index.php?rest_route=%2Fwp%2Fv2%2Fmedia&parent=554075"}],"wp:term":[{"taxonomy":"category","embeddable":true,"href":"https:\/\/www.diarioimagen.net\/index.php?rest_route=%2Fwp%2Fv2%2Fcategories&post=554075"},{"taxonomy":"post_tag","embeddable":true,"href":"https:\/\/www.diarioimagen.net\/index.php?rest_route=%2Fwp%2Fv2%2Ftags&post=554075"}],"curies":[{"name":"wp","href":"https:\/\/api.w.org\/{rel}","templated":true}]}}