{"id":554116,"date":"2022-07-21T00:08:27","date_gmt":"2022-07-21T05:08:27","guid":{"rendered":"https:\/\/www.diarioimagen.net\/?p=554116"},"modified":"2022-07-21T04:37:26","modified_gmt":"2022-07-21T09:37:26","slug":"la-justicia-burlada-2","status":"publish","type":"post","link":"https:\/\/www.diarioimagen.net\/?p=554116","title":{"rendered":"La justicia, \u00bfburlada?"},"content":{"rendered":"<h2>Punto por punto<\/h2>\n<h5>Augusto Corro<\/h5>\n<p>&nbsp;<\/p>\n<p>Es probable que el l\u00edder nacional del PRI, Alejandro Moreno C\u00e1rdenas (a) \u201cAlito\u201d se sienta a sus anchas en un pa\u00eds en el que la aplicaci\u00f3n de la ley es lenta o nunca llega. Resulta que el ex gobernador de Campeche y actual diputado se encuentra en el ojo de tormentas pol\u00edticas y no ocurre nada. Las autoridades tienen una serie de audios en los que el propio priista evidencia una conducta llena de ilegalidades.<\/p>\n<p>El dirigente priista enfrenta pleitos en el exterior y en el interior del partido. Tiene como enemigos a las autoridades campechanas y una pugna interna en la lucha por el poder. Cada ocho d\u00edas, la gobernadora de Campeche se encarga de dar a conocer audios de \u201cAlito\u201d como prueba de sus supuestos delitos. En el seno del Revolucionario Institucional, los jerarcas del partido ya le exigieron su renuncia al cargo.<\/p>\n<p>Sin embargo, el verdadero dolor de cabeza lo tienen los partidos de oposici\u00f3n en la alianza denominada Va por M\u00e9xico, en la que participan PAN, PRI y PRD, que es dirigida y orientada por el empresario Claudio X Gonz\u00e1lez. Lo importante de la coalici\u00f3n es llegar unida a la contienda electoral presidencial del 2024; pero con la figura desprestigiada del l\u00edder priista, la oposici\u00f3n podr\u00eda cambiar su t\u00e1ctica pol\u00edtica y hacer a un lado a \u201cAlito\u201d.<\/p>\n<p>En el futuro cercano, los partidos opositores tendr\u00e1n que esmerarse en la lucha para sobrevivir. Las organizaciones pol\u00edticas casi desaparecieron en las elecciones de 2018. Posteriormente, en contiendas electorales, apenas si se alcanzaron a figurar. La mayor\u00eda de los gobiernos estatales se encuentran en manos de morenistas que buscan ganar en el Estado de M\u00e9xico y Coahuila, el pr\u00f3ximo a\u00f1o; as\u00ed como las presidenciales de 2024.<\/p>\n<p>Pero hacer un buen papel, Va por M\u00e9xico deber\u00e1 ir representado por un candidato que opaque las figuras de los candidatos de Morena y la oposici\u00f3n a\u00fan no lo destapa porque no lo tiene o no hay un acuerdo para designar al abanderado opositor. No ser\u00e1 f\u00e1cil. Para empezar, la alianza de partidos de izquierda, centro y derecha sembraron dudas e incertidumbres en las militancias partidistas.<\/p>\n<p>Claro, los partidos tratar\u00e1n de que el candidato salga de sus filas y es aqu\u00ed donde se presentar\u00e1 la pugna. \u00bfQui\u00e9n ser\u00e1 el aspirante de la oposici\u00f3n? En Acci\u00f3n Nacional aparecen cartuchos quemados que deb\u00edan estar alejados ya de la vida p\u00fablica. Uno de los panistas con mayor presencia pol\u00edtica, el queretano Ricardo Anaya, es constante en su lucha por el poder; solo que su campa\u00f1a desde el exterior a nadie convence.<\/p>\n<p>El caso del PRI, con \u201cAlito\u201d a la cabeza de aspirantes, se podr\u00eda asegurar que ya tiene perdida la batalla antes de iniciarla. Le dijeron al campechano que deje la dirigencia, pero ya dijo que lo har\u00e1 hasta agosto de 2023. De ser as\u00ed, el diputado priista ser\u00e1 testigo de lo que ocurra en el Estado de M\u00e9xico, en el que se llevar\u00e1n a cabo las elecciones de gobernador. \u00bfEstar\u00e1 el campechano en condiciones de llevar a su partido a la victoria?<\/p>\n<p>\u00bfLos priistas confiar\u00e1n en que el l\u00edder Moreno C\u00e1rdenas los lleve a la victoria en esa contienda electoral tan importante? Tras los resultados del Edomex, la oposici\u00f3n deber\u00e1 estar lista para su participaci\u00f3n en las elecciones presidenciales. \u201cAlito\u201d ya se apunt\u00f3 y dijo que \u00e9l aspira a ser candidato; pero mientras tiene que ordenar la casa. La lucha pol\u00edtica ser\u00e1 muy compleja, pues estar\u00e1 en juego el gobierno del Edomex, una de las entidades m\u00e1s importantes en la vida pol\u00edtica de M\u00e9xico.<\/p>\n<p>PAN, PRI y PRD seguramente se preparar\u00e1n para no hacer el rid\u00edculo y para lograrlo tendr\u00e1n que hacer a un lado del camino a Ricardo Anaya y a \u201cAlito\u201d que \u00fanicamente son reconocidos por sus errores y la suma de sus presuntos delitos que los tienen al margen de la ley. Por cierto, \u00bfesas conductas repletas de irregularidades ser\u00e1n objeto de alg\u00fan castigo o servir\u00e1n para que los acusados se burlen de la justicia?<\/p>\n<p>\u00bfUsted qu\u00e9 opina amable lector?<\/p>\n<p><a href=\"mailto:aco2742@hotmail.com\" target=\"_blank\" rel=\"noopener noreferrer\"><em>aco2742@hotmail.com<\/em><\/a><\/p>\n","protected":false},"excerpt":{"rendered":"<p><span style=\"color: #005497;\"><strong>Augusto Corro<\/strong><\/span><\/p>\n","protected":false},"author":3,"featured_media":0,"comment_status":"open","ping_status":"open","sticky":false,"template":"","format":"standard","meta":{"_monsterinsights_skip_tracking":false,"_monsterinsights_sitenote_active":false,"_monsterinsights_sitenote_note":"","_monsterinsights_sitenote_category":0,"footnotes":""},"categories":[157],"tags":[43686,43674,11515],"class_list":["post-554116","post","type-post","status-publish","format-standard","hentry","category-augusto-corro","tag-augusto-corro","tag-opinion","tag-punto-por-punto"],"_links":{"self":[{"href":"https:\/\/www.diarioimagen.net\/index.php?rest_route=\/wp\/v2\/posts\/554116","targetHints":{"allow":["GET"]}}],"collection":[{"href":"https:\/\/www.diarioimagen.net\/index.php?rest_route=\/wp\/v2\/posts"}],"about":[{"href":"https:\/\/www.diarioimagen.net\/index.php?rest_route=\/wp\/v2\/types\/post"}],"author":[{"embeddable":true,"href":"https:\/\/www.diarioimagen.net\/index.php?rest_route=\/wp\/v2\/users\/3"}],"replies":[{"embeddable":true,"href":"https:\/\/www.diarioimagen.net\/index.php?rest_route=%2Fwp%2Fv2%2Fcomments&post=554116"}],"version-history":[{"count":0,"href":"https:\/\/www.diarioimagen.net\/index.php?rest_route=\/wp\/v2\/posts\/554116\/revisions"}],"wp:attachment":[{"href":"https:\/\/www.diarioimagen.net\/index.php?rest_route=%2Fwp%2Fv2%2Fmedia&parent=554116"}],"wp:term":[{"taxonomy":"category","embeddable":true,"href":"https:\/\/www.diarioimagen.net\/index.php?rest_route=%2Fwp%2Fv2%2Fcategories&post=554116"},{"taxonomy":"post_tag","embeddable":true,"href":"https:\/\/www.diarioimagen.net\/index.php?rest_route=%2Fwp%2Fv2%2Ftags&post=554116"}],"curies":[{"name":"wp","href":"https:\/\/api.w.org\/{rel}","templated":true}]}}