{"id":554118,"date":"2022-07-21T00:03:45","date_gmt":"2022-07-21T05:03:45","guid":{"rendered":"https:\/\/www.diarioimagen.net\/?p=554118"},"modified":"2022-07-21T04:38:34","modified_gmt":"2022-07-21T09:38:34","slug":"ine-y-tepjf-frenan-a-morena","status":"publish","type":"post","link":"https:\/\/www.diarioimagen.net\/?p=554118","title":{"rendered":"INE y TEPJF frenan a Morena"},"content":{"rendered":"<h2>Espacio Electoral<\/h2>\n<h5>Eleazar Flores<\/h5>\n<p>&nbsp;<\/p>\n<p><strong>MISMO LENGUAJE-.<\/strong> No obstante que vendr\u00e1n reacciones en su contra, consejeros del Instituto Nacional Electoral y magistrados del Tribunal Electoral del Poder Judicial de la Federaci\u00f3n ordenaron a funcionarios y simpatizantes de Morena participar en actos anticipados de campa\u00f1a.<\/p>\n<p>Ejemplos de lo anterior, fueron los eventos celebrados los d\u00edas 12 y 26 de junio en Toluca y Coahuila, respectivamente, capitales de los estados de M\u00e9xico y Coahuila, donde en 2023 habr\u00e1 elecciones de gobernador, y en respaldo a la divisa Morena, asistieron las \u201ccorcholatas\u201d guindas Claudia Sheinbaum, Ad\u00e1n Augusto L\u00f3pez y Marcelo Ebrard, agreg\u00e1ndose, en la entidad norte\u00f1a, Ricardo Monreal.<\/p>\n<p>El veto a funcionarios \u201cmorenos\u201d para participar en actos anticipados de campa\u00f1a por parte de magistrados del Tribunal Electoral Federal fue dividido, pues votaron en contra M\u00f3nica Arely Fragoso, Felipe Alfredo Fuentes Barrera y Jos\u00e9 Luis Vargas Valdez, pero la mayor\u00eda se impuso en esta propuesta que envi\u00f3 el INE a finales del mes pasado al citado TEPJF.<\/p>\n<p><strong>CONTRA 18 O M\u00c1S-.<\/strong> La limitante contra actos de campa\u00f1a propuesta por el INE y respaldada por el Tribunal, va directamente contra altos funcionarios de la \u201ccuarta transtornaci\u00f3n\u201d y, a la vez, las \u201ccorcholatas\u201d destapadas por ya sabe qui\u00e9n, son:<\/p>\n<p>La jefa de Gobierno, Claudia Sheinbaum; el secretario de Gobernaci\u00f3n, Ad\u00e1n Augusto L\u00f3pez Hern\u00e1ndez; el secretario de Relaciones Exteriores, Marcelo Ebrard; el coordinador senatorial Ricardo Monrea; Delfina G\u00f3mez y todos los gobernadores de las entidades del pa\u00eds que llegaron a esos cargos con el apoyo del partido gobernante.<\/p>\n<p>RESE\u00d1AS-. En su momento, \u00e9ste y todos los medios impresos, electr\u00f3nicos y digitales, difundieron ampliamente los eventos de Toluca y Coahuila, encabezados formalmente por el gerente de Morena, Mario Delgado, y su pl\u00e9yade de organizadores, mostrando m\u00fasculo, o sea su capacidad de acarreo en las plazas c\u00edvicas de ambas capitales pregonando, que ganar\u00e1n la elecciones de gobernador de 2023.<\/p>\n<p>Incluso, muchos de los funcionarios y corcholatas, advirtieron que los partidos gobernantes ten\u00edan los d\u00edas contados y cosas por el etilo.<\/p>\n<p>Si los funcionarios \u201cmorenos\u201d involucrados respetan las instrucciones de los \u00e1rbitros electorales -que se duda, no as\u00ed de los reclamos que har\u00e1n-,\u00a0 no habr\u00e1 m\u00e1s actos anticipados de campa\u00f1a, pero ni se crea, pues empezando por el padre de la \u201ccuarta transtornacion\u201d, van estar al d\u00eda ataques a los conservadores y neoliberales magistrados del Tribunal Electoral y a los consejeros del Instituto Nacional Electoral.<\/p>\n<p>Cuando menos en esta ocasi\u00f3n y para el caso espec\u00edfico de frenar las ansias de matadores de las \u201ccorcholatas\u201d, INE y TEPJF coincidieron en sancionar transgresiones cometidas por funcionarios y pol\u00edticos que deber\u00edan ser los primeros en observar los marcos legales vigentes y respetar a los \u00e1rbitros en funciones.<\/p>\n<p><em><a href=\"mailto:elefa44@gmail.com\" target=\"_blank\" rel=\"noopener noreferrer\">elefa44@gmail.com<\/a><\/em><\/p>\n","protected":false},"excerpt":{"rendered":"<p><span style=\"color: #005497;\"><strong>Eleazar Flores<\/strong><\/span><\/p>\n","protected":false},"author":3,"featured_media":0,"comment_status":"open","ping_status":"open","sticky":false,"template":"","format":"standard","meta":{"_monsterinsights_skip_tracking":false,"_monsterinsights_sitenote_active":false,"_monsterinsights_sitenote_note":"","_monsterinsights_sitenote_category":0,"footnotes":""},"categories":[81743],"tags":[81744,81776,43674],"class_list":["post-554118","post","type-post","status-publish","format-standard","hentry","category-eleazar-flores","tag-eleazar-flores","tag-espacio-electoral","tag-opinion"],"_links":{"self":[{"href":"https:\/\/www.diarioimagen.net\/index.php?rest_route=\/wp\/v2\/posts\/554118","targetHints":{"allow":["GET"]}}],"collection":[{"href":"https:\/\/www.diarioimagen.net\/index.php?rest_route=\/wp\/v2\/posts"}],"about":[{"href":"https:\/\/www.diarioimagen.net\/index.php?rest_route=\/wp\/v2\/types\/post"}],"author":[{"embeddable":true,"href":"https:\/\/www.diarioimagen.net\/index.php?rest_route=\/wp\/v2\/users\/3"}],"replies":[{"embeddable":true,"href":"https:\/\/www.diarioimagen.net\/index.php?rest_route=%2Fwp%2Fv2%2Fcomments&post=554118"}],"version-history":[{"count":0,"href":"https:\/\/www.diarioimagen.net\/index.php?rest_route=\/wp\/v2\/posts\/554118\/revisions"}],"wp:attachment":[{"href":"https:\/\/www.diarioimagen.net\/index.php?rest_route=%2Fwp%2Fv2%2Fmedia&parent=554118"}],"wp:term":[{"taxonomy":"category","embeddable":true,"href":"https:\/\/www.diarioimagen.net\/index.php?rest_route=%2Fwp%2Fv2%2Fcategories&post=554118"},{"taxonomy":"post_tag","embeddable":true,"href":"https:\/\/www.diarioimagen.net\/index.php?rest_route=%2Fwp%2Fv2%2Ftags&post=554118"}],"curies":[{"name":"wp","href":"https:\/\/api.w.org\/{rel}","templated":true}]}}