{"id":554120,"date":"2022-07-21T00:10:27","date_gmt":"2022-07-21T05:10:27","guid":{"rendered":"https:\/\/www.diarioimagen.net\/?p=554120"},"modified":"2022-07-21T04:40:54","modified_gmt":"2022-07-21T09:40:54","slug":"los-zacatecanos-acusan-a-ricardo-monreal-de-sus-desgracias","status":"publish","type":"post","link":"https:\/\/www.diarioimagen.net\/?p=554120","title":{"rendered":"Los zacatecanos acusan a Ricardo Monreal de sus desgracias"},"content":{"rendered":"<h2>Triple Erre<\/h2>\n<h5>Francisco Reynoso<\/h5>\n<p>&nbsp;<\/p>\n<p>En Zacatecas, la inmensa mayor\u00eda de los zacatecanos culpan a Ricardo Monreal \u00c1vila de todas sus angustias y de todos sus quebrantos.<\/p>\n<p>Y aunque parezca canci\u00f3n del poeta Jos\u00e9 Antonio Zorrilla, tambi\u00e9n acusan al senador que aspira a ser el pr\u00f3ximo Presidente de M\u00e9xico, de llevar a sus vidas tantos y tan amargos desencantos.<\/p>\n<p>Tantos reproches de los zacatecanos a Ricardo obedecen a que lo hacen directamente responsable de que su hermano preferido, David Monreal, haya llegado a la gubernatura del estado.<\/p>\n<p>La gente dice abiertamente que Ricardo enga\u00f1\u00f3 al pueblo cuando un d\u00eda lleg\u00f3 y les dijo que David ser\u00eda el mejor gobernador que haya tenido Zacatecas.<\/p>\n<p>Y desde que David tom\u00f3 las riendas del estado se ubic\u00f3 como el peor gobernador de los 32 en funciones. Ni siquiera pudo superar a Cuauht\u00e9moc Blanco, de Morelos. Ni a Miguel Barbosa de Puebla, con todas sus barbaridades.<\/p>\n<p>David se instal\u00f3 en el lugar 32 del ranking de gobernadores y no ha habido poder humano que lo mueva de ah\u00ed. Y en la \u00faltima medici\u00f3n ya tiene una c\u00f3moda diferencia de 15 puntos con el mandatario del caj\u00f3n 31.<\/p>\n<p>Desde que tom\u00f3 posesi\u00f3n como gobernador de Zacatecas, en septiembre de 2021, David Monreal se ha peleado con todos los sectores. Primero, con los maestros a los que no les quiso pagar sus quincenas. Luego, con la burocracia estatal, a la que calific\u00f3 de huevona.<\/p>\n<p>Poco despu\u00e9s David se pele\u00f3 con los jubilados del Issstezac. A quienes perciben m\u00e1s de 50 mil pesos los tild\u00f3 de delincuentes y orden\u00f3 congelar sus \u201cpensiones doradas\u201d.<\/p>\n<p>Con los partidos pol\u00edticos no ha tenido ninguna relaci\u00f3n o acercamiento. Al rector de la Universidad, Rub\u00e9n Ibarra, lo trata como a empleado de tercera categor\u00eda. Y hace poco tiempo, como L\u00f3pez Obrador, agarr\u00f3 pleito con el clero de la Iglesia cat\u00f3lica cuando fueron asesinados dos sacerdotes en la Sierra Tarahumara de Chihuahua, David tambi\u00e9n se pele\u00f3 con el obispo Sigifredo Noriega.<\/p>\n<p>Despu\u00e9s el pleito fue con los diputados locales, a los que acus\u00f3 de hambreadores y corruptos porque revivieron el instrumento de \u201cherramientas legislativas\u201d, que no es otra cosa que la bolsa de dinero que los legisladores usan para repartir y comprar el cari\u00f1o de la gente.<\/p>\n<p>David ejerci\u00f3 su derecho de veto para anular la reforma constitucional que aprobaron 29 de los 30 diputados -incluidos los de Morena- para revivir las \u201cherramientas legislativas\u201d.\u00a0 Y quiso dejar en claro que es \u00e9l quien manda en Zacatecas.<\/p>\n<p>Pero eso ni \u00e9l se lo cree. En Zacatecas, todo mundo sabe que el chicharr\u00f3n que truena es el de los c\u00e1rteles del crimen organizado. Y han dado muestras de ello.<\/p>\n<p>Poco despu\u00e9s que asumi\u00f3 el poder pol\u00edtico, David esperaba a los reyes magos en sus oficinas de Plaza de Armas. A las 5.30 de la ma\u00f1ana -seg\u00fan cont\u00f3 \u00e9l mismo- le dejaron 10 cad\u00e1veres junto al \u00e1rbol de Navidad gigante, instalado frente a Palacio de Gobierno.<\/p>\n<p>Y hace d\u00edas, que estuvo en Zacatecas la secretaria de Seguridad P\u00fablica, Rosa Icela Rodr\u00edguez, mientras ella repet\u00eda las frases de L\u00f3pez Obrador de que vamos requetebi\u00e9n y se avanza en la disminuci\u00f3n de delitos de alto impacto, en los tres principales municipios fueron asesinadas 10 personas.<\/p>\n<p>Ese d\u00eda, Rosa Icela no quiso pernoctar en el estado. Sali\u00f3 como tap\u00f3n de sidra.<\/p>\n<p>Y hace unas cuantas horas, el Inegi ubica a los dos municipios m\u00e1s grandes e importantes de \u00a0 Zacatecas: Zacatecas, capital y Fresnillo, tierra del gobernador y del senador, presidido por otro de los hermanos: Sa\u00fal Monreal, son los m\u00e1s peligrosos para vivir en todo el pa\u00eds y sus alrededores.<\/p>\n<p>As\u00ed pues, David Monreal tiene hecho un desastre a Zacatecas y los zacatecanos culpan de sus desgracias, amarguras, desencantos y quebrantos a Ricardo Monreal<\/p>\n<p>Como lo fue el torero Lorenzo Garza, Monreal es ave de las tempestades en su tierra. Muchos lo quieren, lo apoyan y juran que es el pol\u00edtico que M\u00e9xico necesita para correr las locuras y excentricidades de L\u00f3pez Obrador.<\/p>\n<p>Pero otros lo repudian y lo acusan de corrupto, porque aunque en su declaraci\u00f3n patrimonial declara no tener casas, autom\u00f3viles, ranchos, alhajas, obras de arte, acciones de empresas y nada de valor.<\/p>\n<p>Como L\u00f3pez Obrador, s\u00f3lo guarda 200 pesos en el bolsillo.<\/p>\n<p>A esa postura socarrona que nadie en Zacatecas se traga, ahora lo culpan del gobierno infame de su hermano preferido.<\/p>\n<p>Hace d\u00edas, en la plaza de toros del restaurante Arroyo, Ricardo Monreal convoc\u00f3 a una gran reconciliaci\u00f3n nacional.<\/p>\n<p>Dijo que Morena no puede estar peleado con los estudiantes de la UNAM, con las iglesias, la clase media, los empresarios, ecologistas y con los partidos pol\u00edticos.<\/p>\n<p>Y grit\u00f3 que de llegar a Palacio Nacional, al trono que ocupa L\u00f3pez Obrador, ser\u00e1 el Presidente de la reconciliaci\u00f3n.<\/p>\n<p>En Zacatecas, quienes lo acompa\u00f1aron en el \u201cmonrealazo\u201d de 1998, entre ellos El\u00edas Barajas y Javier Mendoza, advierten que Ricardo primero tendr\u00e1 que ocuparse de la reconciliaci\u00f3n en Zacatecas, con los zacatecanos.<\/p>\n<p>Porque L\u00f3pez Obrador dir\u00e1, y con mucha raz\u00f3n, si no pueden gobernar Zacatecas y sacar al estado del subdesarrollo y pobreza, menos podr\u00e1n con el pa\u00eds.<\/p>\n<p>&nbsp;<\/p>\n<blockquote>\n<p style=\"text-align: right;\"><em><strong>La verdad es la verdad<br \/>\ny no admite otros datos<\/strong><\/em><\/p>\n<\/blockquote>\n<p>&nbsp;<\/p>\n<p><a href=\"mailto:donrunrun@yahoo.es\" target=\"_blank\" rel=\"noopener\"><em>donrunrun@yahoo.es<\/em><\/a><\/p>\n","protected":false},"excerpt":{"rendered":"<p><span style=\"color: #005497;\"><strong>Francisco Reynoso<\/strong><\/span><\/p>\n","protected":false},"author":3,"featured_media":0,"comment_status":"open","ping_status":"open","sticky":false,"template":"","format":"standard","meta":{"_monsterinsights_skip_tracking":false,"_monsterinsights_sitenote_active":false,"_monsterinsights_sitenote_note":"","_monsterinsights_sitenote_category":0,"footnotes":""},"categories":[94855],"tags":[94857,43674,94856],"class_list":["post-554120","post","type-post","status-publish","format-standard","hentry","category-francisco-reynoso","tag-francisco-reynoso","tag-opinion","tag-triple-erre"],"_links":{"self":[{"href":"https:\/\/www.diarioimagen.net\/index.php?rest_route=\/wp\/v2\/posts\/554120","targetHints":{"allow":["GET"]}}],"collection":[{"href":"https:\/\/www.diarioimagen.net\/index.php?rest_route=\/wp\/v2\/posts"}],"about":[{"href":"https:\/\/www.diarioimagen.net\/index.php?rest_route=\/wp\/v2\/types\/post"}],"author":[{"embeddable":true,"href":"https:\/\/www.diarioimagen.net\/index.php?rest_route=\/wp\/v2\/users\/3"}],"replies":[{"embeddable":true,"href":"https:\/\/www.diarioimagen.net\/index.php?rest_route=%2Fwp%2Fv2%2Fcomments&post=554120"}],"version-history":[{"count":0,"href":"https:\/\/www.diarioimagen.net\/index.php?rest_route=\/wp\/v2\/posts\/554120\/revisions"}],"wp:attachment":[{"href":"https:\/\/www.diarioimagen.net\/index.php?rest_route=%2Fwp%2Fv2%2Fmedia&parent=554120"}],"wp:term":[{"taxonomy":"category","embeddable":true,"href":"https:\/\/www.diarioimagen.net\/index.php?rest_route=%2Fwp%2Fv2%2Fcategories&post=554120"},{"taxonomy":"post_tag","embeddable":true,"href":"https:\/\/www.diarioimagen.net\/index.php?rest_route=%2Fwp%2Fv2%2Ftags&post=554120"}],"curies":[{"name":"wp","href":"https:\/\/api.w.org\/{rel}","templated":true}]}}