{"id":554133,"date":"2022-07-21T00:06:20","date_gmt":"2022-07-21T05:06:20","guid":{"rendered":"https:\/\/www.diarioimagen.net\/?p=554133"},"modified":"2022-07-21T04:44:08","modified_gmt":"2022-07-21T09:44:08","slug":"inflacion-y-carestia-la-nueva-ocurrencia","status":"publish","type":"post","link":"https:\/\/www.diarioimagen.net\/?p=554133","title":{"rendered":"Inflaci\u00f3n y carest\u00eda, la nueva ocurrencia"},"content":{"rendered":"<h2>As\u00ed las cosas&#8230;<\/h2>\n<h5>Humberto Mares N.<\/h5>\n<p>&nbsp;<\/p>\n<p>Como lo hemos visto desde siempre en este gobierno. En Palacio Nacional, por instrucciones de AMLO, se tendr\u00e1 una jueva secci\u00f3n en la ma\u00f1anera, para balconear, a\u00a0 los funcionarios de todos los niveles que ganan m\u00e1s que el Presidente de la Rep\u00fablica. Le aseguro que los primeros ser\u00e1n los Consejeros del Instituto Nacional Electoral, encabezando la lista Lorenzo C\u00f3rdova y Ciro Murayama, consejros electorales preferidos en Palacio Nacional.<\/p>\n<p>Ricardo Sheffield, Procurador Federal del Consumidor ser\u00e1 el encargado de elaborar la lista negra, perd\u00f3n, la lista de aspiracionistas consumados, que ganan m\u00e1s que el Presidente AMLO.<\/p>\n<p>Mientras esto sucede y balconean a quien quieran, la inflaci\u00f3n y la carest\u00eda sigue caminado contundentemente, sin que precisamente las autoridades federales y locales encargadas de detener y contralar el aumento de los precios, hagan algo al respecto.<\/p>\n<p>La intenci\u00f3n de la 4T va m\u00e1s all\u00e1 del balconeo de funcionarios. Es exhibir a los mal portados, que ha ca\u00eddo su buena imagen en Palacio Nacional y prometi\u00f3 incluir a jueces, consejeros y por supuesto funcionarios p\u00fablicos. Aunque no los mencion\u00f3, seguramente los gobernadores, sobre todo los de oposici\u00f3n, tendr\u00e1n un lugar importante.<\/p>\n<p>Ah\u00ed te lo e cargo, le dijo el Presidente AMLO al funcionario, en lo que considero ser\u00e1 un distractor muy efectivo, pero tambi\u00e9n ser\u00e1 un revelador de los \u00e1nimos de Palacio Nacional con respecto a funcionarios, que aparezcan en la lista negra.<\/p>\n<p><strong>La inflaci\u00f3n no cede<\/strong><\/p>\n<p>Mientras nos recetan y se cocina el siguiente platillo en Palacio Nacional, la Canaco de la Ciudad de M\u00e9xico, en voz de su presidente Jes\u00fas Rodr\u00edguez dio buenas noticias porque nos inform\u00f3 que en segundo trimestre de este a\u00f1o, las ventas en la ciudad se incrementaron en 192% y que de seguir igual, podr\u00edamos recuperar los niveles que ten\u00edamos antes de la pandemia, que fueron muy buenos, pero nunca como en el a\u00f1o 2019.<\/p>\n<p>A pesar de ello, el paquete contra la Inflaci\u00f3n y la Carest\u00eda, PACIC, implementado por el Gobierno Federal\u00a0 es arrollado por la inflaci\u00f3n y la carest\u00eda. El plan no logra contener el aumento de precios.<\/p>\n<p>A dos meses de que el gobierno y la iniciativa privada lanzaron el Paquete contra la Inflaci\u00f3n y la Carest\u00eda, el 4 de mayo, los precios de 17 de los 24 productos de la canasta b\u00e1sica incluidos registran aumentos, seg\u00fan datos del Inegi.<\/p>\n<p>Destacan los casos de la naranja, que de abril a junio se encareci\u00f3 en 49.7%, as\u00ed como la papa, con un alza de 44.2%. Los precios de los alimentos b\u00e1sicos en los autoservicios que la conforman se han incrementado en algunos casos han sido de m\u00e1s de cien por ciento.<\/p>\n<p style=\"text-align: center;\"><strong>El Senado<\/strong><\/p>\n<p>El Senado de la Rep\u00fablica entr\u00f3 en plena negociaci\u00f3n ante la necesidad de nombrar a quien fungir\u00e1 como Presidente del Senado para sustituir a la actual presidenta, Olga S\u00e1nchez Cordero, quien concluye su periodo en septiembre.<\/p>\n<p>En Morena, sus legisladores debaten su voto para definir entre el moderado Alejandro Armenta o el radical y duro Jos\u00e9 Narro C\u00e9spedes.<\/p>\n<p>Los aspirantes en campa\u00f1a abierta para presidir el senado de la Rep\u00fablica muestran su visi\u00f3n del poder Legislativo. Armenta plantea la importancia de mantener un di\u00e1logo con los poderes Judicial y Ejecutivo, en tanto que Narro habla de servir a la cuarta transformaci\u00f3n.<\/p>\n<p>Los legisladores deber\u00e1n de decir para iniciar el segundo periodo de sesiones de la actual Legislatura, para concluir en 2024.<\/p>\n<p style=\"text-align: center;\"><strong>El Tren Maya<\/strong><\/p>\n<p>Ya dej\u00f3 claro el Presidente AMLO y su 4T que la ley no es lo suyo y asegura que no hay desacato en el reinicio de obras del Tren Maya y argumenta:\u00a0 \u201cTenemos la facultad de utilizar la figura de seguridad nacional para destrabar el Tramo 5\u201d. \u201cEl Poder Judicial no ha actuado con celeridad para resolver en definitiva amparos. \u201cFrenar las obras caus\u00f3 elevado costo\u201d.<\/p>\n<p>Los especialistas en la materia aseguran que se est\u00e1 violando la Ley de Amparo y por tanto se est\u00e1 cometiendo un delito.<\/p>\n<p style=\"text-align: center;\"><strong>Moreno se aferra a la silla<\/strong><\/p>\n<p>Recurri\u00f3 a incorporar a sus filas a cinco ex gobernadores priistas que si bien tienen experiencia, pero no tanta como el peso pol\u00edtico y legislativo y sobre todo reconocimiento nacional como el grupo en desacuerdo y que piden la renuncia de Alejandro Moreno. La alineaci\u00f3n la comprenden Rolando Zapata, ex gobernador de Yucat\u00e1n; Jorge Herrera, de Durango; Joaqu\u00edn Hendricks, de Quintana Roo; Salvador Jara, de Michoac\u00e1n; e Ignacio Peralta, de Colima.<\/p>\n<p>Moreno no cede y se aferra a la silla, pero la imagen personal y del partido se deterioran a causa de la campa\u00f1a de audios divulgados por Layda Sansores. Alejandro Moreno asegura que en el partido no hay crisis y que los resultados de su gesti\u00f3n no fueron desastrosos. La gubernaturas que perdi\u00f3 durante su gesti\u00f3n fue a causa de los gobernadores pri\u00edstas que entregaron los gobiernos y los premiaron con embajadas, fueron gobernadores traidores, asegur\u00f3. As\u00ed las cosas, hasta pronto. Use cubrebocas.<\/p>\n<p><a href=\"mailto:hmares21@gmail.com\" target=\"_blank\" rel=\"noopener noreferrer\"><em>mares21@gmail.com<\/em><\/a><\/p>\n","protected":false},"excerpt":{"rendered":"<p><span style=\"color: #005497;\"><strong>Humberto Mares N.<\/strong><\/span><\/p>\n","protected":false},"author":3,"featured_media":0,"comment_status":"open","ping_status":"open","sticky":false,"template":"","format":"standard","meta":{"_monsterinsights_skip_tracking":false,"_monsterinsights_sitenote_active":false,"_monsterinsights_sitenote_note":"","_monsterinsights_sitenote_category":0,"footnotes":""},"categories":[15043],"tags":[92044,92045,43674],"class_list":["post-554133","post","type-post","status-publish","format-standard","hentry","category-humberto-mares-n","tag-asi-las-cosas","tag-humberto-mares-n","tag-opinion"],"_links":{"self":[{"href":"https:\/\/www.diarioimagen.net\/index.php?rest_route=\/wp\/v2\/posts\/554133","targetHints":{"allow":["GET"]}}],"collection":[{"href":"https:\/\/www.diarioimagen.net\/index.php?rest_route=\/wp\/v2\/posts"}],"about":[{"href":"https:\/\/www.diarioimagen.net\/index.php?rest_route=\/wp\/v2\/types\/post"}],"author":[{"embeddable":true,"href":"https:\/\/www.diarioimagen.net\/index.php?rest_route=\/wp\/v2\/users\/3"}],"replies":[{"embeddable":true,"href":"https:\/\/www.diarioimagen.net\/index.php?rest_route=%2Fwp%2Fv2%2Fcomments&post=554133"}],"version-history":[{"count":0,"href":"https:\/\/www.diarioimagen.net\/index.php?rest_route=\/wp\/v2\/posts\/554133\/revisions"}],"wp:attachment":[{"href":"https:\/\/www.diarioimagen.net\/index.php?rest_route=%2Fwp%2Fv2%2Fmedia&parent=554133"}],"wp:term":[{"taxonomy":"category","embeddable":true,"href":"https:\/\/www.diarioimagen.net\/index.php?rest_route=%2Fwp%2Fv2%2Fcategories&post=554133"},{"taxonomy":"post_tag","embeddable":true,"href":"https:\/\/www.diarioimagen.net\/index.php?rest_route=%2Fwp%2Fv2%2Ftags&post=554133"}],"curies":[{"name":"wp","href":"https:\/\/api.w.org\/{rel}","templated":true}]}}