{"id":554139,"date":"2022-07-21T00:07:10","date_gmt":"2022-07-21T05:07:10","guid":{"rendered":"https:\/\/www.diarioimagen.net\/?p=554139"},"modified":"2022-07-21T04:48:45","modified_gmt":"2022-07-21T09:48:45","slug":"morena-y-pt-no-logran-blindar-a-las-corcholatas-de-amlo","status":"publish","type":"post","link":"https:\/\/www.diarioimagen.net\/?p=554139","title":{"rendered":"Morena y PT no logran \u201cblindar\u201d a las \u201ccorcholatas\u201d de AMLO"},"content":{"rendered":"<h2>Clase Pol\u00edtica<\/h2>\n<h5>Miguel \u00c1ngel Rivera<\/h5>\n<p>&nbsp;<\/p>\n<p>El mal ejemplo cunde y, sobre todo, cuando se trata de agradar al jefe, l\u00edder y gu\u00eda.<\/p>\n<p>Esto, porque la\u00a0dirigencia nacional de Morena, encabezada por Mario Delgado, arremeti\u00f3 contra el Tribunal Electoral del Poder Judicial de la Federaci\u00f3n (TEPJF) por confirmar las medidas cautelares del INE contra los aspirantes presidenciales de Morena, para que se abstengan de realizar de convocar y realizar eventos proselitistas como los celebrados en el Estado de M\u00e9xico y Coahuila.<\/p>\n<p>As\u00ed como su l\u00edder moral, el presidente Andr\u00e9s Manuel L\u00f3pez Obrador, afirm\u00f3 en su momento \u201ca m\u00ed no me vengan con que la ley es la ley\u201d, el gerente de Movimiento de Regeneraci\u00f3n Nacional (Morena) anunci\u00f3 que, a pesar de las reconvenciones del Instituto Nacional Electoral (INE) y del Tribunal Electoral del Poder Judicial de la Federaci\u00f3n (TEPJF) de no realizar m\u00e1s actos anticipados de campa\u00f1a, advirti\u00f3 que sus aspirantes \u201cse mantendr\u00e1n en las calles\u201d.<\/p>\n<p>\u201cQue sepan que las y los integrantes de nuestro movimiento vamos a seguir en las calles, con la gente. As\u00ed nos ense\u00f1\u00f3 a luchar nuestro Presidente y as\u00ed lo seguiremos haciendo\u201d, desafi\u00f3 el dirigente nacional de Morena, Mario Delgado<\/p>\n<p>Tambi\u00e9n, como eco de anteriores comentarios del primer mandatario, el dirigente formal de Morena, en un mensaje en redes sociales, acus\u00f3 a los magistrados electorales de actuar de manera facciosa contra ese partido y asever\u00f3 que con ello les sigue el juego a algunos consejeros del INE.<\/p>\n<p>\u201cDesafortunadamente, el Tribunal Electoral del Poder Judicial de la Federaci\u00f3n (TEPJF) le ha seguido el juego a algunos consejeros del Instituto Nacional Electoral (INE), que est\u00e1n actuando de forma facciosa en contra de nuestro movimiento. Ahora resulta que nos piden abstenernos de organizarnos con militantes y simpatizantes en eventos p\u00fablicos\u201d, indic\u00f3 Delgado.<\/p>\n<p>Esto, porque la Sala Superior del Tribunal Electoral confirm\u00f3 el reciente martes el acuerdo dictado por la Comisi\u00f3n de Quejas y Denuncias del Instituto Nacional Electoral (INE), mediante el que se ordenan medidas cautelares contra los aspirantes presidenciales de Morena, as\u00ed como al dirigente nacional del partido, de abstenerse de convocar y realizar eventos proselitistas como los celebrados el Estado de M\u00e9xico y Coahuila, porque podr\u00edan vulnerar los principios que rigen a los procesos electorales y ser considerados como actos anticipados de campa\u00f1a.<\/p>\n<p>Pero, conforme al ejemplo del primer mandatario, que se salt\u00f3 un amparo concedido por un juez federal a los ambientalistas que se oponen al trazo del Tramo 5 del Tren Maya, el dirigente formal de Morena desatendi\u00f3 los mandatos de consejeros y magistrados electorales de no continuar con su promoci\u00f3n de las \u201ccorcholatas\u201d presidenciales.<\/p>\n<p>Previamente, al conocer el acuerdo del INE, luego ratificado por los magistrados electorales, Delgado calific\u00f3 a los consejeros electorales de \u201chip\u00f3critas\u201d.<\/p>\n<p>Delgado, quien desde que asumi\u00f3 la dirigencia se ha confrontado y descalificado persistentemente al INE, anticip\u00f3 tambi\u00e9n, a trav\u00e9s de su cuenta de Twitter, que Morena litigar\u00e1 las medidas cautelares al calificar de absurdo que se quiere limitar la participaci\u00f3n de servidores p\u00fablicos que pretendan aspirar a un cargo p\u00fablico en un futuro.<\/p>\n<p>\u201cImpugnaremos la decisi\u00f3n del INE porque es verdaderamente rid\u00edculo y desproporcionado lo que est\u00e1n planteando. Caso contrario al silencio que guardan ante las evidencias de c\u00f3mo el l\u00edder del PRI tuvo financiamiento il\u00edcito en la campa\u00f1a de 2021, de eso no dicen nada\u201d, escribi\u00f3.<\/p>\n<p>Las cr\u00edticas a los magistrados fueron secundadas por la secretaria general del partido, Citlalli Hern\u00e1ndez, quien calific\u00f3 el fallo del TEPJF de \u201cabuso\u201d y de \u201catentado a la libertad de expresi\u00f3n, reuni\u00f3n y asociaci\u00f3n pol\u00edtica\u201d.<\/p>\n<p>La que aparece de momento como la \u201ccorcholata\u201d preferida del presidente L\u00f3pez Obrador, la jefa de Gobierno de la Ciudad de M\u00e9xico, Claudia Sheinbaum, quien fundamenta su \u201ccampa\u00f1a\u201d en repetir las consignas del primer mandatario y de la dirigencia de su partido, tambi\u00e9n critic\u00f3\u00a0este mi\u00e9rcoles la resoluci\u00f3n del TEPJF.<\/p>\n<p>\u201cEsto es importante, se limita lo que es la libertad de expresi\u00f3n (\u2026) Se contradice con la libertad de expresi\u00f3n, no estamos de acuerdo, pero hay que acatar\u201d, dijo durante una conferencia de prensa.<\/p>\n<p style=\"text-align: center;\"><strong>Delgado amenaza con desaparecer al INE y al TEPJF<\/strong><\/p>\n<p>El dirigente formal de Morena no se limit\u00f3 a protestar contra las decisiones del INE y del TEPJF, sino que record\u00f3 que esas instituciones est\u00e1n en riesgo de desaparecer o, al menos, sean reformadas radicalmente, de aprobarse la iniciativa de reforma electoral enviada por el presidente L\u00f3pez Obrador y que actualmente est\u00e1 a cargo de la C\u00e1mara de Diputados.<\/p>\n<p>Delgado dijo que\u00a0urge la reforma electoral, la cual supuestamente permitir\u00eda a los mexicanos vivir en democracia y ejercer libremente sus derechos pol\u00edticos. En realidad, uno de los aspectos centrales de la iniciativa presidencial consiste en eliminar a los actuales consejeros y magistrados electorales.<\/p>\n<p>La situaci\u00f3n se complica porque algunas de las \u201ccorcholatas\u201d ya tienen amenaza de sanciones, que pueden llegar a impedirles el registro como candidatos presidenciales, por haber realizado campa\u00f1a, pese a la prohibici\u00f3n expresa de las autoridades electorales durante la fallida \u201cconsulta popular\u201d para la revocaci\u00f3n de mandato.<\/p>\n<p>Al respecto, trascendi\u00f3 que Morena y su sat\u00e9lite, el PT, presentaron dos acciones de inconstitucionalidad ante la Suprema Corte de Justicia de la Naci\u00f3n (SCJN) con el fin de impugnar los criterios que estableci\u00f3 el Tribunal Electoral del Poder Judicial de la Federaci\u00f3n (TEPJF) en contra de las \u201ccorcholatas\u201d de Andr\u00e9s Manuel L\u00f3pez Obrador.<\/p>\n<p>Esos dos partidos de la llamada Cuarta Transformaci\u00f3n pretenden que se cambien los criterios expuestos por los magistrados electorales, pues seg\u00fan la legislaci\u00f3n electoral, los precandidatos presidenciales culpables de actos anticipados de campa\u00f1a podr\u00edan ser castigados con la p\u00e9rdida del registro.<\/p>\n<p>Un ministro de la Suprema Corte de Justicia de la Naci\u00f3n (SCJN) desech\u00f3 las acciones de inconstitucionalidad presentadas por Morena y PT.<\/p>\n<p>\u201cSe desechan de plano, por notoriamente improcedentes, las acciones de inconstitucionalidad promovidas por Mario Mart\u00edn Delgado Carrillo, quien se ostenta como persona titular de la Presidencia del Comit\u00e9 Ejecutivo Nacional de Morena y por los integrantes de la Comisi\u00f3n Coordinadora Nacional del Partido del Trabajo\u201d, se\u00f1ala el resolutivo del m\u00e1ximo tribunal.<\/p>\n<p>El criterio puede ser aplicable a 15 gobernadores y a la jefa de Gobierno de la Ciudad de M\u00e9xico, Claudia Sheinbaum, pues el TEPJF determin\u00f3 que incurrieron en \u201cil\u00edcitos constitucionales\u201d y desobediencia durante el proceso de revocaci\u00f3n de mandato tras difundir propaganda gubernamental y personalizada.<\/p>\n<p>Mientras tanto, el coordinador de los diputados federales de Morena, Ignacio Mier Velazco, contin\u00faa en su esfuerzo de hacer que se olviden todas las denuncias en su contra -especialmente las acusaciones de parte del gobierno de Puebla por manejo de dinero de procedencia il\u00edcita- mediante el recurso de hacer que se apruebe la iniciativa presidencial de reforma electoral, que como apuntamos implica la desaparici\u00f3n del INE y del TEPJF como actualmente los conocemos para dejar en manos del gobierno federal la conducci\u00f3n de todos los procesos electorales.<\/p>\n<p>Con el voto mayoritario de Morena, PVEM y PT, la Junta de Coordinaci\u00f3n Pol\u00edtica de la C\u00e1mara de Diputados aprob\u00f3 un acuerdo para celebrar el parlamento abierto sobre la reforma electoral del 26 de julio al 25 de agosto, para lo cual se autoriz\u00f3 un presupuesto de 20 millones de pesos.<\/p>\n<p>El llamado bloque opositor, integrado por el PAN, PRI y PRD, a los que se sum\u00f3 el MC, se abstuvieron en la votaci\u00f3n, aunque el coordinador perredista Luis Ch\u00e1zaro inform\u00f3 que la coalici\u00f3n legislativa \u201cVa por M\u00e9xico\u201d prev\u00e9 organizar sus propios foros en paralelo para analizar la iniciativa presidencial.<\/p>\n<p>El coordinador de Morena, el mencionado Ignacio Mier, anticip\u00f3 que la Junta de Coordinaci\u00f3n Pol\u00edtica integrar\u00e1 las conclusiones de los foros y las turnar\u00e1 a las comisiones de Puntos Constitucionales y de Reforma Pol\u00edtica Electoral a m\u00e1s tardar el 1 de septiembre, a fin de tenerlas listas para el inicio del siguiente periodo ordinario de sesiones, que se iniciar\u00e1 el 1 de septiembre.<\/p>\n<p><em><a href=\"mailto:riparcangel@hotmail.com\" target=\"_blank\" rel=\"noopener noreferrer\">riparcangel@hotmail.com<\/a><\/em><\/p>\n","protected":false},"excerpt":{"rendered":"<p><span style=\"color: #005497;\"><strong>Miguel \u00c1ngel Rivera<\/strong><\/span<\/span><\/p>\n","protected":false},"author":3,"featured_media":0,"comment_status":"open","ping_status":"open","sticky":false,"template":"","format":"standard","meta":{"_monsterinsights_skip_tracking":false,"_monsterinsights_sitenote_active":false,"_monsterinsights_sitenote_note":"","_monsterinsights_sitenote_category":0,"footnotes":""},"categories":[84119],"tags":[84120,84121,43674],"class_list":["post-554139","post","type-post","status-publish","format-standard","hentry","category-miguel-angel-rivera","tag-clase-politica","tag-miguel-angel-rivera","tag-opinion"],"_links":{"self":[{"href":"https:\/\/www.diarioimagen.net\/index.php?rest_route=\/wp\/v2\/posts\/554139","targetHints":{"allow":["GET"]}}],"collection":[{"href":"https:\/\/www.diarioimagen.net\/index.php?rest_route=\/wp\/v2\/posts"}],"about":[{"href":"https:\/\/www.diarioimagen.net\/index.php?rest_route=\/wp\/v2\/types\/post"}],"author":[{"embeddable":true,"href":"https:\/\/www.diarioimagen.net\/index.php?rest_route=\/wp\/v2\/users\/3"}],"replies":[{"embeddable":true,"href":"https:\/\/www.diarioimagen.net\/index.php?rest_route=%2Fwp%2Fv2%2Fcomments&post=554139"}],"version-history":[{"count":0,"href":"https:\/\/www.diarioimagen.net\/index.php?rest_route=\/wp\/v2\/posts\/554139\/revisions"}],"wp:attachment":[{"href":"https:\/\/www.diarioimagen.net\/index.php?rest_route=%2Fwp%2Fv2%2Fmedia&parent=554139"}],"wp:term":[{"taxonomy":"category","embeddable":true,"href":"https:\/\/www.diarioimagen.net\/index.php?rest_route=%2Fwp%2Fv2%2Fcategories&post=554139"},{"taxonomy":"post_tag","embeddable":true,"href":"https:\/\/www.diarioimagen.net\/index.php?rest_route=%2Fwp%2Fv2%2Ftags&post=554139"}],"curies":[{"name":"wp","href":"https:\/\/api.w.org\/{rel}","templated":true}]}}