{"id":554217,"date":"2022-07-22T00:02:33","date_gmt":"2022-07-22T05:02:33","guid":{"rendered":"https:\/\/www.diarioimagen.net\/?p=554217"},"modified":"2022-07-22T04:32:15","modified_gmt":"2022-07-22T09:32:15","slug":"llevan-caravana-de-salud-en-tlalnepantla-incluidas-las-pruebas-rapidas-de-coronavirus","status":"publish","type":"post","link":"https:\/\/www.diarioimagen.net\/?p=554217","title":{"rendered":"Llevan Caravana de Salud en Tlalnepantla, incluidas las pruebas r\u00e1pidas de coronavirus"},"content":{"rendered":"<p>&nbsp;<\/p>\n<ul>\n<li><em><strong>En la colonia Ejidos de Tepeolulco<\/strong><\/em><\/li>\n<\/ul>\n<p>&nbsp;<\/p>\n<div id=\"attachment_554341\" style=\"width: 470px\" class=\"wp-caption aligncenter\"><a href=\"https:\/\/www.diarioimagen.net\/?attachment_id=554341\" rel=\"attachment wp-att-554341\"><img loading=\"lazy\" decoding=\"async\" aria-describedby=\"caption-attachment-554341\" class=\"size-full wp-image-554341\" src=\"https:\/\/www.diarioimagen.net\/wp-content\/uploads\/2022\/07\/BAENA3-11.jpg\" alt=\"\" width=\"460\" height=\"270\" \/><\/a><p id=\"caption-attachment-554341\" class=\"wp-caption-text\">Caravana de la Salud en la colonia Ejidos de Tepeolulco, con el fin de acercar los servicios m\u00e9dicos, asesor\u00eda jur\u00eddica y prevenci\u00f3n de adicciones a la poblaci\u00f3n.<\/p><\/div>\n<p>&nbsp;<\/p>\n<p><strong>Tlalnepantla, Estado de M\u00e9xico.\u2014<\/strong> Con la inclusi\u00f3n de pruebas r\u00e1pidas de Covid-19, el gobierno de Tlalnepantla a trav\u00e9s de la Directora del DIF Municipal, Mar\u00eda de Lourdes Montiel, inici\u00f3 la Caravana de la Salud en la colonia Ejidos de Tepeolulco, con el fin de acercar, de manera gratuita, los servicios m\u00e9dicos, asesor\u00eda jur\u00eddica y prevenci\u00f3n de adicciones a la poblaci\u00f3n de la zona Oriente, en cumplimiento al compromiso de campa\u00f1a que hizo el Alcalde, Marco Antonio Rodr\u00edguez Hurtado.<\/p>\n<p>En representaci\u00f3n de Tony Rodr\u00edguez, el secretario del Ayuntamiento, Edmundo Ranero Barrera acompa\u00f1ado de la titular del DIF Municipal y los regidores Teresa Gardu\u00f1o y Christian Quintana, exhort\u00f3 a los vecinos a aprovechar esta campa\u00f1a que estar\u00e1 hasta el domingo, \u201cy que nos hagamos un chequeo\u201d, pues todos los doctores son especialistas y no improvisados, dijo.<\/p>\n<p>\u201cLo que quiere Tony Rodr\u00edguez es que ustedes se sientan bien, est\u00e9n tranquilos; este servicio va a estar a partir del d\u00eda mi\u00e9rcoles al domingo. Que les hagan una consulta general a partir de ahorita, aprovech\u00e9moslo, son hospitales m\u00f3viles y no tengan que ir al hospital, aqu\u00ed est\u00e1 para ustedes\u201d, expres\u00f3.<\/p>\n<p>Ranero Barrera coment\u00f3 que en esta campa\u00f1a de la salud se ofrecen pruebas para detectar coronavirus, mastograf\u00edas, psicolog\u00eda, salud visual y dental; audiolog\u00eda, consultas m\u00e9dicas; Papanicolaou, estudios de laboratorio, ex\u00e1menes de glucosa y s\u00edfilis.<\/p>\n","protected":false},"excerpt":{"rendered":"<p>Con la inclusi\u00f3n de pruebas r\u00e1pidas de Covid-19, el gobierno de Tlalnepantla a trav\u00e9s de la Directora del DIF Municipal, Mar\u00eda de Lourdes Montiel, inici\u00f3 la Caravana de la Salud en la colonia Ejidos de Tepeolulco, con el fin de acercar, de manera gratuita, los servicios m\u00e9dicos, asesor\u00eda jur\u00eddica y prevenci\u00f3n de adicciones a la poblaci\u00f3n de la zona Oriente, en cumplimiento al compromiso de campa\u00f1a que hizo el Alcalde, Marco Antonio Rodr\u00edguez Hurtado.<\/p>\n","protected":false},"author":3,"featured_media":554341,"comment_status":"open","ping_status":"open","sticky":false,"template":"","format":"standard","meta":{"_monsterinsights_skip_tracking":false,"_monsterinsights_sitenote_active":false,"_monsterinsights_sitenote_note":"","_monsterinsights_sitenote_category":0,"footnotes":""},"categories":[5],"tags":[96022,43675,169],"class_list":["post-554217","post","type-post","status-publish","format-standard","has-post-thumbnail","hentry","category-estado-de-mexico","tag-ejidos-de-tepeolulco","tag-estado-de-mexico","tag-tlalnepantla"],"_links":{"self":[{"href":"https:\/\/www.diarioimagen.net\/index.php?rest_route=\/wp\/v2\/posts\/554217","targetHints":{"allow":["GET"]}}],"collection":[{"href":"https:\/\/www.diarioimagen.net\/index.php?rest_route=\/wp\/v2\/posts"}],"about":[{"href":"https:\/\/www.diarioimagen.net\/index.php?rest_route=\/wp\/v2\/types\/post"}],"author":[{"embeddable":true,"href":"https:\/\/www.diarioimagen.net\/index.php?rest_route=\/wp\/v2\/users\/3"}],"replies":[{"embeddable":true,"href":"https:\/\/www.diarioimagen.net\/index.php?rest_route=%2Fwp%2Fv2%2Fcomments&post=554217"}],"version-history":[{"count":0,"href":"https:\/\/www.diarioimagen.net\/index.php?rest_route=\/wp\/v2\/posts\/554217\/revisions"}],"wp:featuredmedia":[{"embeddable":true,"href":"https:\/\/www.diarioimagen.net\/index.php?rest_route=\/wp\/v2\/media\/554341"}],"wp:attachment":[{"href":"https:\/\/www.diarioimagen.net\/index.php?rest_route=%2Fwp%2Fv2%2Fmedia&parent=554217"}],"wp:term":[{"taxonomy":"category","embeddable":true,"href":"https:\/\/www.diarioimagen.net\/index.php?rest_route=%2Fwp%2Fv2%2Fcategories&post=554217"},{"taxonomy":"post_tag","embeddable":true,"href":"https:\/\/www.diarioimagen.net\/index.php?rest_route=%2Fwp%2Fv2%2Ftags&post=554217"}],"curies":[{"name":"wp","href":"https:\/\/api.w.org\/{rel}","templated":true}]}}