{"id":554219,"date":"2022-07-22T00:01:00","date_gmt":"2022-07-22T05:01:00","guid":{"rendered":"https:\/\/www.diarioimagen.net\/?p=554219"},"modified":"2022-07-22T04:31:33","modified_gmt":"2022-07-22T09:31:33","slug":"armando-navarrete-bien-posicionado-en-encuesta-rumbo-a-definicion-de-comites-de-defensa-de-la-4t","status":"publish","type":"post","link":"https:\/\/www.diarioimagen.net\/?p=554219","title":{"rendered":"Armando Navarrete, bien posicionado en encuesta rumbo a definici\u00f3n de comit\u00e9s de defensa de la 4T"},"content":{"rendered":"<p>&nbsp;<\/p>\n<ul>\n<li><em><strong>Nueva generaci\u00f3n de pol\u00edticos mexiquenses<\/strong><\/em><\/li>\n<\/ul>\n<p><strong>\u00a0<\/strong><\/p>\n<h6>Arturo Baena<\/h6>\n<p>&nbsp;<\/p>\n<div id=\"attachment_554338\" style=\"width: 470px\" class=\"wp-caption aligncenter\"><a href=\"https:\/\/www.diarioimagen.net\/?attachment_id=554338\" rel=\"attachment wp-att-554338\"><img loading=\"lazy\" decoding=\"async\" aria-describedby=\"caption-attachment-554338\" class=\"size-full wp-image-554338\" src=\"https:\/\/www.diarioimagen.net\/wp-content\/uploads\/2022\/07\/BAENA1-13.jpg\" alt=\"\" width=\"460\" height=\"270\" \/><\/a><p id=\"caption-attachment-554338\" class=\"wp-caption-text\">El posicionamiento de Armando Navarrete entre los primeros lugares de dicha encuesta, representa la fuerza de una nueva generaci\u00f3n de pol\u00edticos mexiquenses.<\/p><\/div>\n<p>&nbsp;<\/p>\n<p><strong>Nicol\u00e1s Romero, Estado de M\u00e9xico.\u2014<\/strong> El presidente municipal de esta localidad, Armando Navarrete, qued\u00f3 bien posicionado\u00a0 rumbo a la definici\u00f3n de la Coordinaci\u00f3n de Organizaci\u00f3n de los Comit\u00e9s de Defensa de la Cuarta Transformaci\u00f3n, al obtener un excelente resultado en la encuesta de reconocimiento de Morena, al lograr la segunda posici\u00f3n dentro de los pol\u00edticos j\u00f3venes del partido, y la quinta, en la lista de los que alcanzaron los mayores niveles de conocimiento p\u00fablico.<\/p>\n<p>El posicionamiento de Armando Navarrete entre los primeros lugares de dicha encuesta, representa la fuerza de una nueva generaci\u00f3n de pol\u00edticos mexiquenses, caracterizados por su dinamismo, alto nivel de compromiso con los ciudadanos y con los principios rectores de morena: no mentir, no robar y no traicionar al pueblo. Cabe mencionar, que en la encuesta de reconocimiento, -la primera de tres para nombrar a quien habr\u00e1 de coordinador los comit\u00e9s de la 4T-, Armando Navarrete se midi\u00f3 con otros 47 aspirantes y junto con el presidente municipal de Ecatepec, Luis Fernando Vilchis Contreras, consigui\u00f3 los resultados m\u00e1s destacados entre los l\u00edderes de morena m\u00e1s j\u00f3venes. La primera posici\u00f3n, fue para el senador Higinio Mart\u00ednez Miranda.<\/p>\n<p>Asimismo, el edil Navarrete L\u00f3pez, es el \u00fanico alcalde morenista que logr\u00f3 su reelecci\u00f3n dentro de la regi\u00f3n nororiente del Estado de M\u00e9xico y su labor como presidente municipal, ha trascendido los l\u00edmites de Nicol\u00e1s Romero, al convertir a esta demarcaci\u00f3n, en un referente metropolitano y al establecer trascendentales acuerdos de coordinaci\u00f3n institucional, con otros municipios de la zona.<\/p>\n<p>En el caso de las mujeres, la secretaria de Organizaci\u00f3n del comit\u00e9 nacional de morena, X\u00f3chitl Zagal Ram\u00edrez, tambi\u00e9n parte de esta nueva camada de pol\u00edticos de la izquierda, qued\u00f3 en la segunda posici\u00f3n, tras medirse con otras 19 mujeres que participaron en esta primera fase. El primer lugar lo obtuvo la titular de la Secretar\u00eda de Educaci\u00f3n P\u00fablica (SEP), Delfina G\u00f3mez \u00c1lvarez. Pese a su juventud, X\u00f3chitl Zagal ha desarrollado una vertiginosa carrera pol\u00edtica, siendo parte actualmente del comit\u00e9 nacional de morena, contando tambi\u00e9n con experiencia legislativa, ya que ha fungido como diputada federal.<\/p>\n","protected":false},"excerpt":{"rendered":"<p>El presidente municipal de esta localidad, Armando Navarrete, qued\u00f3 bien posicionado\u00a0 rumbo a la definici\u00f3n de la Coordinaci\u00f3n de Organizaci\u00f3n de los Comit\u00e9s de Defensa de la Cuarta Transformaci\u00f3n, al obtener un excelente resultado en la encuesta de reconocimiento de Morena, al lograr la segunda posici\u00f3n dentro de los pol\u00edticos j\u00f3venes del partido, y la quinta, en la lista de los que alcanzaron los mayores niveles de conocimiento p\u00fablico.<\/p>\n","protected":false},"author":3,"featured_media":554338,"comment_status":"open","ping_status":"open","sticky":false,"template":"","format":"standard","meta":{"_monsterinsights_skip_tracking":false,"_monsterinsights_sitenote_active":false,"_monsterinsights_sitenote_note":"","_monsterinsights_sitenote_category":0,"footnotes":""},"categories":[5],"tags":[81770,43675,752],"class_list":["post-554219","post","type-post","status-publish","format-standard","has-post-thumbnail","hentry","category-estado-de-mexico","tag-armando-navarrete","tag-estado-de-mexico","tag-nicolas-romero"],"_links":{"self":[{"href":"https:\/\/www.diarioimagen.net\/index.php?rest_route=\/wp\/v2\/posts\/554219","targetHints":{"allow":["GET"]}}],"collection":[{"href":"https:\/\/www.diarioimagen.net\/index.php?rest_route=\/wp\/v2\/posts"}],"about":[{"href":"https:\/\/www.diarioimagen.net\/index.php?rest_route=\/wp\/v2\/types\/post"}],"author":[{"embeddable":true,"href":"https:\/\/www.diarioimagen.net\/index.php?rest_route=\/wp\/v2\/users\/3"}],"replies":[{"embeddable":true,"href":"https:\/\/www.diarioimagen.net\/index.php?rest_route=%2Fwp%2Fv2%2Fcomments&post=554219"}],"version-history":[{"count":0,"href":"https:\/\/www.diarioimagen.net\/index.php?rest_route=\/wp\/v2\/posts\/554219\/revisions"}],"wp:featuredmedia":[{"embeddable":true,"href":"https:\/\/www.diarioimagen.net\/index.php?rest_route=\/wp\/v2\/media\/554338"}],"wp:attachment":[{"href":"https:\/\/www.diarioimagen.net\/index.php?rest_route=%2Fwp%2Fv2%2Fmedia&parent=554219"}],"wp:term":[{"taxonomy":"category","embeddable":true,"href":"https:\/\/www.diarioimagen.net\/index.php?rest_route=%2Fwp%2Fv2%2Fcategories&post=554219"},{"taxonomy":"post_tag","embeddable":true,"href":"https:\/\/www.diarioimagen.net\/index.php?rest_route=%2Fwp%2Fv2%2Ftags&post=554219"}],"curies":[{"name":"wp","href":"https:\/\/api.w.org\/{rel}","templated":true}]}}