{"id":554230,"date":"2022-07-22T00:06:56","date_gmt":"2022-07-22T05:06:56","guid":{"rendered":"https:\/\/www.diarioimagen.net\/?p=554230"},"modified":"2022-07-25T02:50:55","modified_gmt":"2022-07-25T07:50:55","slug":"investigadores-de-zumpango-de-la-uaemex-desarrollaron-baston-inteligente-para-personas-con-discapacidad-visual","status":"publish","type":"post","link":"https:\/\/www.diarioimagen.net\/?p=554230","title":{"rendered":"Investigadores de Zumpango de la UAEM\u00e9x desarrollaron bast\u00f3n inteligente para personas con discapacidad visual"},"content":{"rendered":"<p><em>\u00a0<\/em><\/p>\n<ul>\n<li><strong><em>Cuenta con diversos sensores que, mediante sonidos y vibraciones en la mano del usuario, indican sobre obst\u00e1culos, por ejemplo, escaleras, hoyos, puertas \u2014incluso de vidrio\u2014 y aquellos que pudieran golpear la cara<\/em><\/strong><\/li>\n<\/ul>\n<p>&nbsp;<\/p>\n<div id=\"attachment_554296\" style=\"width: 470px\" class=\"wp-caption aligncenter\"><a href=\"https:\/\/www.diarioimagen.net\/?attachment_id=554296\" rel=\"attachment wp-att-554296\"><img loading=\"lazy\" decoding=\"async\" aria-describedby=\"caption-attachment-554296\" class=\"size-full wp-image-554296\" src=\"https:\/\/www.diarioimagen.net\/wp-content\/uploads\/2022\/07\/uaem-14.jpg\" alt=\"\" width=\"460\" height=\"270\" \/><\/a><p id=\"caption-attachment-554296\" class=\"wp-caption-text\">Cuenta con tecnolog\u00eda GPS que permite trazar rutas y, a trav\u00e9s de comandos de voz, conducir al usuario a diversos destinos como su casa o el trabajo.<\/p><\/div>\n<p>&nbsp;<\/p>\n<p><strong>Zumpango, Estado de M\u00e9xico.\u2014<\/strong> Los integrantes del Cuerpo Acad\u00e9mico \u201cTecnolog\u00edas Computacionales Aplicadas\u201d del Centro Universitario Zumpango de la Universidad Aut\u00f3noma del Estado de M\u00e9xico (UAEM\u00e9x) desarrollaron un bast\u00f3n blanco inteligente con sensores ultras\u00f3nicos y GPS -Sistema de Posicionamiento Global-, con el prop\u00f3sito de facilitar y hacer m\u00e1s segura la movilidad de personas con alguna discapacidad visual.<\/p>\n<p>Valent\u00edn Trujillo Mora, l\u00edder de dicho cuerpo acad\u00e9mico, explic\u00f3 que el color blanco del bast\u00f3n es s\u00edmbolo universal de discapacidad visual y permite que quienes lo usan sean reconocidos y, en caso de ser necesario, puedan ser auxiliados por otras personas.<\/p>\n<p>Precis\u00f3 que el bast\u00f3n desarrollado en este campus de la M\u00e1xima Casa de Estudios mexiquense cuenta con diversos sensores que, mediante sonidos y vibraciones en la mano del usuario, indican sobre obst\u00e1culos, por ejemplo, escaleras, hoyos, puertas -incluso de vidrio- y aquellos que pudieran golpear la cara.<\/p>\n<p>Adem\u00e1s, abund\u00f3, cuenta con tecnolog\u00eda GPS que permite trazar rutas y, a trav\u00e9s de comandos de voz, conducir al usuario a diversos destinos como su casa o el trabajo.<\/p>\n<p>La inquietud de desarrollar esta herramienta, que adem\u00e1s es ligera, plegable y est\u00e1 elaborada con materiales sumamente resistentes, manifest\u00f3, naci\u00f3 de la intenci\u00f3n de apoyar a algunos alumnos con discapacidad visual que realizaban estudios en el Centro Universitario UAEM Zumpango.\u00a0 Por ahora, inform\u00f3, se cuenta con el prototipo y se eval\u00faa la posibilidad de patentar ciertas partes del dispositivo y, posteriormente, explorar las condiciones para su comercializaci\u00f3n.<\/p>\n<p>Sin duda, afirm\u00f3, existen bastones similares, pero la idea es que este sea m\u00e1s completo y con mayor funcionalidad; \u201cpor ejemplo, queremos agregarle un identificador de huella digital y otras funciones para que no cualquier persona lo pueda usar\u201d, dijo.<\/p>\n<p>Valent\u00edn Trujillo Mora asever\u00f3 que el bast\u00f3n, en cuyo desarrollo tambi\u00e9n participaron estudiantes, ya ha sido probado por universitarios y personas ajenas a la instituci\u00f3n, con opiniones realmente favorables.<\/p>\n<p>Sin duda, asegur\u00f3, este bast\u00f3n proporciona al usuario con discapacidad visual diversas ventajas para ampliar su movilidad de forma segura, lo que en definitiva sirve para mejorar su calidad de vida.<\/p>\n","protected":false},"excerpt":{"rendered":"<p>Los integrantes del Cuerpo Acad\u00e9mico \u201cTecnolog\u00edas Computacionales Aplicadas\u201d del Centro Universitario Zumpango de la Universidad Aut\u00f3noma del Estado de M\u00e9xico (UAEM\u00e9x) desarrollaron un bast\u00f3n blanco inteligente con sensores ultras\u00f3nicos y GPS -Sistema de Posicionamiento Global-, con el prop\u00f3sito de facilitar y hacer m\u00e1s segura la movilidad de personas con alguna discapacidad visual.<\/p>\n","protected":false},"author":3,"featured_media":554296,"comment_status":"open","ping_status":"open","sticky":false,"template":"","format":"standard","meta":{"_monsterinsights_skip_tracking":false,"_monsterinsights_sitenote_active":false,"_monsterinsights_sitenote_note":"","_monsterinsights_sitenote_category":0,"footnotes":""},"categories":[5],"tags":[83418,94358,51639,1491],"class_list":["post-554230","post","type-post","status-publish","format-standard","has-post-thumbnail","hentry","category-estado-de-mexico","tag-gps","tag-inteligente","tag-personas","tag-uaem"],"_links":{"self":[{"href":"https:\/\/www.diarioimagen.net\/index.php?rest_route=\/wp\/v2\/posts\/554230","targetHints":{"allow":["GET"]}}],"collection":[{"href":"https:\/\/www.diarioimagen.net\/index.php?rest_route=\/wp\/v2\/posts"}],"about":[{"href":"https:\/\/www.diarioimagen.net\/index.php?rest_route=\/wp\/v2\/types\/post"}],"author":[{"embeddable":true,"href":"https:\/\/www.diarioimagen.net\/index.php?rest_route=\/wp\/v2\/users\/3"}],"replies":[{"embeddable":true,"href":"https:\/\/www.diarioimagen.net\/index.php?rest_route=%2Fwp%2Fv2%2Fcomments&post=554230"}],"version-history":[{"count":0,"href":"https:\/\/www.diarioimagen.net\/index.php?rest_route=\/wp\/v2\/posts\/554230\/revisions"}],"wp:featuredmedia":[{"embeddable":true,"href":"https:\/\/www.diarioimagen.net\/index.php?rest_route=\/wp\/v2\/media\/554296"}],"wp:attachment":[{"href":"https:\/\/www.diarioimagen.net\/index.php?rest_route=%2Fwp%2Fv2%2Fmedia&parent=554230"}],"wp:term":[{"taxonomy":"category","embeddable":true,"href":"https:\/\/www.diarioimagen.net\/index.php?rest_route=%2Fwp%2Fv2%2Fcategories&post=554230"},{"taxonomy":"post_tag","embeddable":true,"href":"https:\/\/www.diarioimagen.net\/index.php?rest_route=%2Fwp%2Fv2%2Ftags&post=554230"}],"curies":[{"name":"wp","href":"https:\/\/api.w.org\/{rel}","templated":true}]}}