{"id":554234,"date":"2022-07-22T00:03:36","date_gmt":"2022-07-22T05:03:36","guid":{"rendered":"https:\/\/www.diarioimagen.net\/?p=554234"},"modified":"2022-07-25T02:50:32","modified_gmt":"2022-07-25T07:50:32","slug":"nuestra-politica-energetica-se-define-en-mexico-amlo-a-estados-unidos-y-canada","status":"publish","type":"post","link":"https:\/\/www.diarioimagen.net\/?p=554234","title":{"rendered":"Nuestra pol\u00edtica energ\u00e9tica se define en M\u00e9xico: AMLO a Estados Unidos y Canad\u00e1"},"content":{"rendered":"<p><strong>\u00a0<\/strong><\/p>\n<h3 style=\"text-align: center;\">\u201cNo se negociar\u00e1 el dominio del petr\u00f3leo\u201d<\/h3>\n<p>&nbsp;<\/p>\n<ul>\n<li><strong><em>Feminicidios e inseguridad, producto de la influencia del neoliberalismo, dice el Presidente<\/em><\/strong><\/li>\n<\/ul>\n<p>&nbsp;<\/p>\n<div id=\"attachment_554290\" style=\"width: 470px\" class=\"wp-caption aligncenter\"><a href=\"https:\/\/www.diarioimagen.net\/?attachment_id=554290\" rel=\"attachment wp-att-554290\"><img loading=\"lazy\" decoding=\"async\" aria-describedby=\"caption-attachment-554290\" class=\"size-full wp-image-554290\" src=\"https:\/\/www.diarioimagen.net\/wp-content\/uploads\/2022\/07\/amlo22.jpg\" alt=\"\" width=\"460\" height=\"270\" \/><\/a><p id=\"caption-attachment-554290\" class=\"wp-caption-text\">El presidente Andr\u00e9s Manuel L\u00f3pez Obrador asegur\u00f3 que su gobierno tiene \u201cmuch\u00edsimos elementos\u201d para responder a EU y Canad\u00e1 sobre pol\u00edtica energ\u00e9tica.<\/p><\/div>\n<p>&nbsp;<\/p>\n<p>Tras la solicitudes solicitudes de los gobiernos de Estados Unidos y Canad\u00e1 de consultas por el T-MEC sobre la pol\u00edtica energ\u00e9tica de M\u00e9xico, el presidente Andr\u00e9s manuel L\u00f3pez Obrador declar\u00f3 que ese tipo de decisiones se definen en el pa\u00eds, sin influencia de otras naciones y advirti\u00f3 que se defender\u00e1 si hay alguna sanci\u00f3n, \u201cno vamos a quedarnos con los brazos cruzados\u201d<\/p>\n<p>\u201cVamos a llevar a cabo lo que nos corresponde y dejar de manifiesto que no hay ninguna violaci\u00f3n al tratado y aclarar que podemos tener relaciones comerciales, pero nuestras pol\u00edticas las definimos en M\u00e9xico y tienen que ver con nuestra Constituci\u00f3n y con las leyes\u201d, dijo.<\/p>\n<p>En conferencia de prensa matutina, el jefe del Ejecutivo federal asegur\u00f3 que tiene \u201cindicios\u201d de que esta controversia tiene que ver con \u201cintereses creados\u201d que se sintieron afectados porque el gobierno federal les puso un alto \u201cun hasta aqu\u00ed\u201d y comenzaron a hacer trabajo en Estados Unidos.<\/p>\n<p>\u201cPodemos tener relaciones comerciales, pero nuestras pol\u00edticas las definimos en M\u00e9xico y tienen que ver con nuestra Constituci\u00f3n y con las leyes, por ejemplo en el tema energ\u00e9tico nosotros no vamos a poner en negociaci\u00f3n el dominio de la naci\u00f3n, del pueblo de M\u00e9xico sobre el petr\u00f3leo. Eso est\u00e1 clar\u00edsimo, el petr\u00f3leo es de los mexicanos.<\/p>\n<p>\u201cTenemos much\u00edsimos elementos para responder y si se trata de una sanci\u00f3n de tipo pol\u00edtico, pues tambi\u00e9n nos vamos a defender. Yo tengo indicios de que esto tiene que ver con los intereses creados que se sienten afectados porque se dedicaron a saquear a M\u00e9xico y que como se les puso un alto, un hasta aqu\u00ed, empezaron a hacer trabajo en Estados Unidos, y logran esto, pero si no hay raz\u00f3n, nosotros no vamos a quedarnos con los brazos cruzados\u201d, dijo.<\/p>\n<p>El presidente L\u00f3pez Obrador revel\u00f3 que le pidi\u00f3 a Jes\u00fas Seade Kuri, embajador de M\u00e9xico en China y negociador del T-MEC en 2018, que apoye en la respuesta que dar\u00e1 su gobierno a las consultas solicitadas por Estados Unidos y Canad\u00e1 por la pol\u00edtica energ\u00e9tica de M\u00e9xico.<\/p>\n<p style=\"text-align: center;\"><strong>Feminicidios e inseguridad, producto de<br \/>\nla influencia del neoliberalismo: AMLO<\/strong><\/p>\n<p>En otro tema, el\u00a0 mandatario federal afirm\u00f3 que durante el per\u00edodo neoliberal los valores familiares se trastocaron, pues la pol\u00edtica fue de saqueo y ambici\u00f3n por el dinero, lo cual gener\u00f3 un ambiente de inseguridad y violencia que no se ha podido contener.<\/p>\n<p>\u201c\u00bfC\u00f3mo vamos a lograr una sociedad mejor? Hay que imprimir valores, fortalecerlos. Porque se trastocaron con la pol\u00edtica neoliberal. \u00bfY qu\u00e9 tiene que ver la autoridad? Mucho, porque la autoridad da ejemplos, imag\u00ednate que hubo un presidente hace poco que lleg\u00f3 a decir que la corrupci\u00f3n era parte de la cultura del pueblo de M\u00e9xico.<\/p>\n<p>\u201cPorque nos salvamos, sino M\u00e9xico estar\u00eda convertido en un infierno, precisamente por los valores culturales por la herencia que nos dejaron las grandes civilizaciones, por los valores que hay todav\u00eda en nuestro pueblo, nuestras familias, porque no pudieron acabar de destruirlo pero s\u00ed da\u00f1aron mucho, s\u00ed avanz\u00f3 esa mancha negra de ambiciones, de falta de humanismo, de la b\u00fasqueda de lo material de lujo barato, s\u00ed avanz\u00f3\u201d, afirm\u00f3.<\/p>\n<p>El jefe del Ejecutivo federal adelant\u00f3 que se presentar\u00e1 un informe para conocer la edad de las personas que cometen delitos y determinar si los esfuerzos para atender de fondo a dichos sectores de la poblaci\u00f3n est\u00e1 generando alg\u00fan efecto en la desarticulaci\u00f3n de las bandas del crimen organizado.<\/p>\n<p>\u201cHoy ped\u00ed que se hiciera un an\u00e1lisis sobre delincuentes desde que estamos, para ver las edades, para ver qu\u00e9 tanto las pol\u00edticas de atenci\u00f3n a los j\u00f3venes y la pol\u00edtica en general que se est\u00e1 aplicando ya tiene alg\u00fan efecto en la juventud. Durante el per\u00edodo neoliberal fueron generaciones formadas con ese prop\u00f3sito de triunfar a toda costa, se deshumaniz\u00f3\u201d, detall\u00f3 este jueves.<\/p>\n<p>El mandatario federal fue cuestionado sobre el feminicidio de Luz Padilla, una mujer originaria de Jalisco que fue asesinada tras recibir amenazas, y sobre la estrategia de su gobierno para frenar este delito, a lo que refiri\u00f3 se debe a una deformaci\u00f3n de valores consecuencia del neoliberalismo.<\/p>\n<p>\u201cYo atribuy\u00f3, quiz\u00e1 por mi formaci\u00f3n profesional, formaci\u00f3n en la ciencia social, atribuyo todo esto al proceso de individualizaci\u00f3n que se impuls\u00f3 en el periodo neoliberal, durante mucho tiempo se hicieron a un lado los valores los valores morales, culturales, espirituales y se elev\u00f3 rango supremo lo material. Eso es parte de la pol\u00edtica neoliberal\u201d, sostuvo.<\/p>\n<p>\u201cSon importantes los valores. Hay que seguir tratando, por eso lo de la Cartilla Moral, ayuda mucho, y desde luego atender las causas\u201d, afirm\u00f3.<\/p>\n","protected":false},"excerpt":{"rendered":"<p>Tras la solicitudes solicitudes de los gobiernos de Estados Unidos y Canad\u00e1 de consultas por el T-MEC sobre la pol\u00edtica energ\u00e9tica de M\u00e9xico, el presidente Andr\u00e9s manuel L\u00f3pez Obrador declar\u00f3 que ese tipo de decisiones se definen en el pa\u00eds, sin influencia de otras naciones y advirti\u00f3 que se defender\u00e1 si hay alguna sanci\u00f3n, \u201cno vamos a quedarnos con los brazos cruzados\u201d<\/p>\n","protected":false},"author":3,"featured_media":554290,"comment_status":"open","ping_status":"open","sticky":false,"template":"","format":"standard","meta":{"_monsterinsights_skip_tracking":false,"_monsterinsights_sitenote_active":false,"_monsterinsights_sitenote_note":"","_monsterinsights_sitenote_category":0,"footnotes":""},"categories":[8],"tags":[2545,431,96027,177],"class_list":["post-554234","post","type-post","status-publish","format-standard","has-post-thumbnail","hentry","category-finanzas","tag-amlo","tag-canada","tag-define","tag-estados-unidos"],"_links":{"self":[{"href":"https:\/\/www.diarioimagen.net\/index.php?rest_route=\/wp\/v2\/posts\/554234","targetHints":{"allow":["GET"]}}],"collection":[{"href":"https:\/\/www.diarioimagen.net\/index.php?rest_route=\/wp\/v2\/posts"}],"about":[{"href":"https:\/\/www.diarioimagen.net\/index.php?rest_route=\/wp\/v2\/types\/post"}],"author":[{"embeddable":true,"href":"https:\/\/www.diarioimagen.net\/index.php?rest_route=\/wp\/v2\/users\/3"}],"replies":[{"embeddable":true,"href":"https:\/\/www.diarioimagen.net\/index.php?rest_route=%2Fwp%2Fv2%2Fcomments&post=554234"}],"version-history":[{"count":0,"href":"https:\/\/www.diarioimagen.net\/index.php?rest_route=\/wp\/v2\/posts\/554234\/revisions"}],"wp:featuredmedia":[{"embeddable":true,"href":"https:\/\/www.diarioimagen.net\/index.php?rest_route=\/wp\/v2\/media\/554290"}],"wp:attachment":[{"href":"https:\/\/www.diarioimagen.net\/index.php?rest_route=%2Fwp%2Fv2%2Fmedia&parent=554234"}],"wp:term":[{"taxonomy":"category","embeddable":true,"href":"https:\/\/www.diarioimagen.net\/index.php?rest_route=%2Fwp%2Fv2%2Fcategories&post=554234"},{"taxonomy":"post_tag","embeddable":true,"href":"https:\/\/www.diarioimagen.net\/index.php?rest_route=%2Fwp%2Fv2%2Ftags&post=554234"}],"curies":[{"name":"wp","href":"https:\/\/api.w.org\/{rel}","templated":true}]}}