{"id":554273,"date":"2022-07-22T00:11:57","date_gmt":"2022-07-22T05:11:57","guid":{"rendered":"https:\/\/www.diarioimagen.net\/?p=554273"},"modified":"2022-07-22T03:51:44","modified_gmt":"2022-07-22T08:51:44","slug":"desde-ultratumba-chico-che-ayuda-a-amlo","status":"publish","type":"post","link":"https:\/\/www.diarioimagen.net\/?p=554273","title":{"rendered":"Desde ultratumba, \u201cChico Che\u201d ayuda a AMLO"},"content":{"rendered":"<h2>\u00cdndice pol\u00edtico<\/h2>\n<h5>Francisco Rodr\u00edguez<\/h5>\n<p>&nbsp;<\/p>\n<ul>\n<li><strong><em>\u00a0\u201c\u00a1Uy qu\u00e9 miedo!\u201d, responde a EU<\/em><\/strong><\/li>\n<li><strong><em>Necedad, terquedad\u2026<\/em><\/strong><\/li>\n<\/ul>\n<p>&nbsp;<\/p>\n<p>Narran los textos hist\u00f3ricos que\u00a0<strong>Francisco I. Madero<\/strong> hablaba con los esp\u00edritus.<\/p>\n<p>\u201c\u2026 varios diarios capitalinos calificaban a Madero como un \u2018loco que se comunica con los muertos\u2019\u2026<\/p>\n<p>\u201c\u2026 Madero hab\u00eda simarcado por el espiritismo desde 1891, cuando conoci\u00f3 casualmente las obras de <strong>Allan Kardec<\/strong>, padre de la doctrina espiritista\u2026<\/p>\n<p>\u201c\u2026 Al despuntar el siglo XX, establecido en su natal San Pedro de las Colonias, Coahuila, en medio de la tranquilidad de los vergeles familiares y casi para cumplir los 30 a\u00f1os, Madero inici\u00f3 formalmente su profesi\u00f3n de fe hacia el espiritismo\u2026<\/p>\n<p>\u201c\u2026 Regresaba de Par\u00eds dispuesto a poner en pr\u00e1ctica una facultad que le hab\u00eda sido revelada en los c\u00edrculos espiritistas parisinos: la de m\u00e9dium escribiente.\u201d (<em>Letras Libres<\/em>, febrero de 1999).<\/p>\n<p>El esp\u00edritu al que Andr\u00e9s Manuel L\u00f3pez Obrador recurre de vez en vez en sus \u201cma\u00f1aneras\u201d es cantautor de pegajosas melod\u00edas populares. Claro, AMLO no es un tipo que haya estudiado ni que haya viajado, como s\u00ed lo hizo Madero. Por tal es que recurre a una figura harto popular como lo es \u00a1<em>Chico Che<\/em>!<\/p>\n<p><strong>Francisco Jos\u00e9 Hern\u00e1ndez Mandujano,\u00a0<\/strong>fallecido a la temprana edad de 44 a\u00f1os, fue de enoooorme ayuda en la conferencia presidencial de este mi\u00e9rcoles 20 cuando, ante la petici\u00f3n del gobierno estadunidense de llamar a M\u00e9xico a consultas -mecanismo previsto en el T-MEC para resolver controversias comerciales- debido a que la pol\u00edtica energ\u00e9tica de la 4T afecta a las inversiones estadounidenses en el ramo, L\u00f3pez Obrador pidi\u00f3 poner la canci\u00f3n \u201cUy, qu\u00e9 miedo, mira c\u00f3mo estoy temblando\u201d, de la autor\u00eda de quien se hac\u00eda llamar\u00a0<em>Chico Che<\/em>, interpretada por \u00e9l mismo.<\/p>\n<p>No acudi\u00f3 a\u00a0<strong>Tatiana Clouthier<\/strong>, secretaria de Econom\u00eda, supuestamente encargada de ver esos asuntos comerciales.<\/p>\n<p>Ni a\u00a0<strong>Roc\u00edo Nahle<\/strong>, administradora de los negocios familiares desde la Secretar\u00eda de Energ\u00eda, quien supuestamente deber\u00eda supervisar que las dos principales \u201cempresas productivas (sic) del Estado\u201d acaten lo establecido por las leyes mexicanas y por los tratados internacionales.<\/p>\n<p>Tampoco a\u00a0<strong>Rogelio Ram\u00edrez de la O<\/strong>, titular de Hacienda, que tendr\u00e1 que buscar hasta entre las piedras los 10 mil millones de \u00a1d\u00f3lares! Que podr\u00edan costarle al pa\u00eds las violaciones a lo firmado por el propio AMLO.<\/p>\n<p>Y mucho menos a\u00a0<strong>Manuel Bartlett D\u00edaz<\/strong>, quien al frente de la Comisi\u00f3n Federal de Electricidad ha provocado \u00e9ste, que ser\u00e1 un muy costoso desaguisado con sus trasnochadas ideas ultranacionalistas plasmadas en su fracasada contrarreforma hace apenas un par de meses.<\/p>\n<p>Del director general de Pemex, el agr\u00f3nomo\u00a0<strong>Octavio Romero Oropeza<\/strong>, no hay mucho por lo cual esperar\u2026<\/p>\n<p>\u2026 as\u00ed que, entonces, el Presidente de la Rep\u00fablica decidi\u00f3 auxiliarse de\u00a0<em>Chico Che<\/em>, luego de pedirle a su\u00a0<em>disc jockey<\/em>,\u00a0<strong>Jes\u00fas Ram\u00edrez Cuevas<\/strong>, que pusiera la rockola a funcionar.<\/p>\n<p style=\"text-align: center;\"><strong>AMLO manda a los gringos a su rancho<\/strong><\/p>\n<p>Un comunicado de la representante comercial de los Estados Unidos,\u00a0<strong>Katherine Tai,\u00a0<\/strong>hecho p\u00fablico el mismo mi\u00e9rcoles 20, am\u00e9n de amenazante es claro:<\/p>\n<p>\u201cHemos tratado de trabajar de manera constructiva con el gobierno mexicano para abordar nuestras preocupaciones, pero lamentablemente las empresas estadounidenses contin\u00faan enfrentando un trato injusto en M\u00e9xico\u201d.<\/p>\n<p>Y esos intentos, al menos p\u00fablicamente, han sido protagonizados te por varios miembros del gobierno de\u00a0<strong>Joseph Biden\u00a0<\/strong>y no pocos legisladores republicanos y aun dem\u00f3cratas\u2026<\/p>\n<p>\u2026por la vicepresidente\u00a0<strong>Kamala Harris<\/strong>\u2026<\/p>\n<p>\u2026por el secretario de Estado,\u00a0<strong>Antony Blinken<\/strong><\/p>\n<p>\u2026por la secretaria de Energ\u00eda de EU,\u00a0<strong>Jennifer Granholm<\/strong>\u2026<\/p>\n<p>\u2026por el enviado especial para el clima de EU,\u00a0<strong>John Kerry<\/strong>, hasta en tres ocasiones&#8230;<\/p>\n<p>\u2026 m\u00faltiples veces por el embajador Ken Salazar\u2026<\/p>\n<p>\u2026y a todos ellos L\u00f3pez Obrador los ha mandado de paseo a su rancho en Palenque, Chiapas\u2026<\/p>\n<p>\u2026hasta que hace un par de d\u00edas fue a la se\u00f1ora Tai a la que le correspondi\u00f3 endurecer la posici\u00f3n otrora amigable, cordial, de la administraci\u00f3n Biden.<\/p>\n<p>Y en la ma\u00f1anera del citado mi\u00e9rcoles 20 la necedad, terquedad, testarudez e intransigencia de AMLO volvi\u00f3 a enviarlos a \u201cLa Chingada\u201d con letra y m\u00fasica de\u00a0<em>Chico Che<\/em>.<\/p>\n<p>Necedad, terquedad, testarudez e intransigencia de AMLO que podr\u00edan costarle al pa\u00eds 10 mil millones de d\u00f3lares, por lo menos.<\/p>\n<p>Como si estuvi\u00e9ramos en condiciones de desembolsar tal cantidad, \u00bfno cree usted?<\/p>\n<p style=\"text-align: center;\"><strong>Indicios<\/strong><\/p>\n<p>Canad\u00e1, cuyo gobierno encabeza como primer ministro\u00a0<strong>Justin Trudeau,<\/strong>\u00a0tambi\u00e9n lanzar\u00e1 sus propias consultas con M\u00e9xico sobre sus pol\u00edticas energ\u00e9ticas que, dice, son inconsistentes con un nuevo pacto comercial de Am\u00e9rica del Norte, apoyando la medida similar anunciada por Estados Unidos el mismo d\u00eda. * * * La queja de ambos socios norteamericanos es que el gobierno de la 4T\u00a0niega el acceso al mercado mexicano a compa\u00f1\u00edas privadas y da preferencia a\u00a0Pemex\u00a0y a la\u00a0CFE.\u00a0Citan\u00a0violaciones a cuatro art\u00edculos contenidos en los cap\u00edtulos de Acceso a Mercado, Inversi\u00f3n y Empresas Paraestatales del acuerdo comercial entre las tres naciones vigente desde 2020. * * * Una investigaci\u00f3n del portal\u00a0<em>La Silla Rota<\/em>\u00a0ha dado a conocer que \u201cantes de rendir protesta como diputada de Jalisco, el 25 de octubre de 2021,<strong>Mar\u00eda de Jes\u00fas Padilla Romo<\/strong>\u00a0recibi\u00f3 un regalo millonario: una camioneta Mercedes Benz, GLC 300 e 4MATIC Coup\u00e9 2021, con valor de 1 mill\u00f3n 350 mil pesos. Su benefactor fue el empresario y pol\u00edtico <strong>Carlos Lomel\u00ed Bola\u00f1os<\/strong>. La adquisici\u00f3n de esta camioneta se produjo mediante la triangulaci\u00f3n de documentos para la venta de dicha unidad, para beneficiar a la legisladora de Morena<em>. La Silla Rota<\/em>\u00a0solicit\u00f3 una postura a la diputada, pero hasta la publicaci\u00f3n de esta nota no se obtuvo respuesta. Documentos en poder de\u00a0<em>La Silla Rota<\/em>\u00a0evidencian irregularidades en la compra de esta camioneta de lujo. El 25 de octubre de 2021, la empresa farmac\u00e9utica Lomedic. S.A de C.V., propiedad del actual regidor de Guadalajara y ex super delegado de Morena en Jalisco, Carlos Lomel\u00ed Bola\u00f1os, compr\u00f3 la unidad a una agencia de Mercedes Benz, de Zapopan, en 1 mill\u00f3n 350 mil pesos.\u201d Y eso que en la 4T, dice el caudillo, ya se acab\u00f3 la corrupci\u00f3n. * * * \u201cCuando la mentira canta, el periodismo muere\u201d, dijo el mi\u00e9rcoles una de las voceras de Palacio Nacional. Frase pat\u00e9tica pronunciada por la peripat\u00e9tica se\u00f1ora <strong>Ana Elizabeth Garc\u00eda Vilchis,\u00a0<\/strong>encargada de la tragic\u00f3mica secci\u00f3n \u201cQui\u00e9n es qui\u00e9n en las mentiras que son ciertas pero exageradas\u201d, una de las varias pistas del circo que el se\u00f1or L\u00f3pez Obrador instala cada ma\u00f1ana en el otrora respetable y sobrio Palacio Nacional. * * * Iban 5 a 1 en favor de\u00a0<strong>Layda Sansores<\/strong>. Pero, merced al amparo concedido a su antecesor\u00a0<strong>Alejandro Moreno<\/strong>\u00a0se alcanz\u00f3 el empate, luego de que la gobernadora de Campeche borrara de las redes sociales los audios que ilegalmente difundi\u00f3 en su\u00a0<em>show\u00a0<\/em>pol\u00edtico-c\u00f3mico-musical (as\u00ed son todos los programas de la 4T) de cada martes. * * * Gracias por acompa\u00f1arme hasta aqu\u00ed con la lectura de este texto. Le deseo, como siempre, que tenga \u00a1buenas gracias y muchos, muchos d\u00edas!<\/p>\n<p><em><u><a href=\"http:\/\/www.indicepolitico.com\" target=\"_blank\" rel=\"noopener noreferrer\">www.indicepolitico.com<\/a><\/u><u><br \/>\n<\/u><a href=\"mailto:indicepolitico@gmail.com\" target=\"_blank\" rel=\"noopener noreferrer\">indicepolitico@gmail.com<\/a><\/em><br \/>\n<em><a href=\"https:\/\/twitter.com\/indicepolitico?lang=es\" target=\"_blank\" rel=\"noopener noreferrer\">@IndicePolitico<\/a><\/em><br \/>\n<em><u><a href=\"https:\/\/twitter.com\/pacorodriguez\" target=\"_blank\" rel=\"noopener noreferrer\">@pacorodriguez<\/a><\/u><\/em><\/p>\n","protected":false},"excerpt":{"rendered":"<p><span style=\"color: #005497;\"><strong>Francisco Rodr\u00edguez<\/strong><\/span><\/p>\n","protected":false},"author":3,"featured_media":0,"comment_status":"open","ping_status":"open","sticky":false,"template":"","format":"standard","meta":{"_monsterinsights_skip_tracking":false,"_monsterinsights_sitenote_active":false,"_monsterinsights_sitenote_note":"","_monsterinsights_sitenote_category":0,"footnotes":""},"categories":[549],"tags":[43689,550,43674],"class_list":["post-554273","post","type-post","status-publish","format-standard","hentry","category-francisco-rodriguez","tag-francisco-rodriguez","tag-indice-politico","tag-opinion"],"_links":{"self":[{"href":"https:\/\/www.diarioimagen.net\/index.php?rest_route=\/wp\/v2\/posts\/554273","targetHints":{"allow":["GET"]}}],"collection":[{"href":"https:\/\/www.diarioimagen.net\/index.php?rest_route=\/wp\/v2\/posts"}],"about":[{"href":"https:\/\/www.diarioimagen.net\/index.php?rest_route=\/wp\/v2\/types\/post"}],"author":[{"embeddable":true,"href":"https:\/\/www.diarioimagen.net\/index.php?rest_route=\/wp\/v2\/users\/3"}],"replies":[{"embeddable":true,"href":"https:\/\/www.diarioimagen.net\/index.php?rest_route=%2Fwp%2Fv2%2Fcomments&post=554273"}],"version-history":[{"count":0,"href":"https:\/\/www.diarioimagen.net\/index.php?rest_route=\/wp\/v2\/posts\/554273\/revisions"}],"wp:attachment":[{"href":"https:\/\/www.diarioimagen.net\/index.php?rest_route=%2Fwp%2Fv2%2Fmedia&parent=554273"}],"wp:term":[{"taxonomy":"category","embeddable":true,"href":"https:\/\/www.diarioimagen.net\/index.php?rest_route=%2Fwp%2Fv2%2Fcategories&post=554273"},{"taxonomy":"post_tag","embeddable":true,"href":"https:\/\/www.diarioimagen.net\/index.php?rest_route=%2Fwp%2Fv2%2Ftags&post=554273"}],"curies":[{"name":"wp","href":"https:\/\/api.w.org\/{rel}","templated":true}]}}