{"id":554287,"date":"2022-07-22T00:12:27","date_gmt":"2022-07-22T05:12:27","guid":{"rendered":"https:\/\/www.diarioimagen.net\/?p=554287"},"modified":"2022-07-22T04:00:19","modified_gmt":"2022-07-22T09:00:19","slug":"monreal-se-le-fuga-a-amlo-y-presenta-su-proyecto-de-nacion-para-despues-de-la-4t","status":"publish","type":"post","link":"https:\/\/www.diarioimagen.net\/?p=554287","title":{"rendered":"Monreal se le fuga a AMLO y presenta su proyecto de Naci\u00f3n para despu\u00e9s de la 4T"},"content":{"rendered":"<h2>Tras la puerta del poder<\/h2>\n<h5>Roberto Vizca\u00edno<\/h5>\n<p>&nbsp;<\/p>\n<p>Lejos ya de la 4T de\u00a0<strong>Andr\u00e9s Manuel L\u00f3pez Obrador<\/strong> y sin ninguna referencia a la sucesi\u00f3n presidencial del 2024, pero con todo centrado en la siguiente administraci\u00f3n,\u00a0<strong>Ricardo Monreal <\/strong>adelant\u00f3 ayer ante contadores p\u00fablicos, su proyecto de Naci\u00f3n y como eje central de este una nueva propuesta de reforma fiscal y hacendaria.<\/p>\n<p>Esta reforma prev\u00e9 no s\u00f3lo reducir y modificar el ISR, sino el IVA y establecer variantes de este impuesto para ser aplicado por Estados. Otro aspecto que modificar\u00eda esta reforma ser\u00eda la del impuesto predial que pasar\u00eda a ser operado por los estados y no por los municipios, aunque su recaudaci\u00f3n se repartir\u00eda esencialmente en beneficio de los municipios.<\/p>\n<p>Su reforma fiscal y hacendaria inicial, que deber\u00e1 ser afinada en foros a realizarse por todo el pa\u00eds, prev\u00e9 adem\u00e1s elaborar un padr\u00f3n preciso de beneficiarios de programas sociales a fin de evitar abusos y desviaciones, y nuevos mecanismos de rendici\u00f3n de cuentas.<\/p>\n<p>Bajo el principio de que no se puede gastar lo que no se tiene, esta reforma fiscal y hacendaria reorientar\u00eda gasto y modernizar\u00eda y agilizar\u00eda el sistema de recaudaci\u00f3n fiscal.<\/p>\n<p>En fin, este proyecto de Naci\u00f3n, explic\u00f3, consta de\u00a0<strong>cinco ejes tem\u00e1ticos<\/strong>\u00a0y\u00a0<strong>cuatro transversales,\u00a0<\/strong>que para \u00e9l son condici\u00f3n general para alcanzar sus objetivos y metas.<\/p>\n<p>Su propuesta general se centra en un s\u00f3lo objetivo: Resulta una obviedad decir que\u00a0<strong>M\u00e9xico necesita avanzar<\/strong>, afirma.<\/p>\n<p>El se\u00f1alamiento es en s\u00ed un severo diagn\u00f3stico de c\u00f3mo ve a M\u00e9xico y m\u00e1s a\u00fan de los supuestos logros de la 4T.<\/p>\n<p>Los cinco ejes tem\u00e1ticos son: la reforma fiscal; la agenda del medio ambiente; la pol\u00edtica exterior; la rendici\u00f3n de cuentas y la perspectiva de g\u00e9nero.<\/p>\n<p style=\"text-align: center;\"><strong>\u00bfQu\u00e9 espera alcanzar (obvio, adem\u00e1s de la Presidencia)?<\/strong><\/p>\n<p>La cuesti\u00f3n es, se interroga\u00a0<strong>Monreal<\/strong>, se requiere avanzar, pero, \u00bf<strong>avanzar hacia d\u00f3nde?<\/strong>, ahora, luego de la 4T, \u00bf<strong>cu\u00e1l es el rumbo<\/strong>?<\/p>\n<p>Lo que se requiere, afirma, \u201ces buscar coordenadas, una gu\u00eda para encontrar el camino hacia el desarrollo, para darle contenido a los reclamos sociales de una mejor calidad de vida, con seguridad, con certeza, con esperanza\u201d.<\/p>\n<p>De acuerdo a su propuesta, estas coordenadas se ir\u00e1n encontrando y ajustando con los resultados que se obtengan en\u00a0<strong>foros de di\u00e1logo<\/strong>\u00a0con la Ciudadan\u00eda.<\/p>\n<p>Estos comenzar\u00e1n a realizarse, adelanta, dentro de algunos meses.<\/p>\n<p>\u201cAs\u00ed, el proyecto se ir\u00e1 construyendo de la mano de las necesidades, opiniones y<\/p>\n<p>propuestas del pueblo.<\/p>\n<p>\u201c\u00bfQueremos un pa\u00eds de leyes? Concentr\u00e9monos no s\u00f3lo en establecer un andamiaje legal, sino en crear los instrumentos para que se cumpla.<\/p>\n<p>\u201c\u00bfBuscamos desarrollo econ\u00f3mico? Consolidemos los mecanismos para la inversi\u00f3n productiva y sostenible.<\/p>\n<p>\u201c\u00bfPretendemos que haya desarrollo social? Sentemos las bases para que se d\u00e9 una verdadera distribuci\u00f3n de la riqueza\u201d, subraya.<\/p>\n<p>Un camino, pues, que deja atr\u00e1s a los lineamientos de la frustrada 4T de\u00a0<strong>AMLO<\/strong>.<\/p>\n<p>Prosigue el presidente de la Junta de Coordinaci\u00f3n Pol\u00edtica del Senado:<\/p>\n<p>\u201cTodos sabemos de la grandeza de M\u00e9xico, pero no la debemos dar por hecho. Es algo en lo que hay que trabajar todos los d\u00edas. A veces los vientos nos desv\u00edan, nos sacan de la ruta correcta.<\/p>\n<p>\u201c<strong>Vivimos tiempos complejos<\/strong>. Con una mano hacemos malabares para enfrentar la pandemia, y en general las necesidades en materia de salud, y con la otra hacemos toda clase de suertes para sostener y reactivar la econom\u00eda. Nos abrazamos al petr\u00f3leo y a la vez queremos fuentes limpias de energ\u00eda; nos aqueja el cambio clim\u00e1tico y nos agobia la desigualdad; y mientras m\u00e1s desarrollamos\u00a0\u00a0tecnolog\u00eda para la comunicaci\u00f3n, m\u00e1s solos nos sentimos.<\/p>\n<p>\u201cDe aqu\u00ed la importancia de encontrar algunas coordenadas que nos ayuden a encontrar el rumbo correcto.<\/p>\n<p>\u201cEl marco de referencia que aqu\u00ed se propone para marcar las coordenadas toma sus bases de la <strong>socialdemocracia<\/strong>\u00a0bajo un principio fundamental: lo que guiar\u00e1 el rumbo del gobierno ser\u00e1 la gente. De ah\u00ed partir\u00e1n todas las pol\u00edticas p\u00fablicas\u201d, define.<\/p>\n<p>Concluye su intervenci\u00f3n al subrayar que con su proyecto buscar\u00e1 establecer una pol\u00edtica exterior que relance y expanda la importancia de M\u00e9xico en el bloque de Am\u00e9rica del Norte (T-MEC), y a la vez fortalecer la pol\u00edtica medioambiental.<\/p>\n<p>En su proyecto, afirma, su eje de gobierno ser\u00e1 el de impulsar la expansi\u00f3n de las clases medias y la rendici\u00f3n de cuentas.<\/p>\n<p>Abierta la sucesi\u00f3n presidencial por\u00a0<strong>AMLO<\/strong>\u00a0el 5 de julio del 2021,\u00a0<strong>Monreal<\/strong>\u00a0ha sido el \u00fanico aspirante que ha tomado en serio este proceso y ahora presenta los lineamientos en que se estructurar\u00e1 su proyecto de Naci\u00f3n para ser aplicado despu\u00e9s de la 4T.<\/p>\n<p><em><a href=\"mailto:rvizcainoa@gmail.com\" target=\"_blank\" rel=\"noopener noreferrer\">vizcainoa@gmail.com<\/a><a href=\"mailto:rvizcainoa@gmail.com\" target=\"_blank\" rel=\"noopener noreferrer\"><br \/>\n<\/a><a href=\"http:\/\/endirecto.mx\" target=\"_blank\" rel=\"noopener noreferrer\">www.endirecto.mx<\/a><a href=\"mailto:rvizcainoa@gmail.com\" target=\"_blank\" rel=\"noopener noreferrer\"><br \/>\n<\/a><a href=\"https:\/\/twitter.com\/_rvizcaino\" target=\"_blank\" rel=\"noopener noreferrer\">@_RVizcaino<\/a><a href=\"mailto:rvizcainoa@gmail.com\" target=\"_blank\" rel=\"noopener noreferrer\"><br \/>\n<\/a><a href=\"https:\/\/www.facebook.com\/rvizcainoa\" target=\"_blank\" rel=\"noopener noreferrer\">facebook.com\/rvizcainoa<\/a><\/em><\/p>\n","protected":false},"excerpt":{"rendered":"<p><span style=\"color: #005497;\"><strong>Roberto Vizca\u00edno<\/strong><\/span><\/p>\n","protected":false},"author":3,"featured_media":0,"comment_status":"open","ping_status":"open","sticky":false,"template":"","format":"standard","meta":{"_monsterinsights_skip_tracking":false,"_monsterinsights_sitenote_active":false,"_monsterinsights_sitenote_note":"","_monsterinsights_sitenote_category":0,"footnotes":""},"categories":[136],"tags":[43674,93,94],"class_list":["post-554287","post","type-post","status-publish","format-standard","hentry","category-roberto-vizcaino-opinion","tag-opinion","tag-roberto-vizcaino","tag-tras-la-puerta-del-poder"],"_links":{"self":[{"href":"https:\/\/www.diarioimagen.net\/index.php?rest_route=\/wp\/v2\/posts\/554287","targetHints":{"allow":["GET"]}}],"collection":[{"href":"https:\/\/www.diarioimagen.net\/index.php?rest_route=\/wp\/v2\/posts"}],"about":[{"href":"https:\/\/www.diarioimagen.net\/index.php?rest_route=\/wp\/v2\/types\/post"}],"author":[{"embeddable":true,"href":"https:\/\/www.diarioimagen.net\/index.php?rest_route=\/wp\/v2\/users\/3"}],"replies":[{"embeddable":true,"href":"https:\/\/www.diarioimagen.net\/index.php?rest_route=%2Fwp%2Fv2%2Fcomments&post=554287"}],"version-history":[{"count":0,"href":"https:\/\/www.diarioimagen.net\/index.php?rest_route=\/wp\/v2\/posts\/554287\/revisions"}],"wp:attachment":[{"href":"https:\/\/www.diarioimagen.net\/index.php?rest_route=%2Fwp%2Fv2%2Fmedia&parent=554287"}],"wp:term":[{"taxonomy":"category","embeddable":true,"href":"https:\/\/www.diarioimagen.net\/index.php?rest_route=%2Fwp%2Fv2%2Fcategories&post=554287"},{"taxonomy":"post_tag","embeddable":true,"href":"https:\/\/www.diarioimagen.net\/index.php?rest_route=%2Fwp%2Fv2%2Ftags&post=554287"}],"curies":[{"name":"wp","href":"https:\/\/api.w.org\/{rel}","templated":true}]}}