{"id":554353,"date":"2022-07-25T00:04:32","date_gmt":"2022-07-25T05:04:32","guid":{"rendered":"https:\/\/www.diarioimagen.net\/?p=554353"},"modified":"2022-07-25T22:36:45","modified_gmt":"2022-07-26T03:36:45","slug":"conocimiento-de-derechos-humanos-facilita-resolucion-de-conflictos-legales","status":"publish","type":"post","link":"https:\/\/www.diarioimagen.net\/?p=554353","title":{"rendered":"Conocimiento de derechos humanos facilita resoluci\u00f3n de conflictos legales"},"content":{"rendered":"<p><em>\u00a0<\/em><\/p>\n<ul>\n<li><em><strong>Las autoridades deben privilegiar la soluci\u00f3n de un conflicto por encima de los formalismos procedimentales, asegur\u00f3 el magistrado del Tribunal Superior de Justicia del Estado de <\/strong><strong>M\u00e9xico y profesor de la UAEM\u00e9x, Sergio Arturo Valls Esponda<\/strong><\/em><\/li>\n<\/ul>\n<p><strong>\u00a0<\/strong><\/p>\n<p><a href=\"https:\/\/www.diarioimagen.net\/?attachment_id=554445\" rel=\"attachment wp-att-554445\"><img loading=\"lazy\" decoding=\"async\" class=\"aligncenter size-full wp-image-554445\" src=\"https:\/\/www.diarioimagen.net\/wp-content\/uploads\/2022\/07\/uaem2-8.jpg\" alt=\"\" width=\"460\" height=\"270\" \/><\/a><\/p>\n<p>&nbsp;<\/p>\n<p><strong>Toluca, Estado de M\u00e9xico.\u2014 <\/strong>Sergio Arturo Valls Esponda, magistrado del Tribunal Superior de Justicia del Estado de M\u00e9xico y profesor de la Universidad Aut\u00f3noma del Estado de M\u00e9xico (UAEM\u00e9x), afirm\u00f3 que el Estado tiene la obligaci\u00f3n de promover los derechos humanos y hacer que toda la sociedad los conozca, porque ello facilita la resoluci\u00f3n de conflictos legales.<\/p>\n<p>El especialista, en su art\u00edculo \u201cJuntas informativas: una herramienta para garantizar el acceso a la justicia\u201d, refiere que los Medios Alternos de Soluci\u00f3n de Controversias (MASC) se crearon para que todas las personas tengan acceso a la justicia con la mayor celeridad y sin obst\u00e1culos antes de que lleguen a instancias judiciales.<\/p>\n<p>Refiri\u00f3 que para solucionar los juicios en materia familiar en la entidad se crearon las juntas informativas. En este lugar, dijo, los implicados pueden conocer, de la mano de un especialista, las oportunidades que tienen para la resoluci\u00f3n de controversias.<\/p>\n<p>En muchos casos, abund\u00f3, las partes comprenden que ellas mismas podr\u00edan haber llegado a un acuerdo mediante el di\u00e1logo, la voluntad y las t\u00e9cnicas conciliatorias del Centro Estatal de Mediaci\u00f3n, de donde es titular el magistrado Valls Esponda.<\/p>\n<p>Muchos de los conflictos que se presentan en el n\u00facleo familiar pueden ser resueltos mediante el di\u00e1logo, pero si eso no es posible, para ayudar a resolverlos se puede acudir al Centro Estatal de Mediaci\u00f3n. Los expertos ayudar\u00e1n a lograr un ambiente de paz, empat\u00eda, respeto y comunicaci\u00f3n asertiva.<\/p>\n<p>Si tienes alg\u00fan problema que necesite mediaci\u00f3n, no olvides visitar tu Revista Universitaria.<\/p>\n","protected":false},"excerpt":{"rendered":"<p>Sergio Arturo Valls Esponda, magistrado del Tribunal Superior de Justicia del Estado de M\u00e9xico y profesor de la Universidad Aut\u00f3noma del Estado de M\u00e9xico (UAEM\u00e9x), afirm\u00f3 que el Estado tiene la obligaci\u00f3n de promover los derechos humanos y hacer que toda la sociedad los conozca, porque ello facilita la resoluci\u00f3n de conflictos legales.<\/p>\n","protected":false},"author":3,"featured_media":554445,"comment_status":"open","ping_status":"open","sticky":false,"template":"","format":"standard","meta":{"_monsterinsights_skip_tracking":false,"_monsterinsights_sitenote_active":false,"_monsterinsights_sitenote_note":"","_monsterinsights_sitenote_category":0,"footnotes":""},"categories":[5],"tags":[16174,4340,96034],"class_list":["post-554353","post","type-post","status-publish","format-standard","has-post-thumbnail","hentry","category-estado-de-mexico","tag-conflicto","tag-derechos-humanos","tag-legales"],"_links":{"self":[{"href":"https:\/\/www.diarioimagen.net\/index.php?rest_route=\/wp\/v2\/posts\/554353","targetHints":{"allow":["GET"]}}],"collection":[{"href":"https:\/\/www.diarioimagen.net\/index.php?rest_route=\/wp\/v2\/posts"}],"about":[{"href":"https:\/\/www.diarioimagen.net\/index.php?rest_route=\/wp\/v2\/types\/post"}],"author":[{"embeddable":true,"href":"https:\/\/www.diarioimagen.net\/index.php?rest_route=\/wp\/v2\/users\/3"}],"replies":[{"embeddable":true,"href":"https:\/\/www.diarioimagen.net\/index.php?rest_route=%2Fwp%2Fv2%2Fcomments&post=554353"}],"version-history":[{"count":0,"href":"https:\/\/www.diarioimagen.net\/index.php?rest_route=\/wp\/v2\/posts\/554353\/revisions"}],"wp:featuredmedia":[{"embeddable":true,"href":"https:\/\/www.diarioimagen.net\/index.php?rest_route=\/wp\/v2\/media\/554445"}],"wp:attachment":[{"href":"https:\/\/www.diarioimagen.net\/index.php?rest_route=%2Fwp%2Fv2%2Fmedia&parent=554353"}],"wp:term":[{"taxonomy":"category","embeddable":true,"href":"https:\/\/www.diarioimagen.net\/index.php?rest_route=%2Fwp%2Fv2%2Fcategories&post=554353"},{"taxonomy":"post_tag","embeddable":true,"href":"https:\/\/www.diarioimagen.net\/index.php?rest_route=%2Fwp%2Fv2%2Ftags&post=554353"}],"curies":[{"name":"wp","href":"https:\/\/api.w.org\/{rel}","templated":true}]}}