{"id":554407,"date":"2022-07-25T00:05:35","date_gmt":"2022-07-25T05:05:35","guid":{"rendered":"https:\/\/www.diarioimagen.net\/?p=554407"},"modified":"2022-07-25T03:28:12","modified_gmt":"2022-07-25T08:28:12","slug":"por-que-dios-castiga-a-mexico","status":"publish","type":"post","link":"https:\/\/www.diarioimagen.net\/?p=554407","title":{"rendered":"\u00bfPor qu\u00e9 Dios castiga a M\u00e9xico?"},"content":{"rendered":"<h2>Perfil de M\u00e9xico<\/h2>\n<h5>Armando R\u00edos Ruiz<\/h5>\n<p>&nbsp;<\/p>\n<p>Parece broma, pero es en serio, y al decirlo aparece la persona no cuerda. Que delira. Que no est\u00e1 del todo en sus cabales. La \u00fanica que no se da cuenta justa de los estragos que causa el llamado crimen organizado y la estrategia rid\u00edcula de abrazos, no balazos que lo alienta. Que le da alas. Es una burla a la inteligencia de los mexicanos que, temerosos, advierten el diario avance de la delincuencia, que se apodera libremente, cada d\u00eda, de este noble territorio.<\/p>\n<p>Es inconcebible que el \u00fanico que no se d\u00e9 cuenta, sea el creador de semejante desatino. Mientras, los habitantes conscientes de M\u00e9xico, repudian cada vez m\u00e1s la hora en que alguien as\u00ed se convirti\u00f3 en Presidente. Las redes sociales han dado cuenta de ese terrible des\u00e1nimo. Han circulado reclamos que se refieren a los miles de millones de habitantes del planeta.\u00a0 De multitud de pa\u00edses que existen y de situaciones por el estilo y de que, para desgracia del pa\u00eds<\/p>\n<p>y de sus habitantes, el actual Presidente tuviera que nacer precisamente aqu\u00ed.<\/p>\n<p>\u00bfQu\u00e9 karma paga M\u00e9xico, para recibir semejante castigo? \u00bfO tal vez somos los mexicanos los que hemos fallado en algo importante que desconocemos, ligado a esas potencias que aseguran existen y que cobran muy caro\u00a0 los errores? Y en todo caso \u00bfCu\u00e1nto tiempo m\u00e1s habremos de aguantar para que el cobro sea suficiente y quedar fuera del alcance de dichas energ\u00edas?<\/p>\n<p>Mientras no llega la se\u00f1al divina de \u00a1alto!, el Presidente se regodea en sus cotidianos dislates. En sus abrumadoras mentiras repetitivas, desgastantes, que atosigan y que se usan como arma letal que embrutece m\u00e1s y m\u00e1s a los embrujados convencidos de contar hoy con el mejor presidente del mundo. Mientras, afuera, est\u00e1 ese mundo que tambi\u00e9n lo se\u00f1ala.<\/p>\n<p>Las matem\u00e1ticas sencillas y ciertas instituciones, mencionan que hasta hoy, hay en M\u00e9xico poco m\u00e1s de 124 mil homicidios dolosos y feminicidios. A\u00fan faltan por acumularse muchos miles, porque a\u00fan faltan dos a\u00f1os y medio de lo mismo. El Inegi se\u00f1ala que en el pasado, con Felipe Calder\u00f3n, motivo de su odio inocultable, murieron 122 mil mexicanos y con Pe\u00f1a Nieto m\u00e1s de 156 mil.<\/p>\n<p>Apuesto doble contra sencillo, que el n\u00famero de muertos rebasar\u00e1 a ambos sexenios y que al terminar el presente, M\u00e9xico ya no estar\u00e1 controlado al 30 por ciento por el crimen organizado, sino por m\u00e1s de 50, de continuar las cosas sin cambio, como amenazan. Con la estrategia m\u00e1s rid\u00edcula y vergonzosa que alguien haya discurrido: la de \u201cabrazos, no balazos\u201d.<\/p>\n<p>Entonces, a ver qui\u00e9n para los embates del crimen. Entonces a ver qui\u00e9n es el campe\u00f3n de campeones capaz de reparar la maquinaria que mueve a M\u00e9xico, que ya est\u00e1 bastante averiada y que quedar\u00e1 dispuesta para una cirug\u00eda cient\u00edficamente mayor. Nada f\u00e1cil de volverla a un ritmo m\u00e1s uniforme.<\/p>\n<p>Para variar, el Presidente tiene otros datos. Afirm\u00f3 que su estrategia funciona, frente a la estela escarlata que ti\u00f1e al pa\u00eds entero y al olor a cad\u00e1ver que flota en el ambiente. Asegur\u00f3 que parar la violencia\u00a0 le ha costado a su administraci\u00f3n y que de lunes a viernes se atiende la inseguridad en una reuni\u00f3n matutina con su gabinete.<\/p>\n<p>Pues con raz\u00f3n. La inseguridad se atiende en los campos en donde se genera. No reunido con su gabinete. Pero tambi\u00e9n dijo que por honestidad intelectual no cambiar\u00e1 su estrategia. Que alguien me haga el favor de decirme a qu\u00e9 se refiere con la honestidad intelectual. No s\u00f3lo eso. Tambi\u00e9n dijo que si no funcionara, ya la hubiera cambiado. \u00bfQu\u00e9 es lo que s\u00f3lo \u00e9l ve?<\/p>\n<p>Tal vez en cualquier momento, M\u00e9xico reciba el apoyo de Estados Unidos en eso de obligarlo a atender en serio el crimen, que crece cada d\u00eda desmesuradamente, si es que se decide a pararlo porque tambi\u00e9n all\u00e1 les afecta de m\u00faltiples maneras. As\u00ed como tom\u00f3 la decisi\u00f3n de conminarlo a capturar de una buena vez por todas, a Rafael Caro Quintero. Sobre este tema, se sabe que las autoridades vecinas le hab\u00edan requerido su captura en 13 ocasiones.<\/p>\n<p><a href=\"mailto:ariosruiz@gmail.com\" target=\"_blank\" rel=\"noopener noreferrer\"><em>ariosruiz@gmail.com<\/em><\/a><\/p>\n","protected":false},"excerpt":{"rendered":"<p><span style=\"color: #005497;\"><strong>Armando R\u00edos Ruiz<\/strong><\/span><\/p>\n","protected":false},"author":3,"featured_media":0,"comment_status":"open","ping_status":"open","sticky":false,"template":"","format":"standard","meta":{"_monsterinsights_skip_tracking":false,"_monsterinsights_sitenote_active":false,"_monsterinsights_sitenote_note":"","_monsterinsights_sitenote_category":0,"footnotes":""},"categories":[88405],"tags":[88407,43674,91193],"class_list":["post-554407","post","type-post","status-publish","format-standard","hentry","category-armando-rios-ruiz","tag-armando-rios-ruiz","tag-opinion","tag-perfil-de-mexico"],"_links":{"self":[{"href":"https:\/\/www.diarioimagen.net\/index.php?rest_route=\/wp\/v2\/posts\/554407","targetHints":{"allow":["GET"]}}],"collection":[{"href":"https:\/\/www.diarioimagen.net\/index.php?rest_route=\/wp\/v2\/posts"}],"about":[{"href":"https:\/\/www.diarioimagen.net\/index.php?rest_route=\/wp\/v2\/types\/post"}],"author":[{"embeddable":true,"href":"https:\/\/www.diarioimagen.net\/index.php?rest_route=\/wp\/v2\/users\/3"}],"replies":[{"embeddable":true,"href":"https:\/\/www.diarioimagen.net\/index.php?rest_route=%2Fwp%2Fv2%2Fcomments&post=554407"}],"version-history":[{"count":0,"href":"https:\/\/www.diarioimagen.net\/index.php?rest_route=\/wp\/v2\/posts\/554407\/revisions"}],"wp:attachment":[{"href":"https:\/\/www.diarioimagen.net\/index.php?rest_route=%2Fwp%2Fv2%2Fmedia&parent=554407"}],"wp:term":[{"taxonomy":"category","embeddable":true,"href":"https:\/\/www.diarioimagen.net\/index.php?rest_route=%2Fwp%2Fv2%2Fcategories&post=554407"},{"taxonomy":"post_tag","embeddable":true,"href":"https:\/\/www.diarioimagen.net\/index.php?rest_route=%2Fwp%2Fv2%2Ftags&post=554407"}],"curies":[{"name":"wp","href":"https:\/\/api.w.org\/{rel}","templated":true}]}}