{"id":554408,"date":"2022-07-25T00:04:53","date_gmt":"2022-07-25T05:04:53","guid":{"rendered":"https:\/\/www.diarioimagen.net\/?p=554408"},"modified":"2022-07-25T03:27:07","modified_gmt":"2022-07-25T08:27:07","slug":"t-mecy-la-autosuficiencia","status":"publish","type":"post","link":"https:\/\/www.diarioimagen.net\/?p=554408","title":{"rendered":"T-MECy la autosuficiencia"},"content":{"rendered":"<h2>Desde el portal<\/h2>\n<h5>\u00c1ngel Soriano<\/h5>\n<p>&nbsp;<\/p>\n<p>El T-MEC tiene como principal objetivo el libre comercio entre M\u00e9xico-Canad\u00e1-EU, pero en condiciones de desigualdad, puesto que los adelantos tecnol\u00f3gicos y las condiciones laborales no son las mismas entre los pa\u00edses participantes, las desigualdades hacen que el piso no sea parejo y la competencia favorable para unos y desfavorable para otros.<\/p>\n<p>De esa manera, los conflictos derivados de una relaci\u00f3n desigual y obtenci\u00f3n de ventajas de unos sobre las ventajas de otros lleven a conflictos legales que est\u00e1n en puerta: esto como bien puede resolverse en los tribunales creados exprofeso, como llevar a la ruptura de los acuerdos por la desigualdad y las ventajas que se quiere obtener del otro.<\/p>\n<p>Y tras esas diferencias se entrometen los intereses pol\u00edticos y econ\u00f3micos de empresarios y dirigentes, funcionarios y ex funcionarios de alto nivel que se han especializado en este tipo de acuerdo que al final resultaron los que obtengan mayor tipo de utilidades. Y en consecuencia esto llevar\u00e1 al traste con cualquier posibilidad de hacer de la regi\u00f3n un amplio mercado.<\/p>\n<p>Las poderosas empresas trasnacionales, las que dominan la tecnolog\u00eda y los mercados a trav\u00e9s de v\u00edas legales y otras no tanto, son las que ponen en juego todos sus recursos y sus argucias para pretender seguir dominando el mercado. Es la lucha de la soberan\u00eda de los pa\u00edses por encima de los intereses mercantiles. Veremos qui\u00e9n gana: si la utilidad o la soberan\u00eda.<\/p>\n<p style=\"text-align: center;\"><strong>Turbulencias<br \/>\nEn plena campa\u00f1a pol\u00edtica para el 2024<\/strong><\/p>\n<p>El canciller Marcelo Ebrard presume en las redes sociales las muestras de simpat\u00edas que recibe de sus seguidores dentro y fuera del pa\u00eds, como ocurri\u00f3 este s\u00e1bado en Ecatepec, donde hubo una fuerte concentraci\u00f3n de apoyo, en tanto se recuerda el dicho desafortunado del tabasque\u00f1o Ad\u00e1n Augusto L\u00f3pez se\u00f1alando que no har\u00e1 caso a los requerimientos de los consejeros electorales porque estos ya van de salida y sus llamados al orden carecen de validez. En tanto la jefa de gobierno de la CDMX, Claudia Sheinbaum, pone por delante sus obras y sus aportaciones en materia de transporte capitalino y sale los fines de semana a provincia en busca de reflectores y de ampliar su base social a lo largo y ancho del territorio, mientras que el presidente Andr\u00e9s Manuel L\u00f3pez Obrador suma seguidores hasta en los m\u00e1s apartados lugares de la geograf\u00eda nacional, en donde se obtienen apoyos de diferente tipo que han alcanzado a los grupos vulnerables que constituyen la principal fuerza del movimiento transformador\u2026 El gobernador Alejandro Murat encabez\u00f3 el desfile de 22 delegaciones de las 8 regiones de la entidad que este lunes inician las fiestas de Los Lunes del Cerro, y mostrando a propios y extra\u00f1os que, pese a contar con un amplio n\u00famero de cr\u00edticos a su gesti\u00f3n, tiene popularidad y aceptaci\u00f3n entre el respetable al presidir la m\u00e1xima fiesta que re\u00fane multitudes dentro y fuera del estado\u2026 En el Estado de M\u00e9xico la maestra Delfina G\u00f3mez toma con tranquilidad el proceso de renovaci\u00f3n de la gubernatura, pues sabe que cuenta con el visto bueno de quien decide la pol\u00edtica nacional. Como alcaldesa y legisladora, y ex candidata a la gubernatura, tiene las tablas y los merecimientos necesarios para obtener la candidatura de Morena para suceder al gobernador Alfredo del Mazo. Hay tambi\u00e9n dos cercanos m\u00e1s a AMLO: el director del ISSSTE, Pedro Zenteno, y Horacio Duarte, de Aduanas, aunque con menos posibilidades\u2026 En Nuevo Le\u00f3n hace crisis el problema del agua, pues si bien se encuentran soluciones de corto plazo, no resuelven el problema, en definitiva; el crecimiento industrial mal planificado finalmente trajo consecuencias sociales lamentables: Dej\u00f3 sin agua a los m\u00e1s pobres. Ahora hay que encontrar una soluci\u00f3n definitiva.<\/p>\n<p><u><a href=\"mailto:asorianocarrasco@yahoo.com\" target=\"_blank\" rel=\"noopener noreferrer\"><em>asorianocarrasco@yahoo.com<\/em><\/a><br \/>\n<em><a href=\"https:\/\/revistabrecha.com\" target=\"_blank\" rel=\"noopener noreferrer\">www.revistabrecha.com<\/a><br \/>\n<\/em><\/u><em>facebook oficial <a href=\"https:\/\/es-la.facebook.com\/RevistaBrecha.Oficial\" target=\"_blank\" rel=\"noopener\">@BrechaRevista<\/a><\/em><\/p>\n","protected":false},"excerpt":{"rendered":"<p><span style=\"color: #005497;\"><strong>\u00c1ngel Soriano<\/strong><\/span><\/p>\n","protected":false},"author":3,"featured_media":0,"comment_status":"open","ping_status":"open","sticky":false,"template":"","format":"standard","meta":{"_monsterinsights_skip_tracking":false,"_monsterinsights_sitenote_active":false,"_monsterinsights_sitenote_note":"","_monsterinsights_sitenote_category":0,"footnotes":""},"categories":[135],"tags":[85,86,43674],"class_list":["post-554408","post","type-post","status-publish","format-standard","hentry","category-angel-soriano-opinion","tag-angel-soriano","tag-desde-el-portal","tag-opinion"],"_links":{"self":[{"href":"https:\/\/www.diarioimagen.net\/index.php?rest_route=\/wp\/v2\/posts\/554408","targetHints":{"allow":["GET"]}}],"collection":[{"href":"https:\/\/www.diarioimagen.net\/index.php?rest_route=\/wp\/v2\/posts"}],"about":[{"href":"https:\/\/www.diarioimagen.net\/index.php?rest_route=\/wp\/v2\/types\/post"}],"author":[{"embeddable":true,"href":"https:\/\/www.diarioimagen.net\/index.php?rest_route=\/wp\/v2\/users\/3"}],"replies":[{"embeddable":true,"href":"https:\/\/www.diarioimagen.net\/index.php?rest_route=%2Fwp%2Fv2%2Fcomments&post=554408"}],"version-history":[{"count":0,"href":"https:\/\/www.diarioimagen.net\/index.php?rest_route=\/wp\/v2\/posts\/554408\/revisions"}],"wp:attachment":[{"href":"https:\/\/www.diarioimagen.net\/index.php?rest_route=%2Fwp%2Fv2%2Fmedia&parent=554408"}],"wp:term":[{"taxonomy":"category","embeddable":true,"href":"https:\/\/www.diarioimagen.net\/index.php?rest_route=%2Fwp%2Fv2%2Fcategories&post=554408"},{"taxonomy":"post_tag","embeddable":true,"href":"https:\/\/www.diarioimagen.net\/index.php?rest_route=%2Fwp%2Fv2%2Ftags&post=554408"}],"curies":[{"name":"wp","href":"https:\/\/api.w.org\/{rel}","templated":true}]}}