{"id":554417,"date":"2022-07-25T00:11:22","date_gmt":"2022-07-25T05:11:22","guid":{"rendered":"https:\/\/www.diarioimagen.net\/?p=554417"},"modified":"2022-07-25T03:34:41","modified_gmt":"2022-07-25T08:34:41","slug":"huelga-en-telmex-una-farsa","status":"publish","type":"post","link":"https:\/\/www.diarioimagen.net\/?p=554417","title":{"rendered":"Huelga en Telmex \u00bfuna farsa?"},"content":{"rendered":"<h2>\u00cdndice pol\u00edtico<\/h2>\n<h5>Francisco Rodr\u00edguez<\/h5>\n<p>&nbsp;<\/p>\n<ul>\n<li><strong><em>Robotizaci\u00f3n Vs. trabajadores<\/em><\/strong><\/li>\n<li><strong><em>Adi\u00f3s a las noticias serias<\/em><\/strong><\/li>\n<\/ul>\n<p>&nbsp;<\/p>\n<p>\u00bfLe cree usted a un l\u00edder\u00a0<em>charro<\/em>\u00a0como\u00a0<strong>Francisco Hern\u00e1ndez Ju\u00e1rez<\/strong>? \u00bfQu\u00e9 tanta confianza le merece el\u00a0<em>tycoon<\/em>\u00a0<strong>Carlos Slim Hel\u00fa<\/strong>, el patr\u00f3n de los telefonistas y de varias decenas de miles m\u00e1s en las diferentes empresas que controla?<\/p>\n<p>Las escasas horas que dur\u00f3 la huelga en Tel\u00e9fonos de M\u00e9xico dieron material para reflexionar.<\/p>\n<p>\u00bfFue de verdad el punto clim\u00e1tico de un movimiento reivindicatorio de los derechos de los trabajadores?<\/p>\n<p>\u00bfAcaso un montaje para deshacerse de quienes, a juicio del duro director de la telef\u00f3nica,\u00a0<strong>H\u00e9ctor Slim Domit<\/strong>, ya no son necesarios para la empresa que cada vez se automatiza m\u00e1s?<\/p>\n<p>\u00bfCont\u00f3 para ello con la complicidad de Hern\u00e1ndez Ju\u00e1rez, enquistado en la \u201clucha\u201d sindical durante casi medio siglo \u201446 a\u00f1os\u2014, merced a que es c\u00f3modo para los intereses de los principales accionistas del Grupo Carso?<\/p>\n<p>Que no se hayan interrumpido los servicios de telefon\u00eda y tampoco los de internet muestran como un buen n\u00famero de quienes est\u00e1n en la n\u00f3mina de Telmex ya salen sobrando.<\/p>\n<p>Son los riesgos del r\u00e1pido avance tecnol\u00f3gico que, seg\u00fan c\u00e1lculos de la OCDE \u2014el club de pa\u00edses ricos al que inexplicablemente pertenece nuestro pa\u00eds\u2014 dejar\u00e1n sin empleo al 57% por ciento de quienes hoy lo tienen durante las siguientes dos d\u00e9cadas.<\/p>\n<p>Se apunta que en ese lapso se automatizar\u00e1n aquellas actividades que no aporten valor para dar \u00e9nfasis a aquellas donde las personas puedan desplegar su creatividad. As\u00ed que hay que estudiar cada vez m\u00e1s.<\/p>\n<p>No obstante, la din\u00e1mica en la industria 4.0 evidencia la elevada capacidad de los algoritmos para aprender a aprender e interactuar en actividades de servicio y transporte, entre otros.<\/p>\n<p>Y esto, por supuesto, alterar\u00e1 el orden tradicional del mercado de trabajo.<\/p>\n<p>Aunque si bien son pocas las profesiones que puedan ser automatizadas en su totalidad, el 60% de ellas tienen al menos un 30% de labores automatizables.<\/p>\n<p>Lo cual, entre otras, plantea una amenazadora interrogante m\u00e1s: \u00bfPagar\u00e1n impuestos las m\u00e1quinas que desplacen a los trabajadores que s\u00ed contribuyen al erario?<\/p>\n<p style=\"text-align: center;\"><strong>El fin de la telefon\u00eda fija<\/strong><\/p>\n<p>El futuro de la telefon\u00eda fija, servicio que presta Telmex, es su muerte por abandono de los usuarios.<\/p>\n<p>En Francia, por ejemplo, desde el 15 de noviembre de 2018 ya no se instalan l\u00edneas telef\u00f3nicas fijas en ning\u00fan lugar.<\/p>\n<p>Y se calcula que para 2023, el pr\u00f3ximo a\u00f1o, la telef\u00f3nica Orange \u2014adquiriente de la paraestatal France Telecom\u2014 dejar\u00e1 de prestar servicios, debido al hartazgo de sus clientes quienes s\u00f3lo usan el tel\u00e9fono fijo cuando reciben llamadas con fines comerciales.<\/p>\n<p>La verdad es que todos nos hemos convertido en adictos al tel\u00e9fono celular y a las comunicaciones de voz, incluso de video, a trav\u00e9s de aplicaciones como WhatsApp, Telegram, Signal, Zoom, Teams y varias m\u00e1s.<\/p>\n<p>Aqu\u00ed los Slim arguyen p\u00e9rdidas en esa empresa de su vasto conglomerado.<\/p>\n<p>Y apuntan que el costo laboral es ya muy alto.<\/p>\n<p>Por eso el f\u00e9rreo H\u00e9ctor Slim -con la venia de su tio Carlos,\u00a0<em>but of course<\/em>&#8211; tom\u00f3 la decisi\u00f3n unilateral de no pagar el 100 por ciento de la jubilaci\u00f3n de los trabajadores de nuevo ingreso.<\/p>\n<p>Adem\u00e1s, ha dejado de ocupar un par de miles de vacantes\u2026 en puestos que a juicio de la parte patronal ya no son necesarios por la robotizaci\u00f3n.<\/p>\n<p>Am\u00e9n de que, de acuerdo con voceros de la organizaci\u00f3n gremial, Slim Domit \u2014el del f\u00e9rreo car\u00e1cter en la familia de ascendencia libanesa\u2014 impuso \u201cmedidas coercitivas como retenci\u00f3n de salarios, y otras prestaciones, y ha realizado agresiones f\u00edsicas, verbales y aspectos tan precarios como el apagar elevadores en las oficinas centrales\u201d.<\/p>\n<p>\u00bfFue una farsa la huelga de unas horas en Telmex?<\/p>\n<p>\u00bfCulminar\u00e1 este movimiento en el despido de m\u00e1s sindicalizados?<\/p>\n<p>As\u00ed hasta el fin de Telmex\u2026 que s\u00f3lo prestar\u00e1 el muy rentable servicio de internet -car\u00edsimo para sus usuarios-, a trav\u00e9s de alg\u00fan aparato que sustituya al tel\u00e9fono.<\/p>\n<p>Y ya no tarda, por cierto.<\/p>\n<p style=\"text-align: center;\"><strong>Monreal s\u00ed sabe qu\u00e9 quiere hacer<\/strong><\/p>\n<p>Extra\u00f1amente,\u00a0<strong>Marcelo Ebrard<\/strong>\u00a0no ha hecho ning\u00fan pronunciamiento sobre c\u00f3mo ser\u00eda y qu\u00e9 perseguir\u00eda su gobierno en caso dado de ser el candidato del Movimiento de Andr\u00e9s Manuel L\u00f3pez Obrador a la Presidencia de la Rep\u00fablica.<\/p>\n<p>Imposible saber qu\u00e9 piensa\u00a0<strong>Claudia Sheinbaum<\/strong>, qu\u00e9 ideas tiene, cu\u00e1les sus planes\u2026 porque s\u00f3lo se ha dedicado a repetir y a repetir lo que dice AMLO\u2026 y a violentar las leyes electorales en una precampa\u00f1a que, lamentablemente para ella, no logra posicionarla en el favor popular. Es una inc\u00f3gnita. O quiz\u00e1 no quiere revelarse como la izquierdista que ella s\u00ed es.<\/p>\n<p><strong>Ricardo Monreal<\/strong>, l\u00edder de la mayor\u00eda senatorial, en cambio, ha estado trabajando un Proyecto de Naci\u00f3n que presentar\u00e1 cuando los tiempos legales lo permitan, pero ha dado algunas probaditas que hay que rescatar. El viernes habl\u00f3 del campo y de la pol\u00edtica social, puntos que se sumaron a la propuesta de pol\u00edtica fiscal, que tambi\u00e9n explic\u00f3 24 horas antes.<\/p>\n<p>La centrada en el aspecto fiscal buscar\u00eda reducir el Impuesto Sobre la Renta, lo mismo que el IVA, agilizar los tr\u00e1mites de inscripci\u00f3n al registro de contribuyentes y, entre otros puntos, la autosuficiencia de las finanzas de las entidades de la Federaci\u00f3n a trav\u00e9s de la recaudaci\u00f3n de tributos locales.<\/p>\n<p>La segunda, que para abatir la pobreza cruda que asuela a amplias regiones del pa\u00eds, tanto urbanas como rurales debe profundizarse en el otorgamiento de programas sociales e invertir en el campo.<\/p>\n<p>Monreal explic\u00f3 que urge articular programas de rescate, de recuperaci\u00f3n social, y reconstrucci\u00f3n econ\u00f3mica que haga posible el crecimiento econ\u00f3mico, justo y equitativo que en gran parte se perdi\u00f3 por la pandemia que sufri\u00f3 M\u00e9xico y el Mundo.<\/p>\n<p>Como experiencia, dice Monreal, debemos apostar por alcanzar la autosuficiencia alimentaria, lo que asegurar\u00eda que en nuestro pa\u00eds nadie se quedar\u00eda sin un plato de comida que llevarse a la boca.<\/p>\n<p>Para ello, para acabar con la pobreza y el hambre en M\u00e9xico, \u201ces necesario incrementar sustancialmente la inversi\u00f3n en el campo\u201d, brindando acompa\u00f1amiento t\u00e9cnico, intentar alcanzar la innovaci\u00f3n tecnol\u00f3gica, incrementar los salarios de las y los campesinos que nos dan de comer, facilitarles el acceso a los cr\u00e9ditos y a los mercados locales, nacionales, globales. Porque, dice, el desarrollo del campo en el pa\u00eds no debe estar bajo una visi\u00f3n nacionalista ignorando las oportunidades que ofrece el mundo\u201d.<\/p>\n<p>Implementar y extender un programa progresivo del sistema de bienestar social incluyente que tenga que ver con atenci\u00f3n a personas en vulnerabilidad, con educaci\u00f3n, violencia, salario y salud.<\/p>\n<p>En M\u00e9xico, en el campo y en ciudades, el 43 por ciento \u201cde nuestra gente\u201d sigue viviendo en situaci\u00f3n de pobreza, y Monreal dice estar enfocando todas sus energ\u00edas para abatir este \u00edndice.<\/p>\n<p style=\"text-align: center;\"><strong>Indicios<\/strong><\/p>\n<p>No s\u00f3lo los tel\u00e9fonos fijos est\u00e1n desapareciendo. Lamentablemente, tambi\u00e9n los peri\u00f3dicos diarios y los noticieros por televisi\u00f3n. Mi colega y amigo\u00a0<strong>Guillermo Farber<\/strong>\u00a0me ha enviado apenas la s\u00edntesis de un inquietante reporte que le comparto, en traducci\u00f3n propia del ingl\u00e9s al castellano: \u201cComo parte de su encuesta anual de las 16 mayores instituciones (de los Estados Unidos), Gallup ha seguido la constante ca\u00edda en la confianza que merecen los peri\u00f3dicos desde 1973 y la televisi\u00f3n desde 1993\u2026 En la encuesta de 2022, levantada entre el primero y el 20 de junio, s\u00f3lo el 16% de los estadounidenses tienen \u2018mucha \/ bastante confianza en los peri\u00f3dicos, y 11% tienen el mismo grado de confianza en los noticieros de televisi\u00f3n\u2026 Esto deja al 46 por ciento de los estadounidenses con \u2018muy poca o ninguna\u2019 confianza en los peri\u00f3dicos y un asombroso 53 por ciento, la mayor\u00eda, con el mismo grado de confianza en las noticias de la televisi\u00f3n\u201d. En M\u00e9xico, lamentablemente, las cifras deben ser peores. \u00bfBenditas redes sociales? \u00bfDe verdad? \u00bfLa informaci\u00f3n en manos de improvisados, en el mejor de los casos, y de manipuladores, en el peor de ellos? * * * Por hoy es todo. Le agradezco que me haya acompa\u00f1ado hasta el punto final de este texto. Y le deseo, como siempre, que tenga usted \u00a1buenas gracias y muchos, muchos d\u00edas!<\/p>\n<p><em><u><a href=\"http:\/\/www.indicepolitico.com\" target=\"_blank\" rel=\"noopener noreferrer\">www.indicepolitico.com<\/a><\/u><u><br \/>\n<\/u><a href=\"mailto:indicepolitico@gmail.com\" target=\"_blank\" rel=\"noopener noreferrer\">indicepolitico@gmail.com<\/a><\/em><br \/>\n<em><a href=\"https:\/\/twitter.com\/indicepolitico?lang=es\" target=\"_blank\" rel=\"noopener noreferrer\">@IndicePolitico<\/a><\/em><br \/>\n<em><u><a href=\"https:\/\/twitter.com\/pacorodriguez\" target=\"_blank\" rel=\"noopener noreferrer\">@pacorodriguez<\/a><\/u><\/em><\/p>\n","protected":false},"excerpt":{"rendered":"<p><span style=\"color: #005497;\"><strong>Francisco Rodr\u00edguez<\/strong><\/span><\/p>\n","protected":false},"author":3,"featured_media":0,"comment_status":"open","ping_status":"open","sticky":false,"template":"","format":"standard","meta":{"_monsterinsights_skip_tracking":false,"_monsterinsights_sitenote_active":false,"_monsterinsights_sitenote_note":"","_monsterinsights_sitenote_category":0,"footnotes":""},"categories":[549],"tags":[43689,550,43674],"class_list":["post-554417","post","type-post","status-publish","format-standard","hentry","category-francisco-rodriguez","tag-francisco-rodriguez","tag-indice-politico","tag-opinion"],"_links":{"self":[{"href":"https:\/\/www.diarioimagen.net\/index.php?rest_route=\/wp\/v2\/posts\/554417","targetHints":{"allow":["GET"]}}],"collection":[{"href":"https:\/\/www.diarioimagen.net\/index.php?rest_route=\/wp\/v2\/posts"}],"about":[{"href":"https:\/\/www.diarioimagen.net\/index.php?rest_route=\/wp\/v2\/types\/post"}],"author":[{"embeddable":true,"href":"https:\/\/www.diarioimagen.net\/index.php?rest_route=\/wp\/v2\/users\/3"}],"replies":[{"embeddable":true,"href":"https:\/\/www.diarioimagen.net\/index.php?rest_route=%2Fwp%2Fv2%2Fcomments&post=554417"}],"version-history":[{"count":0,"href":"https:\/\/www.diarioimagen.net\/index.php?rest_route=\/wp\/v2\/posts\/554417\/revisions"}],"wp:attachment":[{"href":"https:\/\/www.diarioimagen.net\/index.php?rest_route=%2Fwp%2Fv2%2Fmedia&parent=554417"}],"wp:term":[{"taxonomy":"category","embeddable":true,"href":"https:\/\/www.diarioimagen.net\/index.php?rest_route=%2Fwp%2Fv2%2Fcategories&post=554417"},{"taxonomy":"post_tag","embeddable":true,"href":"https:\/\/www.diarioimagen.net\/index.php?rest_route=%2Fwp%2Fv2%2Ftags&post=554417"}],"curies":[{"name":"wp","href":"https:\/\/api.w.org\/{rel}","templated":true}]}}