{"id":554421,"date":"2022-07-25T00:06:19","date_gmt":"2022-07-25T05:06:19","guid":{"rendered":"https:\/\/www.diarioimagen.net\/?p=554421"},"modified":"2022-07-25T03:36:41","modified_gmt":"2022-07-25T08:36:41","slug":"concejales-quedan-a-deber-a-la-ciudadania","status":"publish","type":"post","link":"https:\/\/www.diarioimagen.net\/?p=554421","title":{"rendered":"Concejales quedan a deber a la ciudadan\u00eda"},"content":{"rendered":"<h2>Como veo, doy<\/h2>\n<h5>Jorge Luis Galicia Palacios<\/h5>\n<p><strong><em>\u00a0<\/em><\/strong><\/p>\n<ul>\n<li><strong><em>Consultas sobre PGD y PGOT, oportunidad de participaci\u00f3n ciudadana<\/em><\/strong><\/li>\n<\/ul>\n<p>&nbsp;<\/p>\n<p>Cuando en la Constituci\u00f3n Pol\u00edtica de la Ciudad de M\u00e9xico se estableci\u00f3 la figura de Concejal, los capitalinos anticiparon no s\u00f3lo un mecanismo m\u00e1s de participaci\u00f3n ciudadana, sino tambi\u00e9n una forma de supervisi\u00f3n y evaluaci\u00f3n a las acciones de los gobiernos en las alcald\u00edas, as\u00ed como atribuciones para controlar el ejercicio del gasto p\u00fablico, sin embargo, luego de una primera etapa de tres a\u00f1os, en su segundo ejercicio de funciones los concejales, seg\u00fan observan diversos sectores de la poblaci\u00f3n, siguen dejando mucho a desear, en otras palabras a la ciudadan\u00eda de la CDMX le siguen quedando a deber.<\/p>\n<p>A lo mucho, cuando algo se dice del trabajo que realizan estos representantes electos, es porque est\u00e1n a favor de los programas y planes de gobierno de sus alcaldes o bien porque en materia pol\u00edtica se suman \u00a0a sus expresiones o posturas y aunque hay quienes cuestionan tanto la forma de gobernar y\/o los presupuestos autorizados, por lo general son voces que poco impactan a la hora de la gobernanza.<\/p>\n<p>Como se sabe, los concejales son figuras que, junto \u00a0con los alcaldes, y de acuerdo con la legislaci\u00f3n vigente, son electos cada tres a\u00f1os y en la actualidad algunos de ellos fueron reelectos por un periodo m\u00e1s, de ah\u00ed que para el caso de los concejales sus vecinos siguen esperando mucho m\u00e1s de su trabajo.<\/p>\n<p>En raz\u00f3n de lo anterior, no hay que echar en saco roto la propuesta que hace algunos d\u00edas plante\u00f3 el Coordinador del PRD en el Congreso capitalino,\u00a0V\u00edctor Hugo Lobo Rom\u00e1n,\u00a0quien\u00a0busca que los concejales de las 16 Alcald\u00edas participen y opinen en el proceso de elaboraci\u00f3n o actualizaci\u00f3n de diversos programas, como el de Desarrollo Urbano, Ordenamiento Territorial y otros, contemplados en la Ley de Desarrollo Urbano.<\/p>\n<p>En su iniciativa, que\u00a0consta de 147 hojas, Lobo Rom\u00e1n\u00a0menciona\u00a0que las leyes que regulan varios aspectos de la vida p\u00fablica de la Ciudad no han sido actualizadas conforme a la Constituci\u00f3n local, as\u00ed como tampoco se han tomado en cuenta varios preceptos, lo cual no s\u00f3lo viola la Constituci\u00f3n en la pr\u00e1ctica, sino de hecho su aplicaci\u00f3n evita el goce y garant\u00eda de los derechos de las personas de manera evidente, como es el caso de las y los Concejales.\u00a0Detall\u00f3 \u00a0que su iniciativa pretende actualizar estos derechos para los Concejos de las alcald\u00edas, incluyendo esta atribuci\u00f3n en los procesos que estipulan en la Ley de Desarrollo Urbano del Distrito Federal vigente.<\/p>\n<p>De igual forma, destac\u00f3 que propone reformar diversas disposiciones de todo el cuerpo normativo de la citada ley en materia de armonizaci\u00f3n, como consecuencia de la promulgaci\u00f3n y publicaci\u00f3n de la Constituci\u00f3n Pol\u00edtica de la Ciudad de M\u00e9xico.<\/p>\n<p>\u201cNo se entiende que en el proceso de planeaci\u00f3n, elaboraci\u00f3n, revisi\u00f3n, dictaminaci\u00f3n y aprobaci\u00f3n de esos instrumentos, los Concejos de las alcald\u00edas est\u00e9n ausentes en la participaci\u00f3n de cada fase del proceso. Y es que, seg\u00fan la propia ley, si bien considera a las jefaturas delegacionales, hoy alcald\u00edas, como autoridad en materia de desarrollo Urbano en la ciudad, no contempla a los Concejos de las alcald\u00edas, como parte de ese proceso\u201d, lament\u00f3 el legislador.<\/p>\n<p>Reiter\u00f3 que si la propia ley del Sistema de Planeaci\u00f3n considera a las Alcald\u00edas como una autoridad en materia de planeaci\u00f3n, y que la Ley de Desarrollo Urbano las eleva al mismo rango, no se entiende que dejen fuera la opini\u00f3n de los concejos, \u201cpese a que esto ciudadaniza a\u00fan m\u00e1s el actuar gubernamental, avanzando hacia una verdadera gobernanza, como elemento fundamental e inequ\u00edvoco de la democracia representativa\u201d, enfatiz\u00f3.<\/p>\n<p><strong>LAS CARTAS HABLAN.-<\/strong> A prop\u00f3sito de planes y programas de gobierno en la Ciudad de M\u00e9xico, es relevante mencionar que el gobierno capitalino pondr\u00e1 a\u00a0consulta de los ciudadanos\u00a0el\u00a0Plan General de Desarrollo\u00a0(PGD)\u00a0y el Programa\u00a0General\u00a0de Ordenamiento Territorial\u00a0(PGOT) que se aplicar\u00e1 en la ciudad a lo largo de los pr\u00f3ximos 20 a\u00f1os.<\/p>\n<p>Par tal efecto, los organizadores han adelantado que para estos efectos se\u00a0realizar\u00e1n m\u00e1s de mil 800 reuniones vecinales\u00a0entre octubre y noviembre de este a\u00f1o, en las que se incluir\u00e1 a los capitalinos de todos las colonias de la ciudad.<\/p>\n<p>La referida consulta, seg\u00fan se public\u00f3 en la Gaceta oficial de la CDMX, ser\u00e1 aplicable en las Diecis\u00e9is (16) Demarcaciones Territoriales de la Ciudad de M\u00e9xico y el proceso de la Consulta P\u00fablica se realizar\u00e1 del 08 de agosto de 2022 al 08 de enero de 2023.<\/p>\n<p><strong>VA MI RESTO.-<\/strong> Si bien en la referida convocatoria se habla de que de manera particular o colectiva podr\u00e1n participar todos los habitantes de la Ciudad de M\u00e9xico, es deseable que a las consultas para la elaboraci\u00f3n y construcci\u00f3n del PGD y el PGOT lleguen opiniones y propuestas de todos lados, de organizaciones civiles y sociales, universidades p\u00fablicas y privadas, c\u00e1maras empresariales, colegios de profesionistas, Alcald\u00edas y de la Administraci\u00f3n P\u00fablica Local, y, como lo comentamos en este comentario, que en esta consulta los concejales tambi\u00e9n se hagan presentes, porque al fin y al cabo para eso fueron electos, para ser voz de los ciudadanos de todas las alcald\u00edas \u00bfqu\u00e9 no?.<\/p>\n<p>Y miren que hay mucha tela de donde cortar, por ejemplo la actualizaci\u00f3n de los planes parciales de Desarrollo Urbano, las delimitaciones de la barrancas para ya no ser invadidas por el crecimiento urbano, la consolidaci\u00f3n urbana de los aproximadamente mil asentamientos irregulares que requieren servicios urbanos, entre otros temas, y hasta ah\u00ed, porque como veo doy.<\/p>\n<p><em><a href=\"mailto:jorgelgalicia@yahoo.com.mx\" target=\"_blank\" rel=\"noopener noreferrer\">jorgelgalicia@yahoo.com.mx<\/a><\/em><\/p>\n","protected":false},"excerpt":{"rendered":"<p><span style=\"color: #005497;\"><strong>Jorge Luis Galicia Palacios<\/strong><\/span><\/p>\n","protected":false},"author":3,"featured_media":0,"comment_status":"open","ping_status":"open","sticky":false,"template":"","format":"standard","meta":{"_monsterinsights_skip_tracking":false,"_monsterinsights_sitenote_active":false,"_monsterinsights_sitenote_note":"","_monsterinsights_sitenote_category":0,"footnotes":""},"categories":[63916],"tags":[28722,63917,43674],"class_list":["post-554421","post","type-post","status-publish","format-standard","hentry","category-jorge-luis-galicia-palacios","tag-como-veo-doy","tag-jorge-luis-galicia-palacios","tag-opinion"],"_links":{"self":[{"href":"https:\/\/www.diarioimagen.net\/index.php?rest_route=\/wp\/v2\/posts\/554421","targetHints":{"allow":["GET"]}}],"collection":[{"href":"https:\/\/www.diarioimagen.net\/index.php?rest_route=\/wp\/v2\/posts"}],"about":[{"href":"https:\/\/www.diarioimagen.net\/index.php?rest_route=\/wp\/v2\/types\/post"}],"author":[{"embeddable":true,"href":"https:\/\/www.diarioimagen.net\/index.php?rest_route=\/wp\/v2\/users\/3"}],"replies":[{"embeddable":true,"href":"https:\/\/www.diarioimagen.net\/index.php?rest_route=%2Fwp%2Fv2%2Fcomments&post=554421"}],"version-history":[{"count":0,"href":"https:\/\/www.diarioimagen.net\/index.php?rest_route=\/wp\/v2\/posts\/554421\/revisions"}],"wp:attachment":[{"href":"https:\/\/www.diarioimagen.net\/index.php?rest_route=%2Fwp%2Fv2%2Fmedia&parent=554421"}],"wp:term":[{"taxonomy":"category","embeddable":true,"href":"https:\/\/www.diarioimagen.net\/index.php?rest_route=%2Fwp%2Fv2%2Fcategories&post=554421"},{"taxonomy":"post_tag","embeddable":true,"href":"https:\/\/www.diarioimagen.net\/index.php?rest_route=%2Fwp%2Fv2%2Ftags&post=554421"}],"curies":[{"name":"wp","href":"https:\/\/api.w.org\/{rel}","templated":true}]}}