{"id":554515,"date":"2022-07-26T00:01:28","date_gmt":"2022-07-26T05:01:28","guid":{"rendered":"https:\/\/www.diarioimagen.net\/?p=554515"},"modified":"2022-07-26T02:22:41","modified_gmt":"2022-07-26T07:22:41","slug":"no-permitiremos-que-el-gobierno-meta-las-manos-en-2023-eric-sevilla-dirigente-del-pri","status":"publish","type":"post","link":"https:\/\/www.diarioimagen.net\/?p=554515","title":{"rendered":"No permitiremos que el gobierno meta las manos en 2023: Eric Sevilla, dirigente del PRI"},"content":{"rendered":"<p><strong>\u00a0<\/strong><\/p>\n<ul>\n<li><em><strong>\u201cMilitancia est\u00e1 lista para retener gubernatura en Edomex\u201d<\/strong><\/em><\/li>\n<\/ul>\n<p><strong>\u00a0<\/strong><\/p>\n<h6>Arturo Baena<\/h6>\n<p>&nbsp;<\/p>\n<div id=\"attachment_554604\" style=\"width: 470px\" class=\"wp-caption aligncenter\"><img loading=\"lazy\" decoding=\"async\" aria-describedby=\"caption-attachment-554604\" class=\"size-full wp-image-554604\" src=\"https:\/\/www.diarioimagen.net\/wp-content\/uploads\/2022\/07\/BAENA2-11.jpg\" alt=\"\" width=\"460\" height=\"270\" \/><p id=\"caption-attachment-554604\" class=\"wp-caption-text\">Eric Sevilla, dirigente del PRI mexiquense, expres\u00f3 que su militancia est\u00e1 lista para ganar la gubernatura del Estado de M\u00e9xico.<\/p><\/div>\n<p>&nbsp;<\/p>\n<p><strong>Valle de M\u00e9xico.\u2014<\/strong> El priismo mexiquense no permitir\u00e1 una elecci\u00f3n de Estado en el 2023 y mucho menos dejar\u00e1 que los \u201csiervos de la naci\u00f3n\u201d metan sus manos en el proceso electoral.<\/p>\n<p>As\u00ed lo manifest\u00f3 Eric Sevilla, dirigente del PRI mexiquense, al expresar que su militancia est\u00e1 lista para ganar la gubernatura del Estado de M\u00e9xico.<\/p>\n<p>Insisti\u00f3 en que el tricolor entrar\u00e1 a la \u201cmadre de todas las batallas, \u201cen el pa\u00eds ya nos conocen a los priistas mexiquenses, aqu\u00ed nadie nos dobla, pelearemos palmo a palmo la calle, desecci\u00f3n a secci\u00f3n y se las vamos a ganar en junio del pr\u00f3ximo a\u00f1o\u201d, dijo.<\/p>\n<p>Con 93 a\u00f1os de experiencia, dijo que el PRI demostrar\u00e1 su tama\u00f1o en los pr\u00f3ximos comicios de la entidad mexiquense y \u201cganaremos porque<\/p>\n<p>trabajamos m\u00e1s, somos cercanos a la gente y para ello tomaremos las calles de cada rinc\u00f3n de la entidad\u201d.<\/p>\n<p>\u201cEstamos m\u00e1s vivos que nunca, la capacidad de resiliencia del PRI no la tiene ning\u00fan partido, tan solo en dos a\u00f1os y medio se recuperaron municipios y diputaciones\u201d, sostuvo.<\/p>\n<p>Finalmente, Eric Sevilla, afirm\u00f3 que \u201csontiempos de pensar que se quiere para la patria, estamos en una emergencia para que el pa\u00eds no se vaya a la dictadura, aqu\u00ed no se va adoptar modelos de Cuba ni Venezuela, tenemos una patria libre que nos cost\u00f3 mucho trabajo construir a los priistas y la vamos a defender desde el Estado de M\u00e9xico\u201d.<\/p>\n","protected":false},"excerpt":{"rendered":"<p>El priismo mexiquense no permitir\u00e1 una elecci\u00f3n de Estado en el 2023 y mucho menos dejar\u00e1 que los \u201csiervos de la naci\u00f3n\u201d metan sus manos en el proceso electoral.<\/p>\n","protected":false},"author":3,"featured_media":554604,"comment_status":"open","ping_status":"open","sticky":false,"template":"","format":"standard","meta":{"_monsterinsights_skip_tracking":false,"_monsterinsights_sitenote_active":false,"_monsterinsights_sitenote_note":"","_monsterinsights_sitenote_category":0,"footnotes":""},"categories":[5],"tags":[95578,362,34],"class_list":["post-554515","post","type-post","status-publish","format-standard","has-post-thumbnail","hentry","category-estado-de-mexico","tag-eric-sevilla","tag-pri","tag-valle-de-mexico"],"_links":{"self":[{"href":"https:\/\/www.diarioimagen.net\/index.php?rest_route=\/wp\/v2\/posts\/554515","targetHints":{"allow":["GET"]}}],"collection":[{"href":"https:\/\/www.diarioimagen.net\/index.php?rest_route=\/wp\/v2\/posts"}],"about":[{"href":"https:\/\/www.diarioimagen.net\/index.php?rest_route=\/wp\/v2\/types\/post"}],"author":[{"embeddable":true,"href":"https:\/\/www.diarioimagen.net\/index.php?rest_route=\/wp\/v2\/users\/3"}],"replies":[{"embeddable":true,"href":"https:\/\/www.diarioimagen.net\/index.php?rest_route=%2Fwp%2Fv2%2Fcomments&post=554515"}],"version-history":[{"count":0,"href":"https:\/\/www.diarioimagen.net\/index.php?rest_route=\/wp\/v2\/posts\/554515\/revisions"}],"wp:featuredmedia":[{"embeddable":true,"href":"https:\/\/www.diarioimagen.net\/index.php?rest_route=\/wp\/v2\/media\/554604"}],"wp:attachment":[{"href":"https:\/\/www.diarioimagen.net\/index.php?rest_route=%2Fwp%2Fv2%2Fmedia&parent=554515"}],"wp:term":[{"taxonomy":"category","embeddable":true,"href":"https:\/\/www.diarioimagen.net\/index.php?rest_route=%2Fwp%2Fv2%2Fcategories&post=554515"},{"taxonomy":"post_tag","embeddable":true,"href":"https:\/\/www.diarioimagen.net\/index.php?rest_route=%2Fwp%2Fv2%2Ftags&post=554515"}],"curies":[{"name":"wp","href":"https:\/\/api.w.org\/{rel}","templated":true}]}}