{"id":554517,"date":"2022-07-26T00:04:31","date_gmt":"2022-07-26T05:04:31","guid":{"rendered":"https:\/\/www.diarioimagen.net\/?p=554517"},"modified":"2022-07-26T02:23:33","modified_gmt":"2022-07-26T07:23:33","slug":"una-prioridad-impulsar-todo-tipo-de-actividades-deportivas-agustin-herrera","status":"publish","type":"post","link":"https:\/\/www.diarioimagen.net\/?p=554517","title":{"rendered":"Una prioridad, impulsar todo tipo de actividades deportivas: Agust\u00edn Herrera"},"content":{"rendered":"<p>&nbsp;<\/p>\n<p><img loading=\"lazy\" decoding=\"async\" class=\"aligncenter size-full wp-image-554606\" src=\"https:\/\/www.diarioimagen.net\/wp-content\/uploads\/2022\/07\/BAENA4-11.jpg\" alt=\"\" width=\"460\" height=\"270\" \/><\/p>\n<p>&nbsp;<\/p>\n<p><strong>Naucalpan, Estado de M\u00e9xico.\u2014<\/strong> Promover las actividades deportivas en este municipio es para nosotros una prioridad, pues impulsar el deporte entre la ni\u00f1ez y la juventud mexiquense permite fomentar disciplina, trabajo en equipo y alejarlos de vicios.<\/p>\n<p>As\u00ed lo asegur\u00f3 el profesor Agust\u00edn Herrera, promotor deportivo, quien recibi\u00f3 un reconocimiento por su noble actividad en favor de las y los naucalpense, durante el evento denominado \u201cEx\u00e1menes de Maestros de Karate 2022\u201d, cuyo responsable es el profesor Alejandro L\u00f3pez que se realiz\u00f3 en el CEFE del Parque Naucalli que el Instituto Municipal de Cultura F\u00edsica y Deporte (INCUFIDEN) que encabeza en este municipio el profesor Arturo Feregrino Castro.<\/p>\n","protected":false},"excerpt":{"rendered":"<p>Promover las actividades deportivas en este municipio es para nosotros una prioridad, pues impulsar el deporte entre la ni\u00f1ez y la juventud mexiquense permite fomentar disciplina, trabajo en equipo y alejarlos de vicios.<\/p>\n","protected":false},"author":3,"featured_media":554606,"comment_status":"open","ping_status":"open","sticky":false,"template":"","format":"standard","meta":{"_monsterinsights_skip_tracking":false,"_monsterinsights_sitenote_active":false,"_monsterinsights_sitenote_note":"","_monsterinsights_sitenote_category":0,"footnotes":""},"categories":[5],"tags":[95682,43675,970],"class_list":["post-554517","post","type-post","status-publish","format-standard","has-post-thumbnail","hentry","category-estado-de-mexico","tag-cefe","tag-estado-de-mexico","tag-naucalpan"],"_links":{"self":[{"href":"https:\/\/www.diarioimagen.net\/index.php?rest_route=\/wp\/v2\/posts\/554517","targetHints":{"allow":["GET"]}}],"collection":[{"href":"https:\/\/www.diarioimagen.net\/index.php?rest_route=\/wp\/v2\/posts"}],"about":[{"href":"https:\/\/www.diarioimagen.net\/index.php?rest_route=\/wp\/v2\/types\/post"}],"author":[{"embeddable":true,"href":"https:\/\/www.diarioimagen.net\/index.php?rest_route=\/wp\/v2\/users\/3"}],"replies":[{"embeddable":true,"href":"https:\/\/www.diarioimagen.net\/index.php?rest_route=%2Fwp%2Fv2%2Fcomments&post=554517"}],"version-history":[{"count":0,"href":"https:\/\/www.diarioimagen.net\/index.php?rest_route=\/wp\/v2\/posts\/554517\/revisions"}],"wp:featuredmedia":[{"embeddable":true,"href":"https:\/\/www.diarioimagen.net\/index.php?rest_route=\/wp\/v2\/media\/554606"}],"wp:attachment":[{"href":"https:\/\/www.diarioimagen.net\/index.php?rest_route=%2Fwp%2Fv2%2Fmedia&parent=554517"}],"wp:term":[{"taxonomy":"category","embeddable":true,"href":"https:\/\/www.diarioimagen.net\/index.php?rest_route=%2Fwp%2Fv2%2Fcategories&post=554517"},{"taxonomy":"post_tag","embeddable":true,"href":"https:\/\/www.diarioimagen.net\/index.php?rest_route=%2Fwp%2Fv2%2Ftags&post=554517"}],"curies":[{"name":"wp","href":"https:\/\/api.w.org\/{rel}","templated":true}]}}