{"id":554521,"date":"2022-07-26T00:02:33","date_gmt":"2022-07-26T05:02:33","guid":{"rendered":"https:\/\/www.diarioimagen.net\/?p=554521"},"modified":"2022-07-26T02:26:02","modified_gmt":"2022-07-26T07:26:02","slug":"sin-rupturas-proceso-para-la-candidatura-de-morena-en-edomex-afirma-jesus-gomez","status":"publish","type":"post","link":"https:\/\/www.diarioimagen.net\/?p=554521","title":{"rendered":"Sin rupturas, proceso para la candidatura de Morena en Edomex, afirma Jes\u00fas G\u00f3mez"},"content":{"rendered":"<p><strong>\u00a0<\/strong><\/p>\n<ul>\n<li><em><strong>Plan de apoyo en Naucalpan<\/strong><\/em><\/li>\n<\/ul>\n<p><strong>\u00a0<\/strong><\/p>\n<h6>Arturo Baena<\/h6>\n<p>&nbsp;<\/p>\n<div id=\"attachment_554609\" style=\"width: 470px\" class=\"wp-caption aligncenter\"><img loading=\"lazy\" decoding=\"async\" aria-describedby=\"caption-attachment-554609\" class=\"size-full wp-image-554609\" src=\"https:\/\/www.diarioimagen.net\/wp-content\/uploads\/2022\/07\/BAENA1-14.jpg\" alt=\"\" width=\"460\" height=\"270\" \/><p id=\"caption-attachment-554609\" class=\"wp-caption-text\">El l\u00edder social Jes\u00fas G\u00f3mez Cort\u00e9s se\u00f1al\u00f3 que Higinio Mart\u00ednez tiene experiencia, un trabajo de 32 a\u00f1os, as\u00ed como la capacidad de coordinar, unificar y conciliar.<\/p><\/div>\n<p>&nbsp;<\/p>\n<p><strong>Naucalpan, Estado de M\u00e9xico.\u2014<\/strong> Por primera vez en la historia del Estado de M\u00e9xico, Movimiento de Regeneraci\u00f3n Nacional (Morena) gobernar\u00e1 la entidad mexiquense, pues cuenta con las mujeres y hombres con trayectoria y experiencia necesaria, adem\u00e1s de que diversas encuestas ya lo dan como ganador.<\/p>\n<p>Asegur\u00f3 en entrevista el luchador social Jes\u00fas G\u00f3mez Cort\u00e9s, luego de dar a conocer que en breve arrancar\u00e1 en Naucalpan un programa de reforzamiento y apoyo en favor de ese instituto pol\u00edtico.<\/p>\n<p>El tambi\u00e9n doctor de profesi\u00f3n, dijo que los aspirantes a la coordinaci\u00f3n de los Comit\u00e9s de Defensa de la Cuarta Transformaci\u00f3n, espacio que m\u00e1s adelante derivar\u00e1 en la candidatura de Morena a la gubernatura mexiquense, llegar\u00e1 a buen t\u00e9rmino. G\u00f3mez Cort\u00e9s, record\u00f3 que uno de los morenistas m\u00e1s activos y con mayor estructura en la entidad, es sin duda el senador Higinio Mart\u00ednez Miranda, quien acatar\u00e1 los resultados y apoyar\u00e1 a quien resulte designado, aunque evidentemente \u00e9l espera ser el abanderado.<\/p>\n<p>Tambi\u00e9n, el luchador social prev\u00e9 que no habr\u00e1 \u201cbendici\u00f3n presidencial\u201d en la definici\u00f3n de la candidatura morenista y enfatiza que, sin importar la decisi\u00f3n final, esa fuerza seguir\u00e1 unida, sin rupturas.<\/p>\n<p>Jes\u00fas G\u00f3mez, record\u00f3 que Higinio Mart\u00ednez tiene experiencia, un trabajo de 32 a\u00f1os, as\u00ed como la capacidad de coordinar, unificar y conciliar, pero tambi\u00e9n advierte que si Morena gana la entidad el siguiente a\u00f1o, debe haber un cambio, pues de lo contrario ser\u00eda un fraude a la poblaci\u00f3n.<\/p>\n","protected":false},"excerpt":{"rendered":"<p>Por primera vez en la historia del Estado de M\u00e9xico, Movimiento de Regeneraci\u00f3n Nacional (Morena) gobernar\u00e1 la entidad mexiquense, pues cuenta con las mujeres y hombres con trayectoria y experiencia necesaria, adem\u00e1s de que diversas encuestas ya lo dan como ganador.<\/p>\n","protected":false},"author":3,"featured_media":554609,"comment_status":"open","ping_status":"open","sticky":false,"template":"","format":"standard","meta":{"_monsterinsights_skip_tracking":false,"_monsterinsights_sitenote_active":false,"_monsterinsights_sitenote_note":"","_monsterinsights_sitenote_category":0,"footnotes":""},"categories":[5],"tags":[43675,20663,970],"class_list":["post-554521","post","type-post","status-publish","format-standard","has-post-thumbnail","hentry","category-estado-de-mexico","tag-estado-de-mexico","tag-morena","tag-naucalpan"],"_links":{"self":[{"href":"https:\/\/www.diarioimagen.net\/index.php?rest_route=\/wp\/v2\/posts\/554521","targetHints":{"allow":["GET"]}}],"collection":[{"href":"https:\/\/www.diarioimagen.net\/index.php?rest_route=\/wp\/v2\/posts"}],"about":[{"href":"https:\/\/www.diarioimagen.net\/index.php?rest_route=\/wp\/v2\/types\/post"}],"author":[{"embeddable":true,"href":"https:\/\/www.diarioimagen.net\/index.php?rest_route=\/wp\/v2\/users\/3"}],"replies":[{"embeddable":true,"href":"https:\/\/www.diarioimagen.net\/index.php?rest_route=%2Fwp%2Fv2%2Fcomments&post=554521"}],"version-history":[{"count":0,"href":"https:\/\/www.diarioimagen.net\/index.php?rest_route=\/wp\/v2\/posts\/554521\/revisions"}],"wp:featuredmedia":[{"embeddable":true,"href":"https:\/\/www.diarioimagen.net\/index.php?rest_route=\/wp\/v2\/media\/554609"}],"wp:attachment":[{"href":"https:\/\/www.diarioimagen.net\/index.php?rest_route=%2Fwp%2Fv2%2Fmedia&parent=554521"}],"wp:term":[{"taxonomy":"category","embeddable":true,"href":"https:\/\/www.diarioimagen.net\/index.php?rest_route=%2Fwp%2Fv2%2Fcategories&post=554521"},{"taxonomy":"post_tag","embeddable":true,"href":"https:\/\/www.diarioimagen.net\/index.php?rest_route=%2Fwp%2Fv2%2Ftags&post=554521"}],"curies":[{"name":"wp","href":"https:\/\/api.w.org\/{rel}","templated":true}]}}