{"id":554631,"date":"2022-07-26T00:06:54","date_gmt":"2022-07-26T05:06:54","guid":{"rendered":"https:\/\/www.diarioimagen.net\/?p=554631"},"modified":"2022-07-26T03:07:15","modified_gmt":"2022-07-26T08:07:15","slug":"no-pasa-nada-con-el-tratado-comercial","status":"publish","type":"post","link":"https:\/\/www.diarioimagen.net\/?p=554631","title":{"rendered":"No pasa nada con el tratado comercial"},"content":{"rendered":"<h2>As\u00ed las cosas&#8230;<\/h2>\n<h5>Humberto Mares N.<\/h5>\n<p>&nbsp;<\/p>\n<p>Sin duda, el tema de la relaci\u00f3n diplom\u00e1tica no se le da al presidente Andr\u00e9s Manuel L\u00f3pez Obrador y como le hemos apuntado en este espacio, abre frentes de batalla innecesariamente. El tema del Tratado de Libre Comercio y la solicitud de los pa\u00edses socios, para instalar mesas de di\u00e1logo y hablar sobre el tema energ\u00e9tico, que seg\u00fan ellos M\u00e9xico est\u00e1 violado cuatro puntos, que quieren aclarar.<\/p>\n<p>La respuesta de AMLO desde la ma\u00f1anera fue con una canci\u00f3n de Chico Che, su paisano, que dice \u201cuy que miedo\u201d, se\u00f1alando \u201cno pasa nada\u201d lo que fue contestado de inmediato por Estados Unidos y Canad\u00e1, que mandaron el mensaje que s\u00ed podr\u00eda pasar algo y muy grave como gravar todas las exportaciones de M\u00e9xico con un 25% adicional, que le costar\u00eda a M\u00e9xico una cifra cercana a los 30 mil millones de d\u00f3lares.<\/p>\n<p>El canciller Marcelo Ebrard sali\u00f3 de inmediato al quite y adelanta que se prepara defensa por intereses energ\u00e9ticos de M\u00e9xico. El canciller mexicano, cuyo trabajo ha sido fundamental para enfrentar estas situaciones que provoca su jefe de manera, puntual y sin pretender caer en pol\u00e9micas o malentendidos, fiel a su estilo de buen mediador, inform\u00f3 que se est\u00e1 preparando la defensa de los intereses energ\u00e9ticos de M\u00e9xico en el marco del T-MEC. \u201cPreparando ya la defensa de los intereses de M\u00e9xico en el tema energ\u00e9tico que ser\u00e1 objeto de consultas -lideradas por la Secretar\u00eda de Econom\u00eda (SE)- con Estados Unidos y Canad\u00e1. Saldremos adelante\u201d, escribi\u00f3 el canciller en sus redes sociales.<\/p>\n<p style=\"text-align: center;\"><strong>El 16 se septiembre se fijar\u00e1 postura<\/strong><\/p>\n<p>Despu\u00e9s de un par de d\u00edas y de la respuesta casi simult\u00e1nea de Estados Unidos y Canad\u00e1,AMLO declar\u00f3 que ser\u00e1 hasta el 16 de septiembre, en el desfile c\u00edvico militar conmemorativo de la Independencia Mexicana, el gobierno fijar\u00e1 su posici\u00f3n al respecto.<\/p>\n<p>Sin duda, el Presidente aprovechar\u00e1 la fecha para decir algo con respecto a la postura del gobierno mexicano ante las consultas por la pol\u00edtica energ\u00e9tica solicitadas por Canad\u00e1 y Estados Unidos dentro del T-MEC y la independencia nacional, que volver\u00e1 a tomar las primeras planas y la agenda pol\u00edtica. Por lo pronto, el gobierno asegura que M\u00e9xico no est\u00e1 incumpliendo ning\u00fan compromiso establecido en el acuerdo comercial, pero advirti\u00f3 que su gobierno no ceder\u00e1 porque es un asunto que tiene que ver con la soberan\u00eda nacional.<\/p>\n<p>En lo que llega esta fecha la subsecretar\u00eda de Econom\u00eda, Luz Mar\u00eda de la Mora, espera una \u201csoluci\u00f3n mutuamente satisfactoria\u201d en las conversaciones solicitadas por nuestros socios y sobre lo que afirman son incumplimientos mexicanos en materia de energ\u00eda de un pacto comercial regional. Aunque De la Mora dijo que el Gobierno de M\u00e9xico buscar\u00e1 argumentar que sus pol\u00edticas energ\u00e9ticas no violan el acuerdo comercial.<\/p>\n<p>Sin embargo, los argumentos se van estrechando para la 4T. Jes\u00fas Seade Kuri, ex negociador del Tratado M\u00e9xico, Estados Unidos y Canad\u00e1 por parte de la actual administraci\u00f3n federal, sab\u00eda que el sector energ\u00e9tico del pa\u00eds estaba involucrado, se\u00f1al\u00f3 Kenneth Smith Ramos, ex jefe negociador del acuerdo comercial del gobierno federal anterior.<\/p>\n<p>Descarta Ebrard crisis entre socios del tratado por la controversia. El gobierno de M\u00e9xico es \u201coptimista\u201d sobre los argumentos que expondr\u00e1 a Estados Unidos y Canad\u00e1 en torno al tema energ\u00e9tico, porque \u201cvamos a presentar muy satisfactoriamente las respuestas\u201d, afirm\u00f3 el canciller Marcelo Ebrard, quien descart\u00f3 que la controversia pudiera afectar las relaciones con esos pa\u00edses.<\/p>\n<p style=\"text-align: center;\"><strong>Las \u201ccorcholatas\u201d<\/strong><\/p>\n<p>Los partidos pol\u00edticos est\u00e1n en total reconfiguraci\u00f3n para los procesos entrantes. Los grupos naturales se conforman con sus aspirantes a la candidatura presidencial, el pelda\u00f1o m\u00e1s buscado. Salen nombres, pero nada definido ni definitivo.<\/p>\n<p>Pero Morena es el partido que tiene claro c\u00f3mo va ir y con qui\u00e9n. El hecho que su creador y due\u00f1o tenga claro a quien quiere que lo sustituya y haya destapado sus \u201ccorcholatas\u201d, ha facilitado las cosas hacia dentro del partido. Nadie tiene duda y se alinea con lo que dice su gu\u00eda. Las mal llamadas \u201ccorcholatas\u201d, pol\u00edticos hechos, con camino andado siguen su campa\u00f1a, sin ning\u00fan recato. Durante el fin de semana recorrieron parte del pa\u00eds con una agenda de fin de semana, con discursos y todo lo que corresponde de una campa\u00f1a. Hay efervescencia.<\/p>\n<p style=\"text-align: center;\"><strong>P\u00edo L\u00f3pez Obrador<\/strong><\/p>\n<p>El hermano del presidente Andr\u00e9s Manuel L\u00f3pez Obrador seguir\u00e1 bajo investigaci\u00f3n por presuntos delitos electorales, luego de que la fiscal\u00eda especializada en materia, determin\u00f3 que existen nuevos elementos que revisar, sobre el asunto del video, donde fue grabado recibiendo dinero del ex coordinador nacional de Protecci\u00f3n Civil, David Le\u00f3n, en aquel entonces operador pol\u00edtico de Manuel Velasco.<\/p>\n<p>Pio L\u00f3pez Obrador, en entrevista con Grupo Expansi\u00f3n, dijo que su hermano Andr\u00e9s no lo ayuda y s\u00f3lo tiene su peque\u00f1a familia, su esposa y su hija. Sin embargo. acept\u00f3 que el dinero era para gasolina del movimiento.<\/p>\n<p style=\"text-align: center;\"><strong>Plantea Mu\u00f1oz Ledo que se investigue al gobierno<\/strong><\/p>\n<p>Porfirio Mu\u00f1oz Ledo anunci\u00f3 que buscar\u00e1 la creaci\u00f3n de una comisi\u00f3n de la verdad para investigar al gobierno del presidente AMLO por sostener presuntos tratos con el crimen organizado. Una comisi\u00f3n que investigue, antes de las elecciones de 2024, al gobierno de la Cuarta Transformaci\u00f3n por nexos con criminales.<\/p>\n<p>Al dar a conocer su fundaci\u00f3n Nueva Rep\u00fablica, Porfirio Mu\u00f1oz Ledo asegur\u00f3 que la transici\u00f3n democr\u00e1tica se ve en riesgo por \u201csospechas fundadas y claras evidencias\u201d de relaciones entre el gobierno y el crimen, y que la concentraci\u00f3n de los poderes en una sola persona lleva \u201ca un Estado fallido\u201d, un gobierno rebasado.<\/p>\n<p>As\u00ed las cosas, hasta pronto. Use cubrebocas.<\/p>\n<p><a href=\"mailto:hmares21@gmail.com\" target=\"_blank\" rel=\"noopener noreferrer\"><em>mares21@gmail.com<\/em><\/a><\/p>\n","protected":false},"excerpt":{"rendered":"<p><span style=\"color: #005497;\"><strong>Humberto Mares N.<\/strong><\/span><\/p>\n","protected":false},"author":3,"featured_media":0,"comment_status":"open","ping_status":"open","sticky":false,"template":"","format":"standard","meta":{"_monsterinsights_skip_tracking":false,"_monsterinsights_sitenote_active":false,"_monsterinsights_sitenote_note":"","_monsterinsights_sitenote_category":0,"footnotes":""},"categories":[15043],"tags":[92044,92045,43674],"class_list":["post-554631","post","type-post","status-publish","format-standard","hentry","category-humberto-mares-n","tag-asi-las-cosas","tag-humberto-mares-n","tag-opinion"],"_links":{"self":[{"href":"https:\/\/www.diarioimagen.net\/index.php?rest_route=\/wp\/v2\/posts\/554631","targetHints":{"allow":["GET"]}}],"collection":[{"href":"https:\/\/www.diarioimagen.net\/index.php?rest_route=\/wp\/v2\/posts"}],"about":[{"href":"https:\/\/www.diarioimagen.net\/index.php?rest_route=\/wp\/v2\/types\/post"}],"author":[{"embeddable":true,"href":"https:\/\/www.diarioimagen.net\/index.php?rest_route=\/wp\/v2\/users\/3"}],"replies":[{"embeddable":true,"href":"https:\/\/www.diarioimagen.net\/index.php?rest_route=%2Fwp%2Fv2%2Fcomments&post=554631"}],"version-history":[{"count":0,"href":"https:\/\/www.diarioimagen.net\/index.php?rest_route=\/wp\/v2\/posts\/554631\/revisions"}],"wp:attachment":[{"href":"https:\/\/www.diarioimagen.net\/index.php?rest_route=%2Fwp%2Fv2%2Fmedia&parent=554631"}],"wp:term":[{"taxonomy":"category","embeddable":true,"href":"https:\/\/www.diarioimagen.net\/index.php?rest_route=%2Fwp%2Fv2%2Fcategories&post=554631"},{"taxonomy":"post_tag","embeddable":true,"href":"https:\/\/www.diarioimagen.net\/index.php?rest_route=%2Fwp%2Fv2%2Ftags&post=554631"}],"curies":[{"name":"wp","href":"https:\/\/api.w.org\/{rel}","templated":true}]}}