{"id":554638,"date":"2022-07-26T00:12:03","date_gmt":"2022-07-26T05:12:03","guid":{"rendered":"https:\/\/www.diarioimagen.net\/?p=554638"},"modified":"2022-07-26T03:13:18","modified_gmt":"2022-07-26T08:13:18","slug":"mario-delgado-mucho-peor-dirigente-que-alito-moreno-no-da-una-en-morena","status":"publish","type":"post","link":"https:\/\/www.diarioimagen.net\/?p=554638","title":{"rendered":"Mario Delgado \u2014mucho peor dirigente que <em>Alito<\/em> Moreno\u2014 no da una en Morena"},"content":{"rendered":"<h2>Tras la puerta del poder<\/h2>\n<h5>Roberto Vizca\u00edno<\/h5>\n<p>&nbsp;<\/p>\n<p>Investigado en EU por sus ligas financieras con huachicoleros tamaulipecos, acusado por <strong>Porfirio Mu\u00f1oz Ledo<\/strong> de haberse ligado a la delincuencia para arrebatarle la dirigencia de Morena, se\u00f1alado reiteradamente por aspirantes internos como un dirigente inepto y transa que usa encuestas para asignar candidaturas a modo, <strong>Mario Delgado<\/strong> navega bajo la sospecha de que es uno de los principales responsables del derrumbe de la L\u00ednea 12 del Metro y est\u00e1 a punto de ser desconocido por las dirigencias del Verde Ecologista y del PT como su aliado para el proceso de 2023 y de 2024.<\/p>\n<p>Excluidos de los actos de Toluca y de Coahuila, donde Morena arranc\u00f3 la pasarela de <strong>Claudia Sheinbaum<\/strong>, <strong>Marcelo Ebrard<\/strong>, <strong>Ad\u00e1n Augusto L\u00f3pez<\/strong> y con la participaci\u00f3n a rega\u00f1adientes de <strong>Ricardo Monreal<\/strong> para 2024, las dirigencias del Verde Ecologista y del PT han visto c\u00f3mo <strong>Mario Delgado<\/strong> ahora los echa fuera de los procesos de selecci\u00f3n de candidatos en Estado de M\u00e9xico y en Coahuila.<\/p>\n<p>En este contexto, <strong>Alberto Anaya,<\/strong> l\u00edder vitalicio del PT y su grupo, y el senador <strong>Manuel Velasco,<\/strong> dirigente del Verde, han comenzado a analizar la posibilidad de ir con sus candidatos al proceso de 2023, y a ver con qui\u00e9n se al\u00edan en la presidencial 2024.<\/p>\n<p>Hay quienes afirman que al menos uno de ellos no ve con malos ojos la posibilidad de cobijar a <strong>Ricardo Monreal<\/strong> ante la obviedad de que al zacatecano le van a cerrar el paso en Morena.<\/p>\n<p>De acuerdo a las tendencias del voto, Morena registr\u00f3 en las elecciones de 2020, la peseudoconsulta de revoca-confirmaci\u00f3n y las elecciones del a\u00f1o pasado 36 por ciento del total de los sufragios mientras que PT y Verde aportaron un 8 por ciento m\u00e1s con lo que superan apenas por 3 o 4 puntos a los votos registrados por la alianza Va por M\u00e9xico del PRI, PAN y PRD.<\/p>\n<p>Si el Verde y el PT abandonan a Morena y van solos en los procesos de 2023 y 2024 no s\u00f3lo van a quitarle votos a Morena, sino que estar\u00edan condenando desde hoy a la derrota al partido de <strong>Andr\u00e9s Manuel L\u00f3pez Obrador<\/strong> y d\u00e1ndole una victoria anunciada a sus opositores.<\/p>\n<p>La alianza entre Morena, Verde y PT est\u00e1 ya \u201cresentida\u201d, afirman, porque <strong>Mario Delgado<\/strong>, dicen, simplemente agarr\u00f3 el micr\u00f3fono y ocup\u00f3 tribunas medi\u00e1ticas sin convocarlos ni una sola vez como correspond\u00eda a su condici\u00f3n de aliados.<\/p>\n<p>Intentaron advertirle a <strong>AMLO<\/strong> de la ineptitud y <em>gandallez<\/em> de <strong>Delgado<\/strong>, pero tampoco los pel\u00f3.<\/p>\n<p style=\"text-align: center;\"><strong>Le dan la raz\u00f3n a Monreal<\/strong><\/p>\n<p>Ayer, luego de que <strong>Ricardo Monreal<\/strong> tiene meses de insistir en que se debe garantizar piso parejo y un m\u00e9todo democr\u00e1tico en la selecci\u00f3n del candidato presidencial de Morena, y ante un fuerte brote de inconformidad de <strong>Marcelo Ebrard<\/strong> por la falta de condiciones de equidad, al parejo de protestas de aspirantes morenistas en el Estado de M\u00e9xico, finalmente <strong>Mario Delgado<\/strong> convoc\u00f3 a los contendientes para 2024 a establecer acuerdos.<\/p>\n<p>De paso neg\u00f3 que los 4 aspirantes abiertos al 2024 est\u00e9n usando recursos de sus encargos en la campa\u00f1a ya abierta y que va a todo vapor entre ellos en recorridos de proselitismo por el pa\u00eds.<\/p>\n<p>Sin capacidad de convocatoria, y sin ninguna idea de c\u00f3mo se debe establecer un acuerdo interno o bases y lineamientos para garantizar juego limpio y parejo entre los aspirantes, <strong>Delgado<\/strong> s\u00f3lo se limit\u00f3 a pedirle que se re\u00fanan y ellos acuerden las reglas.<\/p>\n<p>La ineptitud total.<\/p>\n<p>En ese encuentro, les dijo como si \u00e9l no tuviese nada que ver con garantizar paz entre precandidatos y juego limpio y equitativo, pueden dialogar sobre posibles irregularidades y otras inquietudes que tengan del proceso.<\/p>\n<p>Y como si <strong>Monreal, Ebrard, Sheinbaum y Ad\u00e1n Augusto<\/strong> fuesen del k\u00ednder de al lado, les pidi\u00f3 no hacer \u201cdeclaraciones f\u00e1ciles que sean contraproducentes contra nuestro Movimiento\u201d y por el contrario les exigi\u00f3 \u201cactuar con madurez y responsabilidad\u201d.<\/p>\n<p>Y como si no fuese evidente que <strong>AMLO<\/strong> apoya incondicionalmente a <strong>Sheinbaum<\/strong>, afirm\u00f3 que en Morena \u201cno vamos a cargarnos para ning\u00fan lado. Tenemos que garantizar siempre que haya condiciones de equidad, transparencia y piso parejo para todos y cada uno de los que tienen aspiraciones\u201d.<\/p>\n<p>O sea lo que le ha exigido desde hace meses Monreal y \u00e9l se ha negado a reconocer al insistir en que el m\u00e9todo de selecci\u00f3n va a ser el de las encuestas en las que nadie cree.<\/p>\n<p>Y en un abierto reto al INE y al Trife indic\u00f3 que \u201csomos un partido pol\u00edtico. No podemos renunciar a hacer eventos. Es la prohibici\u00f3n de hacer eventos iguales o similares en cualquier lugar de la Rep\u00fablica mexicana. O sea, es como si vivi\u00e9ramos en un fascismo, en un autoritarismo, como si fueran dictadores los se\u00f1ores del INE y del Tribunal\u201d, indic\u00f3.<\/p>\n<p>En fin, un total desastre de dirigente, mucho peor que \u201c<strong><em>Alito<\/em><\/strong>\u201d, afirman ya no pocos dentro de Morena.<\/p>\n<p style=\"text-align: center;\"><strong>El Verde anuncia ruptura<\/strong><\/p>\n<p>Consecuencia de todo lo anterior, en el Estado de M\u00e9xico, el Verde Ecologista, v\u00eda su dirigente estatal, <strong>Jos\u00e9 Alberto Couttolenc Buentello<\/strong>, dijo en Nezahualc\u00f3yotl que los militantes exigen cada vez con mayor fuerza ir solos en las elecciones para gobernador el pr\u00f3ximo a\u00f1o.<\/p>\n<p>El inicio del rompimiento, pues.<\/p>\n<p><em><a href=\"mailto:rvizcainoa@gmail.com\" target=\"_blank\" rel=\"noopener noreferrer\">vizcainoa@gmail.com<\/a><a href=\"mailto:rvizcainoa@gmail.com\" target=\"_blank\" rel=\"noopener noreferrer\"><br \/>\n<\/a><a href=\"http:\/\/endirecto.mx\" target=\"_blank\" rel=\"noopener noreferrer\">www.endirecto.mx<\/a><a href=\"mailto:rvizcainoa@gmail.com\" target=\"_blank\" rel=\"noopener noreferrer\"><br \/>\n<\/a><a href=\"https:\/\/twitter.com\/_rvizcaino\" target=\"_blank\" rel=\"noopener noreferrer\">@_RVizcaino<\/a><a href=\"mailto:rvizcainoa@gmail.com\" target=\"_blank\" rel=\"noopener noreferrer\"><br \/>\n<\/a><a href=\"https:\/\/www.facebook.com\/rvizcainoa\" target=\"_blank\" rel=\"noopener noreferrer\">facebook.com\/rvizcainoa<\/a><\/em><\/p>\n","protected":false},"excerpt":{"rendered":"<p><span style=\"color: #005497;\"><strong>Roberto Vizca\u00edno<\/strong><\/span><\/p>\n","protected":false},"author":3,"featured_media":0,"comment_status":"open","ping_status":"open","sticky":false,"template":"","format":"standard","meta":{"_monsterinsights_skip_tracking":false,"_monsterinsights_sitenote_active":false,"_monsterinsights_sitenote_note":"","_monsterinsights_sitenote_category":0,"footnotes":""},"categories":[136],"tags":[43674,93,94],"class_list":["post-554638","post","type-post","status-publish","format-standard","hentry","category-roberto-vizcaino-opinion","tag-opinion","tag-roberto-vizcaino","tag-tras-la-puerta-del-poder"],"_links":{"self":[{"href":"https:\/\/www.diarioimagen.net\/index.php?rest_route=\/wp\/v2\/posts\/554638","targetHints":{"allow":["GET"]}}],"collection":[{"href":"https:\/\/www.diarioimagen.net\/index.php?rest_route=\/wp\/v2\/posts"}],"about":[{"href":"https:\/\/www.diarioimagen.net\/index.php?rest_route=\/wp\/v2\/types\/post"}],"author":[{"embeddable":true,"href":"https:\/\/www.diarioimagen.net\/index.php?rest_route=\/wp\/v2\/users\/3"}],"replies":[{"embeddable":true,"href":"https:\/\/www.diarioimagen.net\/index.php?rest_route=%2Fwp%2Fv2%2Fcomments&post=554638"}],"version-history":[{"count":0,"href":"https:\/\/www.diarioimagen.net\/index.php?rest_route=\/wp\/v2\/posts\/554638\/revisions"}],"wp:attachment":[{"href":"https:\/\/www.diarioimagen.net\/index.php?rest_route=%2Fwp%2Fv2%2Fmedia&parent=554638"}],"wp:term":[{"taxonomy":"category","embeddable":true,"href":"https:\/\/www.diarioimagen.net\/index.php?rest_route=%2Fwp%2Fv2%2Fcategories&post=554638"},{"taxonomy":"post_tag","embeddable":true,"href":"https:\/\/www.diarioimagen.net\/index.php?rest_route=%2Fwp%2Fv2%2Ftags&post=554638"}],"curies":[{"name":"wp","href":"https:\/\/api.w.org\/{rel}","templated":true}]}}