{"id":554691,"date":"2022-07-27T00:03:44","date_gmt":"2022-07-27T05:03:44","guid":{"rendered":"https:\/\/www.diarioimagen.net\/?p=554691"},"modified":"2022-07-27T04:13:25","modified_gmt":"2022-07-27T09:13:25","slug":"naucalpan-ya-liquido-en-su-totalidad-el-compromiso-financiero-con-la-banca-multiple","status":"publish","type":"post","link":"https:\/\/www.diarioimagen.net\/?p=554691","title":{"rendered":"Naucalpan ya liquid\u00f3, en su totalidad, el compromiso financiero con la banca m\u00faltiple"},"content":{"rendered":"<p>&nbsp;<\/p>\n<ul>\n<li><em><strong>Aumenta calificaci\u00f3n<\/strong><\/em><\/li>\n<\/ul>\n<p>&nbsp;<\/p>\n<div id=\"attachment_554706\" style=\"width: 470px\" class=\"wp-caption aligncenter\"><img loading=\"lazy\" decoding=\"async\" aria-describedby=\"caption-attachment-554706\" class=\"size-full wp-image-554706\" src=\"https:\/\/www.diarioimagen.net\/wp-content\/uploads\/2022\/07\/BAENA3-13.jpg\" alt=\"\" width=\"460\" height=\"270\" \/><p id=\"caption-attachment-554706\" class=\"wp-caption-text\">Naucalpan se encuentra en proceso de recuperaci\u00f3n econ\u00f3mica con un repunte en la generaci\u00f3n de Ingresos Propios e indicadores positivos de ahorro interno.<\/p><\/div>\n<p>&nbsp;<\/p>\n<p><strong>Naucalpan, Estado de M\u00e9xico.\u2014<\/strong> Este martes, PCR Verum aument\u00f3 a \u2018BB-\/M\u2019 desde \u2018D\/M\u2019 la calificaci\u00f3n de largo plazo del Municipio de Naucalpan de Ju\u00e1rez, Estado de M\u00e9xico; asimismo la perspectiva es \u201cEstable\u201d.<\/p>\n<p>El incremento obedece a que Naucalpan de Ju\u00e1rez ya liquid\u00f3 en su totalidad el compromiso financiero que ten\u00eda con la banca m\u00faltiple por un cr\u00e9dito de corto plazo de 275.0 millones obtenido en 2020. El saldo insoluto al cierre de abril de 2022 era de $43\u2019581,133.68 (cuarenta y tres millones quinientos ochenta y un mil ciento treinta y tres pesos 68\/M.N.), mismo que ya fue debidamente pagado.<\/p>\n<p>El municipio de Naucalpan se encuentra en proceso de recuperaci\u00f3n econ\u00f3mica con un repunte en la generaci\u00f3n de Ingresos Propios e indicadores positivos de Ahorro Interno, aunque a\u00fan con Balances Fiscales d\u00e9biles, con un pasivo circulante elevado y menores montos recibidos en las Participaciones Federales, lo que ha presionado los niveles de liquidez en la entidad.<\/p>\n<p>Adicionalmente, se ratific\u00f3 la calificaci\u00f3n de \u2018AA\/M (e)\u2019 de un financiamiento bancario estructurado por hasta $510.0 millones contratado por Naucalpan de Ju\u00e1rez, Estado de M\u00e9xico en el a\u00f1o 2013 con el Banco Nacional de Obras y Servicios P\u00fablicos, S.N.C. (Banobras), la perspectiva del financiamiento se modific\u00f3 a \u201cEstable\u201d desde \u201cNegativa\u201d.<\/p>\n","protected":false},"excerpt":{"rendered":"<p>Este martes, PCR Verum aument\u00f3 a \u2018BB-\/M\u2019 desde \u2018D\/M\u2019 la calificaci\u00f3n de largo plazo del Municipio de Naucalpan de Ju\u00e1rez, Estado de M\u00e9xico; asimismo la perspectiva es \u201cEstable\u201d.<\/p>\n","protected":false},"author":3,"featured_media":554706,"comment_status":"open","ping_status":"open","sticky":false,"template":"","format":"standard","meta":{"_monsterinsights_skip_tracking":false,"_monsterinsights_sitenote_active":false,"_monsterinsights_sitenote_note":"","_monsterinsights_sitenote_category":0,"footnotes":""},"categories":[5],"tags":[43675,25049,970,96062],"class_list":["post-554691","post","type-post","status-publish","format-standard","has-post-thumbnail","hentry","category-estado-de-mexico","tag-estado-de-mexico","tag-liquido","tag-naucalpan","tag-todalidad"],"_links":{"self":[{"href":"https:\/\/www.diarioimagen.net\/index.php?rest_route=\/wp\/v2\/posts\/554691","targetHints":{"allow":["GET"]}}],"collection":[{"href":"https:\/\/www.diarioimagen.net\/index.php?rest_route=\/wp\/v2\/posts"}],"about":[{"href":"https:\/\/www.diarioimagen.net\/index.php?rest_route=\/wp\/v2\/types\/post"}],"author":[{"embeddable":true,"href":"https:\/\/www.diarioimagen.net\/index.php?rest_route=\/wp\/v2\/users\/3"}],"replies":[{"embeddable":true,"href":"https:\/\/www.diarioimagen.net\/index.php?rest_route=%2Fwp%2Fv2%2Fcomments&post=554691"}],"version-history":[{"count":0,"href":"https:\/\/www.diarioimagen.net\/index.php?rest_route=\/wp\/v2\/posts\/554691\/revisions"}],"wp:featuredmedia":[{"embeddable":true,"href":"https:\/\/www.diarioimagen.net\/index.php?rest_route=\/wp\/v2\/media\/554706"}],"wp:attachment":[{"href":"https:\/\/www.diarioimagen.net\/index.php?rest_route=%2Fwp%2Fv2%2Fmedia&parent=554691"}],"wp:term":[{"taxonomy":"category","embeddable":true,"href":"https:\/\/www.diarioimagen.net\/index.php?rest_route=%2Fwp%2Fv2%2Fcategories&post=554691"},{"taxonomy":"post_tag","embeddable":true,"href":"https:\/\/www.diarioimagen.net\/index.php?rest_route=%2Fwp%2Fv2%2Ftags&post=554691"}],"curies":[{"name":"wp","href":"https:\/\/api.w.org\/{rel}","templated":true}]}}