{"id":554693,"date":"2022-07-27T00:01:10","date_gmt":"2022-07-27T05:01:10","guid":{"rendered":"https:\/\/www.diarioimagen.net\/?p=554693"},"modified":"2022-07-27T04:12:31","modified_gmt":"2022-07-27T09:12:31","slug":"gobierno-de-tlalnepantla-comprometido-a-la-no-violencia-hacia-ninos-alcalde-rodriguez-hurtado","status":"publish","type":"post","link":"https:\/\/www.diarioimagen.net\/?p=554693","title":{"rendered":"Gobierno de Tlalnepantla, comprometido a la no violencia hacia ni\u00f1os: alcalde\u00a0Rodr\u00edguez Hurtado"},"content":{"rendered":"<p>&nbsp;<\/p>\n<ul>\n<li><em><strong>Concientizan a padres de familia<\/strong><\/em><\/li>\n<\/ul>\n<p>&nbsp;<\/p>\n<div id=\"attachment_554704\" style=\"width: 470px\" class=\"wp-caption aligncenter\"><img loading=\"lazy\" decoding=\"async\" aria-describedby=\"caption-attachment-554704\" class=\"size-full wp-image-554704\" src=\"https:\/\/www.diarioimagen.net\/wp-content\/uploads\/2022\/07\/BAENA2-12.jpg\" alt=\"\" width=\"460\" height=\"270\" \/><p id=\"caption-attachment-554704\" class=\"wp-caption-text\">El alcalde Marco Antonio Rodr\u00edguez Hurtado, acompa\u00f1ado de su esposa, Mar\u00eda G\u00f3mez Mart\u00ednez, presidenta Honoraria del DIF local, asistieron a la conferencia \u201cPrevenci\u00f3n de violencia sexual en ni\u00f1as y adolescentes\u201d.<\/p><\/div>\n<p>&nbsp;<\/p>\n<p><strong>Tlalnepantla, Estado de M\u00e9xico.\u2014<\/strong> Para concientizar a los padres de familia sobre la importancia de estar atentos a los cambios y comportamientos que presentan sus hijos y as\u00ed estar en posibilidad de detectar cualquier posible abuso contra ellos, el presidente Municipal, Marco Antonio Rodr\u00edguez Hurtado, acompa\u00f1ado de su esposa, Mar\u00eda G\u00f3mez Mart\u00ednez, presidenta Honoraria del Sistema Municipal DIF, presenciaron la conferencia \u201cPrevenci\u00f3n de violencia sexual en ni\u00f1as y adolescentes\u201d.<\/p>\n<p>Tony Rodr\u00edguez resalt\u00f3 la relevancia que este tema a alcanzado en d\u00edas recientes por situaciones registradas en escuelas p\u00fablicas y privadas, lo que motiv\u00f3 a que el Cabildo aprobara una iniciativa que ya fue enviada a la Legislatura local para que todos los docentes se vean obligados a presentar ex\u00e1menes psicol\u00f3gicos, psicom\u00e9tricos, de personalidad y antecedentes no penales, todo ello para estar en posibilidad de dar clases a ni\u00f1as, ni\u00f1os y adolescentes, esto, durante la ponencia impartida por Renata D\u00edaz Barreiro Castro, investigadora de Early Institute.<\/p>\n<p>\u201cEsta iniciativa deber\u00e1 aprobarse a principios del pr\u00f3ximo mes porque el ciclo escolar comienza a mediados o finales y es importante que los padres de familia tengan la posibilidad de decir \u2018voy a dejar a mi ni\u00f1a o ni\u00f1o en una escuela que cubra las condiciones que se requieren para tener confianza\u201d, refiri\u00f3 el alcalde.<\/p>\n<p>Rodr\u00edguez Hurtado insisti\u00f3 en la importancia de que los padres de familia generen confianza en sus propios hijos para que \u00e9stos a su vez se sientan c\u00f3modos al contar sus cosas personales y siempre anteponer la credibilidad en ellos que en cualquier otra persona.<\/p>\n<p>En este mismo sentido, el Ayuntamiento de Tlalnepantla instal\u00f3 de manera formal la Unidad de Igualdad de G\u00e9nero y Erradicaci\u00f3n de la Violencia, \u00f3rgano auxiliar desde el cual se instrumentar\u00e1n las acciones que permitan institucionalizar la perspectiva de g\u00e9nero dentro de cada una de las \u00e1reas que conforman la Administraci\u00f3n P\u00fablica Municipal, a trav\u00e9s de acciones transversales que procuren la igualdad entre las mujeres y hombres servidores p\u00fablicos.<\/p>\n<p>Al tomar protesta a quienes integran esta Unidad, el presidente Municipal resalt\u00f3 la importancia de seguir avanzando en materia de perspectiva de g\u00e9nero, con el prop\u00f3sito de que cuando concluya la presente administraci\u00f3n, Tlalnepantla ya est\u00e9 fuera de la lista de municipios alertados con violencia de g\u00e9nero.<\/p>\n","protected":false},"excerpt":{"rendered":"<p>Para concientizar a los padres de familia sobre la importancia de estar atentos a los cambios y comportamientos que presentan sus hijos y as\u00ed estar en posibilidad de detectar cualquier posible abuso contra ellos, el presidente Municipal, Marco Antonio Rodr\u00edguez Hurtado, acompa\u00f1ado de su esposa, Mar\u00eda G\u00f3mez Mart\u00ednez, presidenta Honoraria del Sistema Municipal DIF, presenciaron la conferencia \u201cPrevenci\u00f3n de violencia sexual en ni\u00f1as y adolescentes\u201d.<\/p>\n","protected":false},"author":3,"featured_media":554704,"comment_status":"open","ping_status":"open","sticky":false,"template":"","format":"standard","meta":{"_monsterinsights_skip_tracking":false,"_monsterinsights_sitenote_active":false,"_monsterinsights_sitenote_note":"","_monsterinsights_sitenote_category":0,"footnotes":""},"categories":[5],"tags":[96063,43675,169,5066],"class_list":["post-554693","post","type-post","status-publish","format-standard","has-post-thumbnail","hentry","category-estado-de-mexico","tag-comprometido","tag-estado-de-mexico","tag-tlalnepantla","tag-violencia"],"_links":{"self":[{"href":"https:\/\/www.diarioimagen.net\/index.php?rest_route=\/wp\/v2\/posts\/554693","targetHints":{"allow":["GET"]}}],"collection":[{"href":"https:\/\/www.diarioimagen.net\/index.php?rest_route=\/wp\/v2\/posts"}],"about":[{"href":"https:\/\/www.diarioimagen.net\/index.php?rest_route=\/wp\/v2\/types\/post"}],"author":[{"embeddable":true,"href":"https:\/\/www.diarioimagen.net\/index.php?rest_route=\/wp\/v2\/users\/3"}],"replies":[{"embeddable":true,"href":"https:\/\/www.diarioimagen.net\/index.php?rest_route=%2Fwp%2Fv2%2Fcomments&post=554693"}],"version-history":[{"count":0,"href":"https:\/\/www.diarioimagen.net\/index.php?rest_route=\/wp\/v2\/posts\/554693\/revisions"}],"wp:featuredmedia":[{"embeddable":true,"href":"https:\/\/www.diarioimagen.net\/index.php?rest_route=\/wp\/v2\/media\/554704"}],"wp:attachment":[{"href":"https:\/\/www.diarioimagen.net\/index.php?rest_route=%2Fwp%2Fv2%2Fmedia&parent=554693"}],"wp:term":[{"taxonomy":"category","embeddable":true,"href":"https:\/\/www.diarioimagen.net\/index.php?rest_route=%2Fwp%2Fv2%2Fcategories&post=554693"},{"taxonomy":"post_tag","embeddable":true,"href":"https:\/\/www.diarioimagen.net\/index.php?rest_route=%2Fwp%2Fv2%2Ftags&post=554693"}],"curies":[{"name":"wp","href":"https:\/\/api.w.org\/{rel}","templated":true}]}}