{"id":554695,"date":"2022-07-27T00:04:49","date_gmt":"2022-07-27T05:04:49","guid":{"rendered":"https:\/\/www.diarioimagen.net\/?p=554695"},"modified":"2022-07-27T04:11:41","modified_gmt":"2022-07-27T09:11:41","slug":"llega-a-cuautitlan-izcalli-estacion-de-monitoreo-atmosferico","status":"publish","type":"post","link":"https:\/\/www.diarioimagen.net\/?p=554695","title":{"rendered":"Llega a Cuautitl\u00e1n Izcalli estaci\u00f3n de Monitoreo Atmosf\u00e9rico"},"content":{"rendered":"<p>&nbsp;<\/p>\n<p><img loading=\"lazy\" decoding=\"async\" class=\"aligncenter size-full wp-image-554702\" src=\"https:\/\/www.diarioimagen.net\/wp-content\/uploads\/2022\/07\/BAENA4-12.jpg\" alt=\"\" width=\"460\" height=\"270\" \/><\/p>\n<p>&nbsp;<\/p>\n<p><strong>Cuautitl\u00e1n Izcalli, Estado de M\u00e9xico.\u2014<\/strong> Con la finalidad de generar pol\u00edticas p\u00fablicas que mejoren la calidad del aire en Cuautitl\u00e1n Izcalli, el gobierno municipal que preside Karla Fiesco Garc\u00eda, a trav\u00e9s de la Direcci\u00f3n de Sustentabilidad y Medio Ambiente y de manera conjunta con la Secretar\u00eda de Medio Ambiente de la Ciudad de M\u00e9xico y el Sistema de Monitoreo Atmosf\u00e9rico (SIMAT), colocan la primer Estaci\u00f3n de Monitoreo Atmosf\u00e9rico al interior de la Secundaria T\u00e9cnica No. 36 ubicada en la colonia Atlanta.<\/p>\n<p>La directora de Sustentabilidad y Medio Ambiente, Ariadna Lizeth Pico Rojas, inform\u00f3 que la colocaci\u00f3n de la estaci\u00f3n de monitoreo medir\u00e1 los contaminantes como el ozono, bi\u00f3xido de nitr\u00f3geno, bi\u00f3xido de azufre, mon\u00f3xido de carbono, part\u00edculas suspendidas, variables meteorol\u00f3gicas y radiaci\u00f3n solar, y eso permitir\u00e1 generar pol\u00edticas p\u00fablicas que mejoren la calidad del aire en el municipio.<\/p>\n","protected":false},"excerpt":{"rendered":"<p>Con la finalidad de generar pol\u00edticas p\u00fablicas que mejoren la calidad del aire en Cuautitl\u00e1n Izcalli, el gobierno municipal que preside Karla Fiesco Garc\u00eda, a trav\u00e9s de la Direcci\u00f3n de Sustentabilidad y Medio Ambiente y de manera conjunta con la Secretar\u00eda de Medio Ambiente de la Ciudad de M\u00e9xico y el Sistema de Monitoreo Atmosf\u00e9rico (SIMAT), colocan la primer Estaci\u00f3n de Monitoreo Atmosf\u00e9rico al interior de la Secundaria T\u00e9cnica No. 36 ubicada en la colonia Atlanta.<\/p>\n","protected":false},"author":3,"featured_media":554702,"comment_status":"open","ping_status":"open","sticky":false,"template":"","format":"standard","meta":{"_monsterinsights_skip_tracking":false,"_monsterinsights_sitenote_active":false,"_monsterinsights_sitenote_note":"","_monsterinsights_sitenote_category":0,"footnotes":""},"categories":[5],"tags":[971,43675,96064],"class_list":["post-554695","post","type-post","status-publish","format-standard","has-post-thumbnail","hentry","category-estado-de-mexico","tag-cuautitlan-izcalli","tag-estado-de-mexico","tag-monitoreo-atmosferico"],"_links":{"self":[{"href":"https:\/\/www.diarioimagen.net\/index.php?rest_route=\/wp\/v2\/posts\/554695","targetHints":{"allow":["GET"]}}],"collection":[{"href":"https:\/\/www.diarioimagen.net\/index.php?rest_route=\/wp\/v2\/posts"}],"about":[{"href":"https:\/\/www.diarioimagen.net\/index.php?rest_route=\/wp\/v2\/types\/post"}],"author":[{"embeddable":true,"href":"https:\/\/www.diarioimagen.net\/index.php?rest_route=\/wp\/v2\/users\/3"}],"replies":[{"embeddable":true,"href":"https:\/\/www.diarioimagen.net\/index.php?rest_route=%2Fwp%2Fv2%2Fcomments&post=554695"}],"version-history":[{"count":0,"href":"https:\/\/www.diarioimagen.net\/index.php?rest_route=\/wp\/v2\/posts\/554695\/revisions"}],"wp:featuredmedia":[{"embeddable":true,"href":"https:\/\/www.diarioimagen.net\/index.php?rest_route=\/wp\/v2\/media\/554702"}],"wp:attachment":[{"href":"https:\/\/www.diarioimagen.net\/index.php?rest_route=%2Fwp%2Fv2%2Fmedia&parent=554695"}],"wp:term":[{"taxonomy":"category","embeddable":true,"href":"https:\/\/www.diarioimagen.net\/index.php?rest_route=%2Fwp%2Fv2%2Fcategories&post=554695"},{"taxonomy":"post_tag","embeddable":true,"href":"https:\/\/www.diarioimagen.net\/index.php?rest_route=%2Fwp%2Fv2%2Ftags&post=554695"}],"curies":[{"name":"wp","href":"https:\/\/api.w.org\/{rel}","templated":true}]}}