{"id":554697,"date":"2022-07-27T00:02:09","date_gmt":"2022-07-27T05:02:09","guid":{"rendered":"https:\/\/www.diarioimagen.net\/?p=554697"},"modified":"2022-07-27T04:09:11","modified_gmt":"2022-07-27T09:09:11","slug":"exigen-en-edomex-detener-los-excesos-del-lider-nacional-de-morena-mario-delgado-carrillo","status":"publish","type":"post","link":"https:\/\/www.diarioimagen.net\/?p=554697","title":{"rendered":"Exigen en Edomex detener los excesos del l\u00edder nacional de Morena, Mario Delgado Carrillo"},"content":{"rendered":"<p>&nbsp;<\/p>\n<ul>\n<li><strong><em>\u201cQue ya es investigado en EU\u201d<\/em><\/strong><\/li>\n<\/ul>\n<p>&nbsp;<\/p>\n<h6>Arturo Baena<\/h6>\n<p>&nbsp;<\/p>\n<div id=\"attachment_554700\" style=\"width: 470px\" class=\"wp-caption aligncenter\"><img loading=\"lazy\" decoding=\"async\" aria-describedby=\"caption-attachment-554700\" class=\"size-full wp-image-554700\" src=\"https:\/\/www.diarioimagen.net\/wp-content\/uploads\/2022\/07\/BAENA1-15.jpg\" alt=\"\" width=\"460\" height=\"270\" \/><p id=\"caption-attachment-554700\" class=\"wp-caption-text\">Sindicalistas, empresarios y l\u00edderes sociales del Estado de M\u00e9xico, pidieron al presidente L\u00f3pez Obrador tomar cartas en el asunto sobre el caso de Mario Delgado.<\/p><\/div>\n<p>&nbsp;<\/p>\n<p><strong>Valle de M\u00e9xico.\u2014<\/strong> De ninguna manera podemos permitir que se atrofien las relaciones diplom\u00e1ticas entre Estados Unidos y M\u00e9xico por culpa del dirigente nacional de Morena, Mario Delgado Carrillo, quien ya es investigado en el pa\u00eds vecino.<\/p>\n<p>As\u00ed lo manifestaron integrantes en el Estado de M\u00e9xico,\u00a0 de la agrupaci\u00f3n popular \u201cUni\u00f3n de Lucha Zapatista\u201d luego de recordar que,\u00a0seg\u00fan \u00a0informaci\u00f3n de fuentes diplom\u00e1ticas de alto nivel, revela que, a partir del expediente abierto por el gobierno de Estados Unidos contra Carmona Angulo, se ha solicitado de manera oficial, a trav\u00e9s de despachos diplom\u00e1ticos dirigidos al Departamento de Estado, al Homeland Security y a la FinCen (Finantial Crimes Enforcement Network), que se investigue al menos a cinco pol\u00edticos de Morena, entre los que se encuentra Mario Delgado Carrillo.<\/p>\n<p>\u201cYa son muchas las fallas de Mario Delgado, no s\u00f3lo en Morena, sino que ya est\u00e1n afectando a nuestro pa\u00eds, pues despu\u00e9s de d\u00e9cadas de una excelente relaci\u00f3n con Estados Unidos, ahora por gente corrupta y unilateral como lo es Delgado Carrillo, nos est\u00e1n desprestigiando\u201d, dijo Carmen Olmedo, miembro de dicha organizaci\u00f3n. Por otra parte, sindicalistas, empresarios y l\u00edderes sociales pertenecientes a la agrupaci\u00f3n, pidieron al presidente L\u00f3pez Obrador, tomar cartas en el asunto y \u201cno permitir que por culpa de Mario Delgado y un peque\u00f1o grupo de colaboradores del presidente nacional de Morena, se tilde a M\u00e9xico de corrupto y negligente\u201d. En ese sentido, la l\u00edder social e integrante de dicha asociaci\u00f3n, destac\u00f3 que \u201ca trav\u00e9s de nuestro colectivo, estamos pidiendo respetuosamente al primer mandatario de M\u00e9xico, no permitir m\u00e1s atropellos de un hombre que constantemente le est\u00e1 fallando a \u00e9l y a pueblo de M\u00e9xico\u201d.<\/p>\n","protected":false},"excerpt":{"rendered":"<p>De ninguna manera podemos permitir que se atrofien las relaciones diplom\u00e1ticas entre Estados Unidos y M\u00e9xico por culpa del dirigente nacional de Morena, Mario Delgado Carrillo, quien ya es investigado en el pa\u00eds vecino.<\/p>\n","protected":false},"author":3,"featured_media":554700,"comment_status":"open","ping_status":"open","sticky":false,"template":"","format":"standard","meta":{"_monsterinsights_skip_tracking":false,"_monsterinsights_sitenote_active":false,"_monsterinsights_sitenote_note":"","_monsterinsights_sitenote_category":0,"footnotes":""},"categories":[5],"tags":[85716,19969,20663,34],"class_list":["post-554697","post","type-post","status-publish","format-standard","has-post-thumbnail","hentry","category-estado-de-mexico","tag-excesos","tag-lider","tag-morena","tag-valle-de-mexico"],"_links":{"self":[{"href":"https:\/\/www.diarioimagen.net\/index.php?rest_route=\/wp\/v2\/posts\/554697","targetHints":{"allow":["GET"]}}],"collection":[{"href":"https:\/\/www.diarioimagen.net\/index.php?rest_route=\/wp\/v2\/posts"}],"about":[{"href":"https:\/\/www.diarioimagen.net\/index.php?rest_route=\/wp\/v2\/types\/post"}],"author":[{"embeddable":true,"href":"https:\/\/www.diarioimagen.net\/index.php?rest_route=\/wp\/v2\/users\/3"}],"replies":[{"embeddable":true,"href":"https:\/\/www.diarioimagen.net\/index.php?rest_route=%2Fwp%2Fv2%2Fcomments&post=554697"}],"version-history":[{"count":0,"href":"https:\/\/www.diarioimagen.net\/index.php?rest_route=\/wp\/v2\/posts\/554697\/revisions"}],"wp:featuredmedia":[{"embeddable":true,"href":"https:\/\/www.diarioimagen.net\/index.php?rest_route=\/wp\/v2\/media\/554700"}],"wp:attachment":[{"href":"https:\/\/www.diarioimagen.net\/index.php?rest_route=%2Fwp%2Fv2%2Fmedia&parent=554697"}],"wp:term":[{"taxonomy":"category","embeddable":true,"href":"https:\/\/www.diarioimagen.net\/index.php?rest_route=%2Fwp%2Fv2%2Fcategories&post=554697"},{"taxonomy":"post_tag","embeddable":true,"href":"https:\/\/www.diarioimagen.net\/index.php?rest_route=%2Fwp%2Fv2%2Ftags&post=554697"}],"curies":[{"name":"wp","href":"https:\/\/api.w.org\/{rel}","templated":true}]}}