{"id":554743,"date":"2022-07-27T00:02:31","date_gmt":"2022-07-27T05:02:31","guid":{"rendered":"https:\/\/www.diarioimagen.net\/?p=554743"},"modified":"2022-07-27T05:27:59","modified_gmt":"2022-07-27T10:27:59","slug":"reforma-electoral-morena-y-remoras-pecan-de-ingenuos","status":"publish","type":"post","link":"https:\/\/www.diarioimagen.net\/?p=554743","title":{"rendered":"Reforma electoral, Morena y \u201cr\u00e9moras\u201d pecan de ingenuos"},"content":{"rendered":"<h2>La Retaguardia<\/h2>\n<h5>Adriana Moreno Cordero<\/h5>\n<p>&nbsp;<\/p>\n<ul>\n<li><strong><em>En Palacio Nacional insultan al senador Ricardo Monreal<\/em><\/strong><\/li>\n<\/ul>\n<p>&nbsp;<\/p>\n<p>Una confusi\u00f3n o ingenuidad, que en pol\u00edtica se conoce como otra cosa, es la que ocurri\u00f3 cuando arranc\u00f3 en la C\u00e1mara de Diputados, el Parlamento Abierto para discutir b\u00e1sicamente la reforma electoral que envi\u00f3 a esa instancia legislativa el presidente <strong>Andr\u00e9s Manuel L\u00f3pez Obrador<\/strong> y para ello, los legisladores del partido oficial y \u201cr\u00e9moras\u201d que los acompa\u00f1an, se armaron de un presupuesto de 20 millones de pesos, recursos que son ya destinados a la basura porque a diferencia de lo que ocurre con los parlamentos abiertos en el mundo, que son foros de discusi\u00f3n para escuchar a todas las partes, en M\u00e9xico, en esta errada y llamada Cuarta Transformaci\u00f3n, se vuelve una mesa en la que s\u00f3lo se oye la voz del Ejecutivo tratando de imponer su voluntad v\u00eda sus leales legisladores.<\/p>\n<p>Desde ahorita se puede adelantar que la fracci\u00f3n parlamentaria de Morena, cuyo coordinador es <strong>Ignacio Mier Velazco,<\/strong> fracasar\u00e1 y el poblano quedar\u00e1 por en\u00e9sima ocasi\u00f3n muy mal parado como operador pol\u00edtico de Palacio Nacional; bueno, pero si no puede con sus propios problemas, por ejemplo con el gobernador de Puebla, <strong>Luis Miguel Barbosa<\/strong>, entonces \u00bfqu\u00e9 se puede esperar?<\/p>\n<p>En fin, retomando el punto inicial, por unos instantes, los legisladores del partido oficial y sus \u201cr\u00e9moras\u201d, pensaron que a lo mejor, de \u00faltima hora, podr\u00edan participar algunas de las bancadas del bloque opositor en dicho foro porque asisti\u00f3 el diputado <strong>Rub\u00e9n Moreira<\/strong>, pero lo hizo s\u00f3lo en su calidad de presidente de la Junta de Coordinaci\u00f3n Pol\u00edtica de la C\u00e1mara baja.<\/p>\n<p>As\u00ed que morenistas, petistas y los del PVEM, se llevaron un chasco porque ayer en la inauguraci\u00f3n del referido Parlamento Abierto se quedaron solos, ya que los partidos que conforman la alianza Va por M\u00e9xico ratificaron su moratoria constitucional y confirmaron que no est\u00e1n dispuestos a avalar lo que consideraron \u201cuna reforma electoral regresiva\u201d.<\/p>\n<p>Por lo visto, morenistas y \u201cr\u00e9moras\u201d pecaron de ingenuos. Y c\u00f3mo ir con quienes se han dedicado a intimidar de todas las formas posibles a la oposici\u00f3n.<\/p>\n<p>Por otra parte, en el Senado de la Rep\u00fablica \u201ctambi\u00e9n se cuecen habas\u201d y el presidente de la Junta de Coordinaci\u00f3n Pol\u00edtica de esa instancia legislativa, <strong>Ricardo Monreal<\/strong>, reiter\u00f3 que continuar\u00e1 en su b\u00fasqueda por la candidatura de Morena a la Presidencia de la Rep\u00fablica, \u201cpor eso no voy a declinar, no voy a negociar, no estoy buscando puestos de consuelo o de acomodo personal y voy a esperar las reglas\u201d.<\/p>\n<p>Ya se consignaba en anterior entrega en este espacio, que todo indica que nos encontramos en la cuenta regresiva para que el senador Monreal deje las filas del partido oficial, y es que resulta todo un contrasentido que en Palacio Nacional lo subestimen, primero, porque nunca ha sido mencionado dentro del grupo de \u201ccorcholatas y corcholatos\u201d por quien al final, decidir\u00e1 todo y en segundo lugar, el pol\u00edtico zacatecano no merecer\u00eda que el Presidente lo subestime.<\/p>\n<p>Como se recordar\u00e1, cuando Ricardo Monreal fue delegado en la alcald\u00eda Cuauht\u00e9moc, aspir\u00f3 a convertirse en jefe de Gobierno de la CDMX. Eso lo llev\u00f3 a confrontarse de alguna manera con la actual jefa de Gobierno, <strong>Claudia Sheinbaum<\/strong>. Y como el presidente de la Jucopo de la C\u00e1mara alta se ha destacado por ser un conciliador que no se compra pleitos, cedi\u00f3, pero de ah\u00ed a que lo quieran tratar en Palacio Nacional con la misma receta, es m\u00e1s bien un insulto.<\/p>\n<p>Vale la pena destacar que L\u00f3pez Obrador falta a la verdad cuando dice que no tiene \u201ccorcholata\u201d favorita para el 2024. En todo caso, las encuestas de las que tanto alardea y dice que decidir\u00e1 su \u201cpueblo bueno y sabio\u201d, son un teatro y muy mal montado por cierto.<\/p>\n<p>Cuando el de Tepetit\u00e1n dice aquello de que \u201ccuando se habla de que no hay piso parejo, ese es un menosprecio a la gente porque ya nadie se deja manipular, que no se use eso como excusa\u201d, el mensaje no es s\u00f3lo para el secretario de Relaciones Exteriores, Marcelo Ebrard; es tambi\u00e9n para el senador Monreal porque se ha atrevido a desafiar la voluntad de L\u00f3pez Obrador y por algo dice que \u00e9l est\u00e1 dispuesto a encabezar el \u201cgobierno de la reconciliaci\u00f3n\u201d.<\/p>\n<p>As\u00ed que visto todo lo anterior, hay quienes aseguran que es cuesti\u00f3n tan s\u00f3lo de semanas o quiz\u00e1s unos cuantos meses para que Ricardo Monreal siga, pero no lo har\u00e1 solo y como dato est\u00e1 que ha trascendido que los legisladores que integran la coalici\u00f3n Va por M\u00e9xico habr\u00edan mandado hacer una encuesta para medir la fuerza que tiene el senador Monreal Avila, en el caso de que fuera el candidato presidencial de dicha alianza, ya sin militar en Morena.<\/p>\n<p style=\"text-align: center;\"><strong>Municiones<\/strong><\/p>\n<p>*** Efectivamente, y como lo declar\u00f3 el l\u00edder nacional del PRI, <strong>Alejandro Moreno C\u00e1rdenas<\/strong>, la candidatura al gobierno del Estado de M\u00e9xico, la llamada \u201cjoya de la corona\u201d, no debe responder a caprichos personales. Mucho se ha dicho que no s\u00f3lo el Revolucionario Institucional se est\u00e1 jugando algo m\u00e1s que el cutis con las elecciones en su principal basti\u00f3n; el campechano lo comprende as\u00ed y por ello reitera que de cara a dichos comicios, la alianza entre el PRI, PAN y PRD, sigue firme porque es fundamental si es que quieren obtener el triunfo.<\/p>\n<p>*** Muy preocupado anda, por cierto, el senador del PT, <strong>Jos\u00e9 Narro C\u00e9spedes<\/strong> porque supuso que ya ten\u00eda en la bolsa la presidencia de la Mesa Directiva de la C\u00e1mara alta y que el morenista <strong>Alejandro Armenta<\/strong> no le har\u00eda ni un poco de sombra, cuando el coordinador de la bancada del PAN, <strong>Julen Rementer\u00eda<\/strong>, anunci\u00f3 que la oposici\u00f3n tendr\u00e1 su propio candidato y con eso no contaba el petista. El senador Ricardo Monreal, en conferencia de prensa declar\u00f3 que: \u201cYo tengo mucho respeto por Julen. No me he reunido, creo que esta semana nos vamos a reunir en la Junta de Coordinaci\u00f3n Pol\u00edtica, pero hay que escucharlos, no pasa nada\u201d y agreg\u00f3: \u201cSiempre negocio, siempre estoy abierto a la conciliaci\u00f3n y \u00e9sta no ser\u00e1 la excepci\u00f3n\u201d.<\/p>\n<p>*** Un muy buen punto, de lujo, se anot\u00f3 sin duda el Secretario de Seguridad Ciudadana de la Ciudad de M\u00e9xico, <strong>Omar Garc\u00eda Harfuch<\/strong>, cuando en la capital de la Rep\u00fablica, en un operativo conjunto con el Estado de M\u00e9xico, se incautaron dos tr\u00e1ileres con algo as\u00ed como dos mil 600 kilos de coca\u00edna lo que en dinero se traduce en m\u00e1s de 400 millones de pesos y como lo mencion\u00f3 el propio secretario, se les quit\u00f3 el recurso a las estructuras criminales y retribuye a la lucha contra la violencia. En el operativo, hubo intentos de extorsi\u00f3n por parte de los delincuentes que afortunadamente fracasaron. Algo muy importante que hay que reconocerle a Garc\u00eda Harfuch, es que no recurri\u00f3 a la excusa de la que muchos echan mano, en el sentido de que como no es de su competencia o corresponde a la instancia federal, se quedan de brazos cruzados.<\/p>\n<p><u><a href=\"mailto:morcora@gmail.com\" target=\"_blank\" rel=\"noopener noreferrer\"><em>morcora@gmail.com<\/em><\/a><\/u><\/p>\n","protected":false},"excerpt":{"rendered":"<p><span style=\"color: #005497;\"><strong>Adriana Moreno Cordero<\/strong><\/span><\/p>\n","protected":false},"author":3,"featured_media":0,"comment_status":"open","ping_status":"open","sticky":false,"template":"","format":"standard","meta":{"_monsterinsights_skip_tracking":false,"_monsterinsights_sitenote_active":false,"_monsterinsights_sitenote_note":"","_monsterinsights_sitenote_category":0,"footnotes":""},"categories":[69370],"tags":[69369,69368,43674],"class_list":["post-554743","post","type-post","status-publish","format-standard","hentry","category-adriana-moreno-cordero","tag-adriana-moreno-cordero","tag-la-retaguardia","tag-opinion"],"_links":{"self":[{"href":"https:\/\/www.diarioimagen.net\/index.php?rest_route=\/wp\/v2\/posts\/554743","targetHints":{"allow":["GET"]}}],"collection":[{"href":"https:\/\/www.diarioimagen.net\/index.php?rest_route=\/wp\/v2\/posts"}],"about":[{"href":"https:\/\/www.diarioimagen.net\/index.php?rest_route=\/wp\/v2\/types\/post"}],"author":[{"embeddable":true,"href":"https:\/\/www.diarioimagen.net\/index.php?rest_route=\/wp\/v2\/users\/3"}],"replies":[{"embeddable":true,"href":"https:\/\/www.diarioimagen.net\/index.php?rest_route=%2Fwp%2Fv2%2Fcomments&post=554743"}],"version-history":[{"count":0,"href":"https:\/\/www.diarioimagen.net\/index.php?rest_route=\/wp\/v2\/posts\/554743\/revisions"}],"wp:attachment":[{"href":"https:\/\/www.diarioimagen.net\/index.php?rest_route=%2Fwp%2Fv2%2Fmedia&parent=554743"}],"wp:term":[{"taxonomy":"category","embeddable":true,"href":"https:\/\/www.diarioimagen.net\/index.php?rest_route=%2Fwp%2Fv2%2Fcategories&post=554743"},{"taxonomy":"post_tag","embeddable":true,"href":"https:\/\/www.diarioimagen.net\/index.php?rest_route=%2Fwp%2Fv2%2Ftags&post=554743"}],"curies":[{"name":"wp","href":"https:\/\/api.w.org\/{rel}","templated":true}]}}