{"id":554754,"date":"2022-07-27T00:25:56","date_gmt":"2022-07-27T05:25:56","guid":{"rendered":"https:\/\/www.diarioimagen.net\/?p=554754"},"modified":"2022-07-28T04:55:42","modified_gmt":"2022-07-28T09:55:42","slug":"t-mec-mas-claro-ni-el-agua","status":"publish","type":"post","link":"https:\/\/www.diarioimagen.net\/?p=554754","title":{"rendered":"T-MEC, m\u00e1s claro, ni el agua"},"content":{"rendered":"<h2>Perfil de M\u00e9xico<\/h2>\n<h5>Armando R\u00edos Ruiz<\/h5>\n<p>&nbsp;<\/p>\n<p>O nuestro Presidente sufre de amnesia \u2014de lo que hay muestras de sobra, que aparecen desde hace muchos a\u00f1os de su vida, cada vez que afirma sobre alguna situaci\u00f3n y al d\u00eda siguiente\u00a0 se desdice\u2014, o no se percata de lo que autoriza o firma, aunque se trate de compromisos fuertes y respetables.<\/p>\n<p>En d\u00edas pasados,\u00a0 minimiz\u00f3 con una burla, utilizando una canci\u00f3n que cant\u00f3 su paisano Chico Che, la controversia presentada por el gobierno de Estados Unidos, por la pol\u00edtica energ\u00e9tica de M\u00e9xico, asentada en el T-MEC. \u201cUy, que miedo\u201d, dijo con esa risita sarc\u00e1stica, como respuesta a una obligaci\u00f3n firmada, autorizada, convenida por \u00e9l mismo.<\/p>\n<p>Parece que su extinto paisano, exitoso cancionero que sol\u00eda vestir siempre un overol, muerto hace 33 a\u00f1os v\u00edctima de un derrame cerebral, figura entre sus artistas preferidos. Sus fijaciones llegan al extremo de hacerlo repetir con fruici\u00f3n otro \u00e9xito suyo que ha utilizado a lo largo de su carrera pol\u00edtica y desde que la melod\u00eda apareci\u00f3: \u201cqu\u00e9n pomp\u00f3\u201d.<\/p>\n<p>Trat\u00f3 la controversia con un profundo desd\u00e9n, completamente ajeno a lo que significa. Esta actitud trajo inmediatamente consigo, primero la observaci\u00f3n en M\u00e9xico, de expertos en la materia, quienes anticiparon un conflicto de grandes dimensiones, si el asunto no es atendido debidamente y no con actitudes pueriles que pueden descomponer en extremo las relaciones entre ambas naciones, de por s\u00ed tensas, aunque \u00e9l diga que son excelentes.<\/p>\n<p>Primero que nada, ex negociadores y especialistas aseguraron que \u201cM\u00e9xico acept\u00f3 la apertura energ\u00e9tica en los cap\u00edtulos 14, 15, 22 y 32 del Tratado entre M\u00e9xico, Estados Unidos y Canad\u00e1 (T-MEC), as\u00ed como en tres anexos del Tratado Integral y Progresista de Asociaci\u00f3n Transpac\u00edfico (TIPAT)\u201d.<\/p>\n<p>Samantha Atayde Arellano, abogada en jefe de las negociaciones del T-MEC, subray\u00f3 que \u201cM\u00e9xico acept\u00f3 la reforma energ\u00e9tica de 2013\u201d. \u201cLo que creo es que hubo una apertura y esa reforma la est\u00e1n desconociendo [en esta administraci\u00f3n]. Aunque la apertura no qued\u00f3 reflejada en anexos, s\u00ed qued\u00f3 en el art\u00edculo 32.11 del T-MEC\u201d<\/p>\n<p>\u201cIldefonso Guajardo, ex secretario de Econom\u00eda, se\u00f1al\u00f3 que, en las negociaciones del T-MEC, el equipo de transici\u00f3n del presidente L\u00f3pez Obrador fue el que tom\u00f3 la decisi\u00f3n en los temas de energ\u00eda y si bien eliminaron el cap\u00edtulo de cooperaci\u00f3n, siempre dijeron que respetar\u00edan el marco legal establecido en 2013\u201d. Define una nota de El Universal.<\/p>\n<p>El Presidente pretende comportarse ante estas evidencias, como se comporta en M\u00e9xico, en donde trata todas las negociaciones como el \u00fanico ser cuya palabra es comparable con la de Dios. En donde ha tenido la ocurrencia de decir con visible irritaci\u00f3n: \u201c\u00a1no me vengan con que la ley es la ley!\u201d Porque en su entender, la ley es \u00e9l mismo. Puede manejarla a placer. A capricho si as\u00ed lo desea. No con el m\u00ednimo respeto al esp\u00edritu de que la misma est\u00e1 investida.<\/p>\n<p>Su burla activ\u00f3 un fuerte llamado de atenci\u00f3n, tanto de Estados Unidos como de Canad\u00e1, para que se comporte con seriedad, mientras los expertos alertaron que un asunto tan diminuto, como el del cantante Chico Che, puede llevar a M\u00e9xico a pagar entre 30 mil y 50 mil millones de d\u00f3lares por imposici\u00f3n de aranceles. Hay que recordarle que Estados Unidos no es M\u00e9xico.<\/p>\n<p>Como respuesta, el mandatario cit\u00f3 la hidroel\u00e9ctrica El Caj\u00f3n. Subutilizada porque los de antes no quer\u00edan que la CFE produjera energ\u00eda. En suma, culp\u00f3 a los neoliberales porque estaban acostumbrados a rendirse. Ahora, un asunto legal es en su concepto un asunto de principios De soberan\u00eda. De patriotismo, que no se negocia. \u00bfA qui\u00e9n le habla as\u00ed? \u00a8Porque los tratados internacionales se firman y se respetan. Los temas aludidos por \u00e9l no tienen nada qu\u00e9 ver.<\/p>\n<p>\u00bfQu\u00e9 har\u00e1 el 16 de septiembre, cuando tomar\u00e1 una decisi\u00f3n? \u00bfAceptar lo que sus expertos le aconsejen sobre el respeto a su aprobaci\u00f3n? \u00a1Seguro que s! Lo dem\u00e1s es solo pataleo. Pose dizque valiente para sus admiradores.<\/p>\n<p><a href=\"mailto:ariosruiz@gmail.com\" target=\"_blank\" rel=\"noopener noreferrer\"><em>ariosruiz@gmail.com<\/em><\/a><\/p>\n","protected":false},"excerpt":{"rendered":"<p><span style=\"color: #005497;\"><strong>Armando R\u00edos Ruiz<\/strong><\/span><\/p>\n","protected":false},"author":3,"featured_media":0,"comment_status":"open","ping_status":"open","sticky":false,"template":"","format":"standard","meta":{"_monsterinsights_skip_tracking":false,"_monsterinsights_sitenote_active":false,"_monsterinsights_sitenote_note":"","_monsterinsights_sitenote_category":0,"footnotes":""},"categories":[88405],"tags":[88407,43674,91193],"class_list":["post-554754","post","type-post","status-publish","format-standard","hentry","category-armando-rios-ruiz","tag-armando-rios-ruiz","tag-opinion","tag-perfil-de-mexico"],"_links":{"self":[{"href":"https:\/\/www.diarioimagen.net\/index.php?rest_route=\/wp\/v2\/posts\/554754","targetHints":{"allow":["GET"]}}],"collection":[{"href":"https:\/\/www.diarioimagen.net\/index.php?rest_route=\/wp\/v2\/posts"}],"about":[{"href":"https:\/\/www.diarioimagen.net\/index.php?rest_route=\/wp\/v2\/types\/post"}],"author":[{"embeddable":true,"href":"https:\/\/www.diarioimagen.net\/index.php?rest_route=\/wp\/v2\/users\/3"}],"replies":[{"embeddable":true,"href":"https:\/\/www.diarioimagen.net\/index.php?rest_route=%2Fwp%2Fv2%2Fcomments&post=554754"}],"version-history":[{"count":0,"href":"https:\/\/www.diarioimagen.net\/index.php?rest_route=\/wp\/v2\/posts\/554754\/revisions"}],"wp:attachment":[{"href":"https:\/\/www.diarioimagen.net\/index.php?rest_route=%2Fwp%2Fv2%2Fmedia&parent=554754"}],"wp:term":[{"taxonomy":"category","embeddable":true,"href":"https:\/\/www.diarioimagen.net\/index.php?rest_route=%2Fwp%2Fv2%2Fcategories&post=554754"},{"taxonomy":"post_tag","embeddable":true,"href":"https:\/\/www.diarioimagen.net\/index.php?rest_route=%2Fwp%2Fv2%2Ftags&post=554754"}],"curies":[{"name":"wp","href":"https:\/\/api.w.org\/{rel}","templated":true}]}}