{"id":554756,"date":"2022-07-27T00:08:55","date_gmt":"2022-07-27T05:08:55","guid":{"rendered":"https:\/\/www.diarioimagen.net\/?p=554756"},"modified":"2022-07-27T05:42:29","modified_gmt":"2022-07-27T10:42:29","slug":"morena-y-sus-laureles","status":"publish","type":"post","link":"https:\/\/www.diarioimagen.net\/?p=554756","title":{"rendered":"Morena y sus laureles"},"content":{"rendered":"<h2>Punto por punto<\/h2>\n<h5>Augusto Corro<\/h5>\n<p>&nbsp;<\/p>\n<p>Los morenistas decidieron despertar despu\u00e9s de mantenerse en la pasividad pol\u00edtica; obtuvieron el poder pol\u00edtico en 2018 y optaron por dormirse en sus laureles.<\/p>\n<p>Ahora, los guindas, obligados por las autoridades electorales y la sucesi\u00f3n presidencial, decidieron sacudirse la modorra y tendr\u00e1n su congreso en septiembre.<\/p>\n<p>Lo anterior es con el prop\u00f3sito de estar preparados para los comicios de 2023 y la elecci\u00f3n presidencial de 2024.<\/p>\n<p>Se iniciaron, pues, los trabajos rumbo a la renovaci\u00f3n de sus dirigencias en las 32 entidades del pa\u00eds en agosto; as\u00ed como sus \u00f3rganos de direcci\u00f3n nacional en septiembre.<\/p>\n<p>Como informamos en este espacio, en 2023 se efectuar\u00e1n elecciones estatales en Coahuila y en el Estado de M\u00e9xico para el cambio de gobernador.<\/p>\n<p>Claro, no ser\u00e1 tan f\u00e1cil que en Morena impere la armon\u00eda y la unidad, ya que se trata de una organizaci\u00f3n integrada por pol\u00edticos que llegaron de otros partidos.<\/p>\n<p>Es de suponerse que con la designaci\u00f3n de su candidato presidencial se desatar\u00e1n las pugnas en el interior de ese instituto pol\u00edtico.<\/p>\n<p>De entrada, ya son tres las \u201ccorcholatas\u201d (aspirantes) que destap\u00f3 el presidente Andr\u00e9s Manuel L\u00f3pez Obrador, con el tiempo muy adelantado.<\/p>\n<p>Nos referimos a los aspirantes presidenciales, Claudia Sheinbaum, jefa del Gobierno de la Ciudad de M\u00e9xico (CDMX); Marcelo Ebrard, secretario de Relaciones Exteriores (SRE); y Ad\u00e1n Augusto L\u00f3pez, secretario de Gobernaci\u00f3n.<\/p>\n<p>Tambi\u00e9n est\u00e1 entre los precandidatos el senador Ricardo Monreal, quien no fue citado por el mandatario tabasque\u00f1o.<\/p>\n<p>Cabe se\u00f1alar que Mario Delgado, el l\u00edder de Morena, recibi\u00f3 el rechazo de morenistas cuando fue ungido como presidente del partido. Uno de sus principales impugnadores fue Porfirio Mu\u00f1oz Ledo.<\/p>\n<p>Ahora, le toca a Delgado evitar que la unidad del partido sea afectada por las posibles corrientes a favor o en contra de tal o cual \u201ccorcholata\u201d, como ocurri\u00f3 el domingo cuando un grupo de legisladores se pronunci\u00f3 por el piso parejo para los precandidatos presidenciales.<\/p>\n<p>Sobre este asunto, el propio dirigente dijo que el Congreso Nacional de septiembre ser\u00eda el espacio en el que se sienten las bases para un acuerdo entre aspirantes a la presidencia de la Rep\u00fablica.<\/p>\n<p>Delgado subray\u00f3 que su dirigencia ser\u00e1 institucional y prometi\u00f3 que no habr\u00e1 \u201ccargadas\u201d por parte de los dirigentes estatales o nacional del partido en favor de alguna persona aspirante a la candidatura presidencial.<\/p>\n<p>Por otra parte, Marcelo Ebrard y Ricardo Monreal se pronunciaron porque las condiciones para la elecci\u00f3n del candidato morenista en 2024 sean equitativas e incluyentes. \u00bfUsted qu\u00e9 opina amable lector?<\/p>\n<p><strong>PUNTOS SUSPENSIVOS\u2026 <\/strong>En Morena, dan por hecho que la maestra Delfina G\u00f3mez ser\u00e1 la candidata del partido a la gubernatura del Estado de M\u00e9xico. Ya sabremos quien ser\u00e1 la persona que llegue a ocupar el cargo de secretaria de Educaci\u00f3n. Ojal\u00e1 que \u00e9l nuevo funcionario no sea un pol\u00edtico aventurero que est\u00e9 unos meses al frente de la SEP para luego regresar a la grilla; es decir que ocupe el puesto como trampol\u00edn pol\u00edtico, pr\u00e1ctica heredada de los gobiernos neoliberales. Ojal\u00e1 y alguien nos diga que fue lo importante que hizo la maestra Delfina G\u00f3mez en la mencionada dependencia\u2026 Todos contra la Mariposa Monarca parece que es la orden girada para acabarla, desaparecerla. Resulta que el insecto fue incorporado como especie en peligro de extinci\u00f3n a la Lista Roja de Especies Amenazadas de la Uni\u00f3n Internacional para la Conservaci\u00f3n de la Naturaleza (IUCN). La mariposa radica en Canad\u00e1 y cada a\u00f1o viene a pasarse el invierno en los bosques de oyamel de Michoac\u00e1n y Estado de M\u00e9xico\u2026 Los problemas que enfrenta son: la destrucci\u00f3n de su h\u00e1bitat y el cambio clim\u00e1tico.<\/p>\n<p><a href=\"mailto:aco2742@hotmail.com\" target=\"_blank\" rel=\"noopener noreferrer\"><em>aco2742@hotmail.com<\/em><\/a><\/p>\n","protected":false},"excerpt":{"rendered":"<p><span style=\"color: #005497;\"><strong>Augusto Corro<\/strong><\/span><\/p>\n","protected":false},"author":3,"featured_media":0,"comment_status":"open","ping_status":"open","sticky":false,"template":"","format":"standard","meta":{"_monsterinsights_skip_tracking":false,"_monsterinsights_sitenote_active":false,"_monsterinsights_sitenote_note":"","_monsterinsights_sitenote_category":0,"footnotes":""},"categories":[157],"tags":[43686,43674,11515],"class_list":["post-554756","post","type-post","status-publish","format-standard","hentry","category-augusto-corro","tag-augusto-corro","tag-opinion","tag-punto-por-punto"],"_links":{"self":[{"href":"https:\/\/www.diarioimagen.net\/index.php?rest_route=\/wp\/v2\/posts\/554756","targetHints":{"allow":["GET"]}}],"collection":[{"href":"https:\/\/www.diarioimagen.net\/index.php?rest_route=\/wp\/v2\/posts"}],"about":[{"href":"https:\/\/www.diarioimagen.net\/index.php?rest_route=\/wp\/v2\/types\/post"}],"author":[{"embeddable":true,"href":"https:\/\/www.diarioimagen.net\/index.php?rest_route=\/wp\/v2\/users\/3"}],"replies":[{"embeddable":true,"href":"https:\/\/www.diarioimagen.net\/index.php?rest_route=%2Fwp%2Fv2%2Fcomments&post=554756"}],"version-history":[{"count":0,"href":"https:\/\/www.diarioimagen.net\/index.php?rest_route=\/wp\/v2\/posts\/554756\/revisions"}],"wp:attachment":[{"href":"https:\/\/www.diarioimagen.net\/index.php?rest_route=%2Fwp%2Fv2%2Fmedia&parent=554756"}],"wp:term":[{"taxonomy":"category","embeddable":true,"href":"https:\/\/www.diarioimagen.net\/index.php?rest_route=%2Fwp%2Fv2%2Fcategories&post=554756"},{"taxonomy":"post_tag","embeddable":true,"href":"https:\/\/www.diarioimagen.net\/index.php?rest_route=%2Fwp%2Fv2%2Ftags&post=554756"}],"curies":[{"name":"wp","href":"https:\/\/api.w.org\/{rel}","templated":true}]}}