{"id":554757,"date":"2022-07-27T00:03:19","date_gmt":"2022-07-27T05:03:19","guid":{"rendered":"https:\/\/www.diarioimagen.net\/?p=554757"},"modified":"2022-07-27T05:44:04","modified_gmt":"2022-07-27T10:44:04","slug":"estados-unidos-contra-el-tren-maya","status":"publish","type":"post","link":"https:\/\/www.diarioimagen.net\/?p=554757","title":{"rendered":"\u00bfEstados Unidos contra el Tren Maya?"},"content":{"rendered":"<h2>Espacio Electoral<\/h2>\n<h5>Eleazar Flores<\/h5>\n<p>&nbsp;<\/p>\n<p><strong>QUE LO PRUEBE EL DENUNCIANTE-.<\/strong> Aceptando sin conceder, pero solicit\u00e1ndole pruebas, como \u00e9l lo hace contra quienes le adjudican tantas cosas, el presidente Andr\u00e9s Manuel L\u00f3pez Obrador tendr\u00e1 que demostrar con evidencias que son empresas norteamericanas las que se est\u00e1n oponiendo a la ejecuci\u00f3n del Tramo 5 del Tren Maya.<\/p>\n<p>La demostraci\u00f3n de su denuncia lo fortalecer\u00eda, sin necesidad de esperar las fechas patri\u00f3ticas\u00a0 del 15 o 16 de septiembre, para arengar a sus huestes a reforzar la tesis de que \u201cel petr\u00f3leo es de los mexicanos\u201d, lo que no est\u00e1 en duda, sino de incumplir clausulado de la \u00faltima edici\u00f3n del T-MEC.<\/p>\n<p>Esa \u00faltima versi\u00f3n del nuevo Tratado del Libre Comercio entre los Estados Unidos, M\u00e9xico y Canad\u00e1, de ah\u00ed su abreviatura T-MEC,\u00a0 tiene un largo historial, basta recordar que un d\u00eda antes de concluir su sexenio, el presidenta Enrique Pe\u00f1a se encontr\u00f3 con el entonces presidente norteamericano Donald Trump y el primer ministro de Canad\u00e1, Justin Trudeau.<\/p>\n<p>Lugar y firma?, con gusto, la lejana y bella Argentina ni m\u00e1s ni menos.<\/p>\n<p>Ah\u00ed fue cuando con la presencia de los tres jefes de Estado, en pocas palabras se aprobaron esos ajustes al T-MEC, consistentes en permitir la inversi\u00f3n extranjera en pol\u00edticas energ\u00e9tica y ambientalista, Lo que entendieron sobre todo los inversionistas extranjeros.<\/p>\n<p>Esos ajustes al \u00faltimo documento comercial trilateral, incluso se afinaron y precisaron, m\u00e1s que ajustarse, con visitas continuas de funcionarios de primer nivel del gobierno estadounidense, que casi siempre vinieron acompa\u00f1ados de empresarios de peso, con acceso directo a Palacio Nacional, acompa\u00f1ados por el embajador de Estados Unidos en M\u00e9xico, Ken Salazar.<\/p>\n<p>Tan frecuentes fueron esas visitas que llegaron a darse hasta dos por semana en el \u00faltimo cuatrimestre, siendo muchas veces los m\u00e1s sorprendidos los propios reporteros de la \u201cfuente\u201d.<\/p>\n<p>Enterados los gobiernos canadiense y norteamericano y seguramente presionados por sus empresarios que tienen cientos de millones de d\u00f3lares invertidos en nuestro pa\u00eds, no de ahora sino de d\u00e9cadas atr\u00e1s, han exigido el fiel cumplimiento del \u00faltimo clausulado del T-MEC, no m\u00e1s, pero tampoco menos.<\/p>\n<p>Este tema nada tiene que ver con la frase \u201cel petr\u00f3leo es de los mexicanos\u201d o \u201cla luz es nuestra\u201d, por cierto cada vez son m\u00e1s caros ambos productos y servicios.<\/p>\n<p>Que quede claro que con lo hasta aqu\u00ed escrito no es estar a favor de los empresarios extranjeros, mucho menos en contra de los nuestros, simplemente honrar la palabra y respetar las firmas a un documento que para muchos es importante m\u00e1s que para otros.<\/p>\n<p>De lo contrario, imag\u00ednese en pleno desfile del 16 de septiembre con mantas y arengas defendiendo petr\u00f3leo y luz y\u00a0 ensalzando al padre de la \u201ccuarta transtornaci\u00f3n\u201d. A esperar.<\/p>\n<p><em><a href=\"mailto:elefa44@gmail.com\" target=\"_blank\" rel=\"noopener noreferrer\">elefa44@gmail.com<\/a><\/em><\/p>\n","protected":false},"excerpt":{"rendered":"<p><span style=\"color: #005497;\"><strong>Eleazar Flores<\/strong><\/span><\/p>\n","protected":false},"author":3,"featured_media":0,"comment_status":"open","ping_status":"open","sticky":false,"template":"","format":"standard","meta":{"_monsterinsights_skip_tracking":false,"_monsterinsights_sitenote_active":false,"_monsterinsights_sitenote_note":"","_monsterinsights_sitenote_category":0,"footnotes":""},"categories":[81743],"tags":[81744,81776,43674],"class_list":["post-554757","post","type-post","status-publish","format-standard","hentry","category-eleazar-flores","tag-eleazar-flores","tag-espacio-electoral","tag-opinion"],"_links":{"self":[{"href":"https:\/\/www.diarioimagen.net\/index.php?rest_route=\/wp\/v2\/posts\/554757","targetHints":{"allow":["GET"]}}],"collection":[{"href":"https:\/\/www.diarioimagen.net\/index.php?rest_route=\/wp\/v2\/posts"}],"about":[{"href":"https:\/\/www.diarioimagen.net\/index.php?rest_route=\/wp\/v2\/types\/post"}],"author":[{"embeddable":true,"href":"https:\/\/www.diarioimagen.net\/index.php?rest_route=\/wp\/v2\/users\/3"}],"replies":[{"embeddable":true,"href":"https:\/\/www.diarioimagen.net\/index.php?rest_route=%2Fwp%2Fv2%2Fcomments&post=554757"}],"version-history":[{"count":0,"href":"https:\/\/www.diarioimagen.net\/index.php?rest_route=\/wp\/v2\/posts\/554757\/revisions"}],"wp:attachment":[{"href":"https:\/\/www.diarioimagen.net\/index.php?rest_route=%2Fwp%2Fv2%2Fmedia&parent=554757"}],"wp:term":[{"taxonomy":"category","embeddable":true,"href":"https:\/\/www.diarioimagen.net\/index.php?rest_route=%2Fwp%2Fv2%2Fcategories&post=554757"},{"taxonomy":"post_tag","embeddable":true,"href":"https:\/\/www.diarioimagen.net\/index.php?rest_route=%2Fwp%2Fv2%2Ftags&post=554757"}],"curies":[{"name":"wp","href":"https:\/\/api.w.org\/{rel}","templated":true}]}}