{"id":554759,"date":"2022-07-27T00:11:31","date_gmt":"2022-07-27T05:11:31","guid":{"rendered":"https:\/\/www.diarioimagen.net\/?p=554759"},"modified":"2022-07-27T05:46:12","modified_gmt":"2022-07-27T10:46:12","slug":"andres-manuel-hidalgo-y-costilla","status":"publish","type":"post","link":"https:\/\/www.diarioimagen.net\/?p=554759","title":{"rendered":"Andr\u00e9s Manuel Hidalgo y Costilla"},"content":{"rendered":"<h2>\u00cdndice pol\u00edtico<\/h2>\n<h5>Francisco Rodr\u00edguez<\/h5>\n<p>&nbsp;<\/p>\n<ul>\n<li><strong><em>Lo enga\u00f1aron Seade, M\u00e1rquez y Ebrard<\/em><\/strong><\/li>\n<li><strong><em>Guti\u00e9rrez M\u00fcller, \u00bfcandidata?<\/em><\/strong><\/li>\n<\/ul>\n<p>&nbsp;<\/p>\n<p>A veces,\u00a0<strong>Andr\u00e9s Manuel L\u00f3pez Obrador<\/strong>\u00a0cree ser\u00a0<strong>Francisco I. Madero<\/strong>, sobre todo cuando dice que no se reelegir\u00e1. No al menos personalmente. A lo mejor, s\u00ed, a trav\u00e9s de interp\u00f3sita persona.<\/p>\n<p>Otras, la reencarnaci\u00f3n de\u00a0<strong>Benito Ju\u00e1rez<\/strong>.<\/p>\n<p>Y ahora ha anunciado que el pr\u00f3ximo 16 de septiembre se investir\u00e1 de\u00a0<strong>Miguel Hidalgo y Costilla<\/strong>.<\/p>\n<p>Con las Fuerzas Armadas en el coro \u2013por el desfile militar conmemorativo\u2014 har\u00e1 un llamamiento a defender la soberan\u00eda y, casi casi, a iniciar otra guerra que nos independice del Imperio.<\/p>\n<p>\u00bfSe imagina usted lo que sus enardecidas palabras pueden provocar entre sus fan\u00e1ticos?<\/p>\n<p>\u00bfEncender\u00e1n antorchas y se dirigir\u00e1n a la embajada estadounidense para incendiarla como\u00a0<em>P\u00edpilas<\/em>\u00a0de la 4T?<\/p>\n<p>\u00bfAmurallar\u00e1n los\u00a0<em>chairos<\/em>\u00a0los edificios sede de Petr\u00f3leos Mexicanos y de la Comisi\u00f3n Federal de Electricidad para impedir que las pisen botas extranjeras?<\/p>\n<p>\u00bfY los\u00a0<em>amlovers<\/em>\u00a0retirar\u00e1n sus ahorros y cerrar\u00e1n sus cuentas en los bancos con matriz en Estados Unidos y en Canad\u00e1?<\/p>\n<p>\u00bfCu\u00e1ntos de ellos van a cancelar su viaje a Orlando o a Nueva York, pagados mes a mes con los dineros que \u201cles regala el se\u00f1or Presidente\u201d?<\/p>\n<p>L\u00f3pez Obrador ha anunciado la celebraci\u00f3n de un acto irresponsable.<\/p>\n<p>I-rres-pon-sa-ble, s\u00ed.<\/p>\n<p>Porque, seg\u00fan su desleal saber y no alcanzar a entender, el renegociado Tratado de Libre Comercio firmado con tanto j\u00fabilo por \u00e9l, al lado de\u00a0<strong>Donald Trump<\/strong>\u00a0y de <strong>Justin Trudeau<\/strong>, atenta contra la soberan\u00eda del pa\u00eds que tiene derecho a modificar sus leyes de acuerdo no a la conveniencia de los mexicanos, sino del titular del Ejecutivo en turno.<\/p>\n<p>Pero no es eso lo que est\u00e1 a discusi\u00f3n por parte de las autoridades comerciales de los dos pa\u00edses al norte de nuestras fronteras.\u00a0 Lo que los gobiernos de esos dos pa\u00edses reclaman es que aqu\u00ed el llamado T-MEC obliga a las tres naciones a brindar igualdad de oportunidades y de negocios a los emprendedores de la regi\u00f3n de Am\u00e9rica del Norte.<\/p>\n<p>Y AMLO no ha respetado eso precisamente que \u00e9l firm\u00f3.<\/p>\n<p style=\"text-align: center;\"><strong>\u00bfBurlado o no entendi\u00f3?<\/strong><\/p>\n<p>Por su escasa preparaci\u00f3n acad\u00e9mica, am\u00e9n de que le da flojera leer documentos, AMLO se confi\u00f3 en lo que le dijeron tres de los miembros de su equipo, cuando menos:<\/p>\n<p>Para empezar,\u00a0<strong>Jes\u00fas Seade Kuri<\/strong>\u00a0a quien el mismo L\u00f3pez Obrador envi\u00f3 a que se sumara a los negociadores que representaban a Enrique Pe\u00f1a Nieto, los impresentables\u00a0<strong>Luis Videgaray<\/strong>\u00a0e\u00a0<strong>Ildefonso Guajardo<\/strong>, entre otros. Tan satisfecho estuvo el ocupante de Palacio Nacional que le toler\u00f3, durante varios meses, que se fuera a alcanzar a su familia que vive en Hong Kong y luego, como premio, hasta lo hizo su embajador en China.<\/p>\n<p>Una de dos, Seade enga\u00f1\u00f3 al Presidente de la Rep\u00fablica. O \u00e9ste, de plano, no entendi\u00f3 ni jota.<\/p>\n<p>Luego, quien entonces fung\u00eda como secretaria de Econom\u00eda,\u00a0<strong>Graciela M\u00e1rquez<\/strong>, a la que tambi\u00e9n premi\u00f3 d\u00e1ndole la presidencia del Inegi\u2026 pas\u00e1ndose por el arco de los aguacates al personal directivo que ten\u00eda merecimientos, mientras que ella no reun\u00eda los requisitos para ocupar el cargo.<\/p>\n<p>Una de dos, otra vez. O M\u00e1rquez enga\u00f1\u00f3 a AMLO. O \u00e9ste, de plano, no supo ni cu\u00e1l era lo o, por lo redonda.<\/p>\n<p>Y\u00a0<em>last but not least<\/em>\u00a0.como dicen los <em>gringos<\/em>: al \u00faltimo, pero no por ser el \u00faltimo. el todav\u00eda canciller -ahora tambi\u00e9n \u201ccorcholata\u201d-\u00a0<strong>Marcelo Ebrard<\/strong>\u00a0que, se supone, debi\u00f3 estar pendiente de las negociaciones y, por supuesto, enterado a fondo de ellas.<\/p>\n<p>\u00bfLe explic\u00f3 a AMLO el contenido del renegociado tratado? \u00bfDe plano el tepetiteco no le entendi\u00f3?<\/p>\n<p>Estamos a punto de ver c\u00f3mo se inflama -m\u00e1s a\u00fan- el esp\u00edritu patriotero de L\u00f3pez Obrador.<\/p>\n<p>Y lo peor: que est\u00e1 calentando a los fan\u00e1ticos,\u00a0<em>chairos<\/em>\u00a0y\/o\u00a0<em>amlovers<\/em>.<\/p>\n<p>Ojal\u00e1 no terminemos presenciando una tragedia.<\/p>\n<p>O siendo v\u00edctima de ella.<\/p>\n<p>\u00bfNo cree usted?<\/p>\n<p style=\"text-align: center;\"><strong>Indicios<\/strong><\/p>\n<p>Dice un serio observador de la pol\u00edtica a la mexicana que, en una de esas, en el anunciado acto del 16 de septiembre, la se\u00f1ora\u00a0<strong>Beatriz Guti\u00e9rrez M\u00fcller<\/strong>, luego de que su esposo termine su patriotero discurso, toma el micr\u00f3fono y se lanza con ooootro discurso patriotero y pseudofeminista y, a la mitad del mismo, pregunta a la muchedumbre si creen o no que ya es tiempo de que una mujer dirija los destinos del pa\u00eds. Y que luego de que las masas respondan con un estent\u00f3reo \u00a1siiii!, tal vez creyendo que la se\u00f1ora es porrista de\u00a0<strong>Claudia Sheinbaum,\u00a0<\/strong>pero que de repente algunas voces de personal adecuadamente colocada en lugares estrat\u00e9gicos gritan \u00a1Beatriz!, \u00a1Beatriz!, \u00a1Beatriz!&#8230; y entonces, m\u00e1gicamente, la mujer de AMLO se convierte en precandidata y, claro, en Presidente de la Rep\u00fablica. \u00bfMucha imaginaci\u00f3n o profec\u00eda? * * * De lo que s\u00ed hay noticia es que grupos poblanos mencionan a la se\u00f1ora Guti\u00e9rrez M\u00fcller como posible sucesora de\u00a0<strong>Miguel Barbosa<\/strong>. \u00bfOtra\u00a0<strong>Martita Sahag\u00fan<\/strong>? \u00bfOtra\u00a0<strong>Margarita Zavala<\/strong>? \u00bfNada cambia con la 4T? * * * Por hoy es todo. Le agradezco me haya acompa\u00f1ado con la lectura de estas l\u00edneas. Y ya sabe usted que, como siempre, le deseo \u00a1buenas gracias y muchos, muchos d\u00edas!<\/p>\n<p><em><u><a href=\"http:\/\/www.indicepolitico.com\" target=\"_blank\" rel=\"noopener noreferrer\">www.indicepolitico.com<\/a><\/u><u><br \/>\n<\/u><a href=\"mailto:indicepolitico@gmail.com\" target=\"_blank\" rel=\"noopener noreferrer\">indicepolitico@gmail.com<\/a><\/em><br \/>\n<em><a href=\"https:\/\/twitter.com\/indicepolitico?lang=es\" target=\"_blank\" rel=\"noopener noreferrer\">@IndicePolitico<\/a><\/em><br \/>\n<em><u><a href=\"https:\/\/twitter.com\/pacorodriguez\" target=\"_blank\" rel=\"noopener noreferrer\">@pacorodriguez<\/a><\/u><\/em><\/p>\n","protected":false},"excerpt":{"rendered":"<p><span style=\"color: #005497;\"><strong>Francisco Rodr\u00edguez<\/strong><\/span><\/p>\n","protected":false},"author":3,"featured_media":0,"comment_status":"open","ping_status":"open","sticky":false,"template":"","format":"standard","meta":{"_monsterinsights_skip_tracking":false,"_monsterinsights_sitenote_active":false,"_monsterinsights_sitenote_note":"","_monsterinsights_sitenote_category":0,"footnotes":""},"categories":[549],"tags":[43689,550,43674],"class_list":["post-554759","post","type-post","status-publish","format-standard","hentry","category-francisco-rodriguez","tag-francisco-rodriguez","tag-indice-politico","tag-opinion"],"_links":{"self":[{"href":"https:\/\/www.diarioimagen.net\/index.php?rest_route=\/wp\/v2\/posts\/554759","targetHints":{"allow":["GET"]}}],"collection":[{"href":"https:\/\/www.diarioimagen.net\/index.php?rest_route=\/wp\/v2\/posts"}],"about":[{"href":"https:\/\/www.diarioimagen.net\/index.php?rest_route=\/wp\/v2\/types\/post"}],"author":[{"embeddable":true,"href":"https:\/\/www.diarioimagen.net\/index.php?rest_route=\/wp\/v2\/users\/3"}],"replies":[{"embeddable":true,"href":"https:\/\/www.diarioimagen.net\/index.php?rest_route=%2Fwp%2Fv2%2Fcomments&post=554759"}],"version-history":[{"count":0,"href":"https:\/\/www.diarioimagen.net\/index.php?rest_route=\/wp\/v2\/posts\/554759\/revisions"}],"wp:attachment":[{"href":"https:\/\/www.diarioimagen.net\/index.php?rest_route=%2Fwp%2Fv2%2Fmedia&parent=554759"}],"wp:term":[{"taxonomy":"category","embeddable":true,"href":"https:\/\/www.diarioimagen.net\/index.php?rest_route=%2Fwp%2Fv2%2Fcategories&post=554759"},{"taxonomy":"post_tag","embeddable":true,"href":"https:\/\/www.diarioimagen.net\/index.php?rest_route=%2Fwp%2Fv2%2Ftags&post=554759"}],"curies":[{"name":"wp","href":"https:\/\/api.w.org\/{rel}","templated":true}]}}