{"id":554776,"date":"2022-07-28T00:05:18","date_gmt":"2022-07-28T05:05:18","guid":{"rendered":"https:\/\/www.diarioimagen.net\/?p=554776"},"modified":"2022-07-29T03:52:09","modified_gmt":"2022-07-29T08:52:09","slug":"uaemex-lactancia-materna-debe-promoverse-en-sector-empresarial-instancias-publicas-y-universidades","status":"publish","type":"post","link":"https:\/\/www.diarioimagen.net\/?p=554776","title":{"rendered":"UAEM\u00e9x: Lactancia materna debe promoverse en sector empresarial, instancias p\u00fablicas y universidades"},"content":{"rendered":"<p><em>\u00a0<\/em><\/p>\n<ul>\n<li><strong><em>Se busca quitar el estigma al acto de amamantar y crear m\u00e1s lactarios en instituciones p\u00fablicas y privadas<\/em><\/strong><\/li>\n<\/ul>\n<p>&nbsp;<\/p>\n<div id=\"attachment_554848\" style=\"width: 470px\" class=\"wp-caption aligncenter\"><img loading=\"lazy\" decoding=\"async\" aria-describedby=\"caption-attachment-554848\" class=\"size-full wp-image-554848\" src=\"https:\/\/www.diarioimagen.net\/wp-content\/uploads\/2022\/07\/uaem-18.jpg\" alt=\"\" width=\"460\" height=\"417\" \/><p id=\"caption-attachment-554848\" class=\"wp-caption-text\">El Estado de M\u00e9xico es una de las pocas entidades que tiene una ley que protege la lactancia materna.<\/p><\/div>\n<p>&nbsp;<\/p>\n<p><strong>Toluca, Estado de M\u00e9xico.\u2014 <\/strong>Desde finales de los a\u00f1os 80 la lactancia materna cobr\u00f3 mayor importancia, tanto para las madres como para las instituciones. La Organizaci\u00f3n Mundial de la Salud (OMS) y el Fondo de las Naciones Unidas para la Infancia (UNICEF) lanzaron programas para impulsarla entre las nuevas generaciones, por lo que cada d\u00eda hay m\u00e1s informaci\u00f3n t\u00e9cnica, apertura a esta pr\u00e1ctica y salas que permitan a las mujeres amamantar o extraer y guardar su leche de forma adecuada, inform\u00f3 la coordinadora de Leche Materna y Bancos de esta en el Estado de M\u00e9xico, Ma. Elena \u00c1lvarez Lobato.<\/p>\n<p>En su art\u00edculo \u201cDerecho a la lactancia materna\u201d, publicado en el n\u00famero m\u00e1s reciente de la Revista Universitaria de la Universidad Aut\u00f3noma del Estado de M\u00e9xico (UAEM\u00e9x), la tambi\u00e9n especialista en pediatr\u00eda refiri\u00f3 que la importancia de que la lactancia materna reside en que se promueva en las empresas privadas, as\u00ed como las instancias p\u00fablicas, universidades y cualquier lugar donde se desempe\u00f1an las mujeres, tanto acad\u00e9mica como laboralmente.<\/p>\n<p>En este tenor, recalc\u00f3 que la UAEM\u00e9x es una de las primeras instituciones educativas en crear lactarios en sus campus, en los que se brinda apoyo a alumnas, profesoras y administrativas que requieren un espacio c\u00f3modo y digno para esta actividad.<\/p>\n<p>La lactancia materna es un derecho tanto para los beb\u00e9s como para las madres. Por eso, en la actualidad hay par\u00e1metros que permiten saber si se est\u00e1 llevando a cabo de manera correcta y, sobre todo, para emprender las acciones necesarias que ayuden a incrementar los \u00edndices, pues M\u00e9xico es uno de los pa\u00edses con m\u00e1s bajo porcentaje de ni\u00f1os que se alimentan de leche materna durante los primeros seis meses de vida.<\/p>\n<p>La especialista enfatiz\u00f3 que las mujeres deben prepararse desde antes del parto, conocer su cuerpo (por ejemplo, saber qu\u00e9 tipo de pez\u00f3n tienen) y recibir ayuda del personal y de organizaciones capacitadas para brindar asesor\u00eda, pues del manejo de la t\u00e9cnica depende el \u00e9xito.<\/p>\n<p>Si deseas saber m\u00e1s sobre lactancia materna y contribuir a su desarrollo, visita <em>revistauniversitaria.uaemex.mx\/article\/view\/19028.<\/em><\/p>\n","protected":false},"excerpt":{"rendered":"<p>Desde finales de los a\u00f1os 80 la lactancia materna cobr\u00f3 mayor importancia, tanto para las madres como para las instituciones. La Organizaci\u00f3n Mundial de la Salud (OMS) y el Fondo de las Naciones Unidas para la Infancia (UNICEF) lanzaron programas para impulsarla entre las nuevas generaciones, por lo que cada d\u00eda hay m\u00e1s informaci\u00f3n t\u00e9cnica, apertura a esta pr\u00e1ctica y salas que permitan a las mujeres amamantar o extraer y guardar su leche de forma adecuada, inform\u00f3 la coordinadora de Leche Materna y Bancos de esta en el Estado de M\u00e9xico, Ma. Elena \u00c1lvarez Lobato.<\/p>\n","protected":false},"author":3,"featured_media":554849,"comment_status":"open","ping_status":"open","sticky":false,"template":"","format":"standard","meta":{"_monsterinsights_skip_tracking":false,"_monsterinsights_sitenote_active":false,"_monsterinsights_sitenote_note":"","_monsterinsights_sitenote_category":0,"footnotes":""},"categories":[5],"tags":[65163,24306,67878],"class_list":["post-554776","post","type-post","status-publish","format-standard","has-post-thumbnail","hentry","category-estado-de-mexico","tag-instancias","tag-lactancia","tag-uaemex"],"_links":{"self":[{"href":"https:\/\/www.diarioimagen.net\/index.php?rest_route=\/wp\/v2\/posts\/554776","targetHints":{"allow":["GET"]}}],"collection":[{"href":"https:\/\/www.diarioimagen.net\/index.php?rest_route=\/wp\/v2\/posts"}],"about":[{"href":"https:\/\/www.diarioimagen.net\/index.php?rest_route=\/wp\/v2\/types\/post"}],"author":[{"embeddable":true,"href":"https:\/\/www.diarioimagen.net\/index.php?rest_route=\/wp\/v2\/users\/3"}],"replies":[{"embeddable":true,"href":"https:\/\/www.diarioimagen.net\/index.php?rest_route=%2Fwp%2Fv2%2Fcomments&post=554776"}],"version-history":[{"count":0,"href":"https:\/\/www.diarioimagen.net\/index.php?rest_route=\/wp\/v2\/posts\/554776\/revisions"}],"wp:featuredmedia":[{"embeddable":true,"href":"https:\/\/www.diarioimagen.net\/index.php?rest_route=\/wp\/v2\/media\/554849"}],"wp:attachment":[{"href":"https:\/\/www.diarioimagen.net\/index.php?rest_route=%2Fwp%2Fv2%2Fmedia&parent=554776"}],"wp:term":[{"taxonomy":"category","embeddable":true,"href":"https:\/\/www.diarioimagen.net\/index.php?rest_route=%2Fwp%2Fv2%2Fcategories&post=554776"},{"taxonomy":"post_tag","embeddable":true,"href":"https:\/\/www.diarioimagen.net\/index.php?rest_route=%2Fwp%2Fv2%2Ftags&post=554776"}],"curies":[{"name":"wp","href":"https:\/\/api.w.org\/{rel}","templated":true}]}}