{"id":554786,"date":"2022-07-28T00:06:13","date_gmt":"2022-07-28T05:06:13","guid":{"rendered":"https:\/\/www.diarioimagen.net\/?p=554786"},"modified":"2022-07-29T03:52:26","modified_gmt":"2022-07-29T08:52:26","slug":"especialistas-del-centro-universitario-uaem-valle-de-teotihuacan-contribuyen-a-inclusion-social-de-personas-sordas","status":"publish","type":"post","link":"https:\/\/www.diarioimagen.net\/?p=554786","title":{"rendered":"Especialistas del Centro Universitario UAEM Valle de Teotihuac\u00e1n contribuyen a inclusi\u00f3n social de personas sordas"},"content":{"rendered":"<p>&nbsp;<\/p>\n<p><img loading=\"lazy\" decoding=\"async\" class=\"aligncenter size-full wp-image-554851\" src=\"https:\/\/www.diarioimagen.net\/wp-content\/uploads\/2022\/07\/uaem-2-5.jpg\" alt=\"\" width=\"460\" height=\"270\" \/><\/p>\n<p>&nbsp;<\/p>\n<p><strong>Axapusco, Estado de M\u00e9xico.\u2014 <\/strong>Con la finalidad de contribuir a la inclusi\u00f3n social de las personas sordas, especialistas del Centro Universitario Valle de Teotihuac\u00e1n de la Universidad Aut\u00f3noma del Estado de M\u00e9xico trabajan en el procesamiento digital de la lengua de se\u00f1as.<\/p>\n<p>El Profesor de Tiempo Completo de este espacio universitario ubicado en el municipio mexiquense de Axapusco, Jos\u00e9 Francisco Sol\u00eds Villareal, consider\u00f3 que \u00e9ste es un problema sumamente complejo, debido a que la lengua de se\u00f1as no es universal; cambia en cada naci\u00f3n y a veces dentro de un mismo pa\u00eds hay variantes.<\/p>\n<p>\u201cLa mayor\u00eda desconocemos dicha lengua y no vemos la necesidad de aprenderla. No es de dominio com\u00fan y, en consecuencia, una persona sorda est\u00e1 muy limitada. Principalmente la manejan las personas sordas y algunos familiares. Contiene expresiones est\u00e1ticas y din\u00e1micas; es muy compleja, as\u00ed que nuestra propuesta es desarrollar un sistema digital que pueda reconocer la lengua de se\u00f1as\u201d.<\/p>\n<p>El l\u00edder del Cuerpo Acad\u00e9mico \u201cInvestigaci\u00f3n en Computaci\u00f3n\u201d indic\u00f3 que al respecto ha habido propuestas de todo tipo, algunas muy precisas; por ejemplo, aquellas que conectan guantes o ajustan dispositivos electr\u00f3nicos a las manos y de esta manera se reconocen \u00e1ngulos, movimientos e, incluso, velocidad de las se\u00f1as. Sin embargo, afirm\u00f3, esto es poco pr\u00e1ctico, debido a que la persona debe estar conectada mediante cables, lo cual provoca que a veces no se exprese de manera muy natural.<\/p>\n<p>Detall\u00f3 que su propuesta consiste en hacer el reconocimiento de los movimientos de la mano, frente a una c\u00e1mara multiespectral, con la finalidad \u2013por ejemplo- de separar la informaci\u00f3n de la mano del fondo, que aunque sea del mismo color o parecido al de la piel, registrar\u00e1 una temperatura distinta.<\/p>\n<p>\u201cPara este desarrollo primero probamos la tecnolog\u00eda del dispositivo de los videojuegos Kinect. En el laboratorio todo sali\u00f3 bien, el reconocimiento fue el ideal; sin embargo, no ocurri\u00f3 as\u00ed en exteriores, as\u00ed que abandonamos este dispositivo\u201d, abund\u00f3.<\/p>\n<p>Trabajar con la c\u00e1mara multiespectral, explic\u00f3, nos ha llevado m\u00e1s tiempo y es m\u00e1s desafiante porque en el cambio de un signo a otro hay muchos movimientos que no significan nada, pero que la c\u00e1mara toma, as\u00ed que tuvimos que entrenar al sistema para que entienda que la mayor cantidad de movimientos no est\u00e1n expresando nada hasta que lleguen a los que s\u00ed significan.<\/p>\n<p>Consider\u00f3 que las personas sordas tienen una dependencia muy fuerte hacia alg\u00fan familiar que les hace la traducci\u00f3n y, por ejemplo, cuando quieren abrir una cuenta de banco o sacar la licencia de manejo o simplemente interactuar con quien los atiende necesitan de ese familiar. \u201cFinalmente, pueden hacer su tr\u00e1mite, pero pierden privacidad\u201d.<\/p>\n<p>Se\u00f1al\u00f3 que la apuesta de este sistema es que, por ejemplo, en donde se sacan las credenciales de elector o licencias o donde se realiza alg\u00fan tr\u00e1mite bancario la persona sorda no dependa de alg\u00fan familiar.<\/p>\n<p>Jos\u00e9 Francisco Sol\u00eds Villareal asever\u00f3 que el sistema en el que trabaja en conjunto con los investigadores David Mart\u00ednez Mart\u00ednez y Oscar Espinoza Ortega, as\u00ed como expertos y estudiantes de la Universidad Polit\u00e9cnica de Tulancingo, es mucho m\u00e1s complejo, ya que el problema a resolver es abierto y nadie lo ha resuelto por completo.<\/p>\n<p>Puntualiz\u00f3 que por ahora trabajan en el reconocimiento en tiempo real, pero tienen l\u00edmites con respecto al poder de c\u00f3mputo. Queremos encontrar el algoritmo que resuelva el problema, pero tenemos que ser m\u00e1s eficientes y optimizar la t\u00e9cnica para que el costo computacional sea menor.<\/p>\n","protected":false},"excerpt":{"rendered":"<p>Con la finalidad de contribuir a la inclusi\u00f3n social de las personas sordas, especialistas del Centro Universitario Valle de Teotihuac\u00e1n de la Universidad Aut\u00f3noma del Estado de M\u00e9xico trabajan en el procesamiento digital de la lengua de se\u00f1as.<\/p>\n","protected":false},"author":3,"featured_media":554851,"comment_status":"open","ping_status":"open","sticky":false,"template":"","format":"standard","meta":{"_monsterinsights_skip_tracking":false,"_monsterinsights_sitenote_active":false,"_monsterinsights_sitenote_note":"","_monsterinsights_sitenote_category":0,"footnotes":""},"categories":[5],"tags":[37385,96068,65490],"class_list":["post-554786","post","type-post","status-publish","format-standard","has-post-thumbnail","hentry","category-estado-de-mexico","tag-inclusion","tag-personas-sordas","tag-social"],"_links":{"self":[{"href":"https:\/\/www.diarioimagen.net\/index.php?rest_route=\/wp\/v2\/posts\/554786","targetHints":{"allow":["GET"]}}],"collection":[{"href":"https:\/\/www.diarioimagen.net\/index.php?rest_route=\/wp\/v2\/posts"}],"about":[{"href":"https:\/\/www.diarioimagen.net\/index.php?rest_route=\/wp\/v2\/types\/post"}],"author":[{"embeddable":true,"href":"https:\/\/www.diarioimagen.net\/index.php?rest_route=\/wp\/v2\/users\/3"}],"replies":[{"embeddable":true,"href":"https:\/\/www.diarioimagen.net\/index.php?rest_route=%2Fwp%2Fv2%2Fcomments&post=554786"}],"version-history":[{"count":0,"href":"https:\/\/www.diarioimagen.net\/index.php?rest_route=\/wp\/v2\/posts\/554786\/revisions"}],"wp:featuredmedia":[{"embeddable":true,"href":"https:\/\/www.diarioimagen.net\/index.php?rest_route=\/wp\/v2\/media\/554851"}],"wp:attachment":[{"href":"https:\/\/www.diarioimagen.net\/index.php?rest_route=%2Fwp%2Fv2%2Fmedia&parent=554786"}],"wp:term":[{"taxonomy":"category","embeddable":true,"href":"https:\/\/www.diarioimagen.net\/index.php?rest_route=%2Fwp%2Fv2%2Fcategories&post=554786"},{"taxonomy":"post_tag","embeddable":true,"href":"https:\/\/www.diarioimagen.net\/index.php?rest_route=%2Fwp%2Fv2%2Ftags&post=554786"}],"curies":[{"name":"wp","href":"https:\/\/api.w.org\/{rel}","templated":true}]}}