{"id":554798,"date":"2022-07-28T00:01:36","date_gmt":"2022-07-28T05:01:36","guid":{"rendered":"https:\/\/www.diarioimagen.net\/?p=554798"},"modified":"2022-07-28T04:23:39","modified_gmt":"2022-07-28T09:23:39","slug":"cierre-nocturno-de-pista-del-aeropuerto-de-cdmx-durante-5-dias-por-mantenimiento","status":"publish","type":"post","link":"https:\/\/www.diarioimagen.net\/?p=554798","title":{"rendered":"Cierre nocturno de pista del aeropuerto de CDMX durante 5 d\u00edas por mantenimiento"},"content":{"rendered":"<p>&nbsp;<\/p>\n<div id=\"attachment_554879\" style=\"width: 470px\" class=\"wp-caption aligncenter\"><img loading=\"lazy\" decoding=\"async\" aria-describedby=\"caption-attachment-554879\" class=\"size-full wp-image-554879\" src=\"https:\/\/www.diarioimagen.net\/wp-content\/uploads\/2022\/07\/CIERRE-DE-PISTA-AICM.jpg\" alt=\"\" width=\"460\" height=\"270\" \/><p id=\"caption-attachment-554879\" class=\"wp-caption-text\">El Aeropuerto de la Ciudad de M\u00e9xico arrastra meses de quejas por retrasos de vuelos y el registro de varios incidentes. Ahora habr\u00e1 un cierre parcial de una pista por obras de mantenimiento.<\/p><\/div>\n<p>&nbsp;<\/p>\n<p>Unos d\u00edas despu\u00e9s de que se reportara un bache en una de sus pistas, que oblig\u00f3 a cerrarla durante diez horas, el Aeropuerto Internacional de Ciudad de M\u00e9xico (AICM) anunci\u00f3 el cierre parcial de una de sus pistas durante 5 d\u00edas por obras de mantenimiento en un horario de 23:00 y las 5:50 horas.<\/p>\n<p>A trav\u00e9s de su cuenta de Twitter la terminal a\u00e9rea capitalina inform\u00f3 que desde el martes 26 de julio y hasta el domingo 31 cerrar\u00e1 la pista 05L\/23R, entre las 23:00 y las 5:50 horas. Este horario est\u00e1 pensado para afectar \u201clo menos posible las operaciones\u201d, seg\u00fan un comunicado del AICM.<\/p>\n<p>Adem\u00e1s de este mantenimiento programado durante la madrugada, cada una de las dos pistas cerrar\u00e1 diariamente durante media hora, de 10.30 a 11.30 horas para \u201cconocer sus condiciones f\u00edsicas\u201d, informaron.<\/p>\n<p>El domingo pasado, las autoridades aeroportuarias revelaron que las lluvias y el aterrizaje de los aviones hab\u00edan provocado el \u201cdesprendimiento de gravilla\u201d en la zona de toque de los aparatos. \u201cAl tratarse de un \u00e1rea cr\u00edtica requiere su inmediata reparaci\u00f3n\u201d, dijeron. Los trabajos se prolongaron dos horas m\u00e1s de lo previsto debido a la intensa lluvia. En total, 35 vuelos se vieron afectados y tres de ellos tuvieron que ser cancelados.<\/p>\n<p>Entre los pasajeros afectados estuvo el presidente Andr\u00e9s Manuel L\u00f3pez Obrador, quien volv\u00eda a la capital luego de una de sus giras de fin de semana por los estados.<\/p>\n<p>L\u00f3pez Obrador aprovech\u00f3 para criticar las condiciones del aeropuerto, pese a que \u00e9ste es manejado por su gobierno. \u201cHubo ah\u00ed un fraude, en la Terminal 2, tiene hundimientos, adem\u00e1s de que el terreno no es el m\u00e1s adecuado\u201d, dijo. Aunque culp\u00f3 a las administraciones anteriores de los problemas del AICM, su Gobierno destituy\u00f3 hace apenas dos semanas al director del aeropuerto y lo remplaz\u00f3 por un militar, el vicealmirante Carlos Ignacio Vel\u00e1zquez.<\/p>\n<p>En los \u00faltimos meses, la gesti\u00f3n del AICM ha sido objeto de m\u00faltiples cr\u00edticas por el aparente abandono en que se encuentran las instalaciones y los constantes retrasos en los vuelos.<\/p>\n","protected":false},"excerpt":{"rendered":"<p>Unos d\u00edas despu\u00e9s de que se reportara un bache en una de sus pistas, que oblig\u00f3 a cerrarla durante diez horas, el Aeropuerto Internacional de Ciudad de M\u00e9xico (AICM) anunci\u00f3 el cierre parcial de una de sus pistas durante 5 d\u00edas por obras de mantenimiento en un horario de 23:00 y las 5:50 horas.<\/p>\n","protected":false},"author":3,"featured_media":554879,"comment_status":"open","ping_status":"open","sticky":false,"template":"","format":"standard","meta":{"_monsterinsights_skip_tracking":false,"_monsterinsights_sitenote_active":false,"_monsterinsights_sitenote_note":"","_monsterinsights_sitenote_category":0,"footnotes":""},"categories":[6],"tags":[436,21865,96069],"class_list":["post-554798","post","type-post","status-publish","format-standard","has-post-thumbnail","hentry","category-cd-de-mexico","tag-aicm","tag-cierre","tag-piesta"],"_links":{"self":[{"href":"https:\/\/www.diarioimagen.net\/index.php?rest_route=\/wp\/v2\/posts\/554798","targetHints":{"allow":["GET"]}}],"collection":[{"href":"https:\/\/www.diarioimagen.net\/index.php?rest_route=\/wp\/v2\/posts"}],"about":[{"href":"https:\/\/www.diarioimagen.net\/index.php?rest_route=\/wp\/v2\/types\/post"}],"author":[{"embeddable":true,"href":"https:\/\/www.diarioimagen.net\/index.php?rest_route=\/wp\/v2\/users\/3"}],"replies":[{"embeddable":true,"href":"https:\/\/www.diarioimagen.net\/index.php?rest_route=%2Fwp%2Fv2%2Fcomments&post=554798"}],"version-history":[{"count":0,"href":"https:\/\/www.diarioimagen.net\/index.php?rest_route=\/wp\/v2\/posts\/554798\/revisions"}],"wp:featuredmedia":[{"embeddable":true,"href":"https:\/\/www.diarioimagen.net\/index.php?rest_route=\/wp\/v2\/media\/554879"}],"wp:attachment":[{"href":"https:\/\/www.diarioimagen.net\/index.php?rest_route=%2Fwp%2Fv2%2Fmedia&parent=554798"}],"wp:term":[{"taxonomy":"category","embeddable":true,"href":"https:\/\/www.diarioimagen.net\/index.php?rest_route=%2Fwp%2Fv2%2Fcategories&post=554798"},{"taxonomy":"post_tag","embeddable":true,"href":"https:\/\/www.diarioimagen.net\/index.php?rest_route=%2Fwp%2Fv2%2Ftags&post=554798"}],"curies":[{"name":"wp","href":"https:\/\/api.w.org\/{rel}","templated":true}]}}