{"id":554834,"date":"2022-07-28T00:06:19","date_gmt":"2022-07-28T05:06:19","guid":{"rendered":"https:\/\/www.diarioimagen.net\/?p=554834"},"modified":"2022-07-28T03:55:15","modified_gmt":"2022-07-28T08:55:15","slug":"caida-de-compranet-atenta-contra-transparencia-y-rendicion-de-cuentas-ana-lilia-herrera","status":"publish","type":"post","link":"https:\/\/www.diarioimagen.net\/?p=554834","title":{"rendered":"Ca\u00edda de Compranet atenta contra transparencia y rendici\u00f3n de cuentas: Ana Lilia Herrera"},"content":{"rendered":"<p><strong>\u00a0<\/strong><\/p>\n<ul>\n<li><em><strong> Est\u00e1 claro que este gobierno le apuesta a la opacidad como una pol\u00edtica de Estado, asever\u00f3 la diputada priista<\/strong><\/em><\/li>\n<li><em><strong> Precis\u00f3 que con esta falla, en sus primeros d\u00edas, se han dejado de concursar unos dos mil contratos de las dependencias de gobierno<\/strong><\/em><\/li>\n<\/ul>\n<p><strong>\u00a0<\/strong><\/p>\n<p><img loading=\"lazy\" decoding=\"async\" class=\"aligncenter size-full wp-image-554863\" src=\"https:\/\/www.diarioimagen.net\/wp-content\/uploads\/2022\/07\/ana-lilia.jpg\" alt=\"\" width=\"460\" height=\"270\" \/><\/p>\n<p>&nbsp;<\/p>\n<p>La falta de funcionamiento del sistema Compranet atenta contra el derecho constitucional de la ciudadan\u00eda al acceso a la informaci\u00f3n p\u00fablica gubernamental, impacta en la transparencia y rendici\u00f3n de cuentas en materia de contrataciones p\u00fablicas y contra el principio de m\u00e1xima publicidad, al que deben sujetarse las autoridades de todos los niveles de gobierno, afirm\u00f3 la diputada federal Ana Lilia Herrera Anzaldo.<\/p>\n<p>Por lo anterior, la integrante del Grupo Parlamentario del Partido Revolucionario Institucional (GPPRI) exhort\u00f3, a trav\u00e9s de un Punto de Acuerdo presentado en la Comisi\u00f3n Permanente del Congreso de la Uni\u00f3n, al Ejecutivo federal para que, a trav\u00e9s de la Secretar\u00eda de Hacienda y Cr\u00e9dito P\u00fablico, restablezca de manera urgente y prioritaria esta plataforma.<\/p>\n<p>La legisladora priista expuso que desde el 15 de julio, y hasta tiempo indefinido, el sistema electr\u00f3nico de informaci\u00f3n p\u00fablica gubernamental sobre adquisiciones, arrendamientos, servicios, obras p\u00fablicas y servicios relacionados con las mismas, qued\u00f3 fuera de servicio, con lo que se dificulta vigilar las compras que realiza el gobierno federal, a pesar de que su uso no es opcional, sino una obligaci\u00f3n legal que debe cumplirse.<\/p>\n<p>\u201cEst\u00e1 claro que este gobierno le apuesta a la opacidad como una pol\u00edtica de Estado y que la trasparencia y la rendici\u00f3n de cuentas les estorba ya que en vez de resolver la problem\u00e1tica de CompraNet para garantizar a la ciudadana su derecho constitucional al acceso a la informaci\u00f3n p\u00fablica, est\u00e1n publicando decretos para regular un funcionamiento presencial que a todas luces vulnera dicho derecho\u201d, subray\u00f3.<\/p>\n<p>Adem\u00e1s, destac\u00f3 la diputada, resulta preocupante que la ca\u00edda del sistema haya sucedido a tan solo unos d\u00edas del anuncio de que el Tren Maya pasar\u00eda a ser considerado obra de seguridad nacional, como una medida del gobierno para darle la vuelta a la infinidad de juicios de amparos presentados por considerar que carece del impacto ambiental, que por ley deber\u00eda tener.<\/p>\n<p>Entre otras afectaciones por la ca\u00edda de esta plataforma, enlist\u00f3 que no se pueden conocer los programas anuales de adquisiciones, arrendamientos, servicios, obras p\u00fablicas y servicios relacionados con las mismas, federal y estatales, acceder al Registro \u00danico de Proveedores y Contratistas, sancionados o no, adem\u00e1s de que impide que los licitantes, proveedores y contratistas puedan registrarse para participar en los procedimientos e identificar oportunidades de negocio<\/p>\n<p>Herrera Anzaldo precis\u00f3 que con esta falla, en sus primeros d\u00edas, se han dejado de concursar unos dos mil contratos de las dependencias de gobierno.<\/p>\n<p>La representante popular mexiquense pidi\u00f3 tambi\u00e9n a la SHCP que informe al Congreso de la Uni\u00f3n sobre la estrategia de los mecanismos de transparencia y rendici\u00f3n de cuentas que ser\u00e1n implementados para que la informaci\u00f3n p\u00fablica gubernamental que sea tramitada y procesada de manera presencial, a consecuencia de la suspensi\u00f3n de la plataforma, pueda ser publicada y consultada por la ciudadan\u00eda.<\/p>\n","protected":false},"excerpt":{"rendered":"<p>La falta de funcionamiento del sistema Compranet atenta contra el derecho constitucional de la ciudadan\u00eda al acceso a la informaci\u00f3n p\u00fablica gubernamental, impacta en la transparencia y rendici\u00f3n de cuentas en materia de contrataciones p\u00fablicas y contra el principio de m\u00e1xima publicidad, al que deben sujetarse las autoridades de todos los niveles de gobierno, afirm\u00f3 la diputada federal Ana Lilia Herrera Anzaldo.<\/p>\n","protected":false},"author":3,"featured_media":554863,"comment_status":"open","ping_status":"open","sticky":false,"template":"","format":"standard","meta":{"_monsterinsights_skip_tracking":false,"_monsterinsights_sitenote_active":false,"_monsterinsights_sitenote_note":"","_monsterinsights_sitenote_category":0,"footnotes":""},"categories":[5],"tags":[3314,13046,96078,43383],"class_list":["post-554834","post","type-post","status-publish","format-standard","has-post-thumbnail","hentry","category-estado-de-mexico","tag-ana-lilia-herrera-anzaldo","tag-caida","tag-compranet","tag-cuentas"],"_links":{"self":[{"href":"https:\/\/www.diarioimagen.net\/index.php?rest_route=\/wp\/v2\/posts\/554834","targetHints":{"allow":["GET"]}}],"collection":[{"href":"https:\/\/www.diarioimagen.net\/index.php?rest_route=\/wp\/v2\/posts"}],"about":[{"href":"https:\/\/www.diarioimagen.net\/index.php?rest_route=\/wp\/v2\/types\/post"}],"author":[{"embeddable":true,"href":"https:\/\/www.diarioimagen.net\/index.php?rest_route=\/wp\/v2\/users\/3"}],"replies":[{"embeddable":true,"href":"https:\/\/www.diarioimagen.net\/index.php?rest_route=%2Fwp%2Fv2%2Fcomments&post=554834"}],"version-history":[{"count":0,"href":"https:\/\/www.diarioimagen.net\/index.php?rest_route=\/wp\/v2\/posts\/554834\/revisions"}],"wp:featuredmedia":[{"embeddable":true,"href":"https:\/\/www.diarioimagen.net\/index.php?rest_route=\/wp\/v2\/media\/554863"}],"wp:attachment":[{"href":"https:\/\/www.diarioimagen.net\/index.php?rest_route=%2Fwp%2Fv2%2Fmedia&parent=554834"}],"wp:term":[{"taxonomy":"category","embeddable":true,"href":"https:\/\/www.diarioimagen.net\/index.php?rest_route=%2Fwp%2Fv2%2Fcategories&post=554834"},{"taxonomy":"post_tag","embeddable":true,"href":"https:\/\/www.diarioimagen.net\/index.php?rest_route=%2Fwp%2Fv2%2Ftags&post=554834"}],"curies":[{"name":"wp","href":"https:\/\/api.w.org\/{rel}","templated":true}]}}