{"id":554913,"date":"2022-07-28T00:02:09","date_gmt":"2022-07-28T05:02:09","guid":{"rendered":"https:\/\/www.diarioimagen.net\/?p=554913"},"modified":"2022-07-28T04:27:38","modified_gmt":"2022-07-28T09:27:38","slug":"pasantes-de-medicina-mexicanos-exigen-serviciosocialseguro-amlo-los-desprecia","status":"publish","type":"post","link":"https:\/\/www.diarioimagen.net\/?p=554913","title":{"rendered":"Pasantes de medicina mexicanos exigen #ServicioSocialSeguro, AMLO los desprecia"},"content":{"rendered":"<h2>La Retaguardia<\/h2>\n<h5>Adriana Moreno Cordero<\/h5>\n<p>&nbsp;<\/p>\n<ul>\n<li><strong><em>Sinf\u00f3nica Azteca, semillero de talento mexicano <\/em><\/strong><\/li>\n<\/ul>\n<p>&nbsp;<\/p>\n<p>Otro frente amenaza explotarle ni m\u00e1s ni menos que al presidente <strong>Andr\u00e9s Manuel L\u00f3pez Obrador<\/strong>. Mientras el mandatario se ocupa m\u00e1s en celebrar la llegada de 54 m\u00e9dicos cubanos que no van a resolver la grave situaci\u00f3n que en materia de salud vive M\u00e9xico. O sea, el tabasque\u00f1o deber\u00eda comprender -lo cual resulta muy dif\u00edcil- que los m\u00e9dicos caribe\u00f1os distan mucho de traer la piedra filosofal, pero eso no le importa, \u00e9l solo quiere politizar el tema en su beneficio.<\/p>\n<p>As\u00ed que no le pone la menor atenci\u00f3n a la marcha de estudiantes de medicina mexicanos que llegaron hasta el Z\u00f3calo capitalino para demandar condiciones de seguridad en su servicio social con mantas que dec\u00edan: \u201cQuiero que mis sue\u00f1os se cumplan, no los quiero enterrados bajo tierra\u201d, o, \u201cMi familia espera un egresado, no un cad\u00e1ver\u201d, una m\u00e1s, \u201cQuiero ver a mis amigos egresados, no enterrados #ServicioSocialSeguro\u201d.<\/p>\n<p>En una muy justa y necesaria demanda, los pasantes exigieron que se les respeten sus derechos humanos, porque aqu\u00ed hay que subrayar que la mayor\u00eda son enviados a sus arriesgado y peligroso servicio social en condiciones verdaderamente deplorables y que los analistas juzgan como de una moderna esclavitud; con un apoyo econ\u00f3mico, -s\u00ed as\u00ed se le puede llamar-, de 900 a mil 200 pesos al mes, con extenuantes jornadas de trabajo porque los pasantes mexicanos distan mucho de tener los apoyos que esta errada y llamada Cuarta Transformaci\u00f3n les ha ofrecido a los m\u00e9dicos cubanos, en una acci\u00f3n de total desprecio a los pasantes de medicina mexicanos.<\/p>\n<p>Sin embargo, lo m\u00e1s importante es que tanto los caribe\u00f1os como los nacionales especialistas en la salud, se enfrentan a una dura realidad. Conforme m\u00e1s alejados est\u00e9n prestando sus servicios, podr\u00e1n confirmar que ni hay soluciones, ni medicamentos, ni espacios pero eso s\u00ed muchos pacientes en condiciones de pobreza, que van a suplicar que les den una consulta o una operaci\u00f3n.<\/p>\n<p>Lo que s\u00ed no deja de llamar la atenci\u00f3n, es que esta errada y llamada Cuarta Transformaci\u00f3n, les haya prohibido, tanto a los pasantes y m\u00e9dicos mexicanos, como a los cubanos, hablar con los representantes de los medios, pues \u00bfqu\u00e9 oculta el tabasque\u00f1o?<\/p>\n<p>Y hablando precisamente de los dislates, ocurrencias y errores del de Tepetit\u00e1n, sin duda muy preocupante resulta que haya anunciado que va a imponer, a oficializar su tan llevada y tra\u00edda \u201cpobreza franciscana\u201d porque esto bien podr\u00eda traducirse en que la poblaci\u00f3n econ\u00f3micamente activa, de por s\u00ed golpeada por la pandemia y los devaneos econ\u00f3micos mundiales, ver\u00e1n mermados sus ingresos, su salario y ya no hay forma de apretar m\u00e1s el cintur\u00f3n.<\/p>\n<p>En esta acci\u00f3n que pretende el mandatario, tambi\u00e9n hay oscuridades y dudas, pero todo nos lleva a un mismo camino. Desde hace tiempo, L\u00f3pez Obrador ya no sabe de d\u00f3nde sacar dinero para continuar con sus programas sociales que tan buena compra de votos le han redituado, pero sobre todo, para continuar con sus \u201cmagnas obras\u201d, mejor conocidas como \u201celefantes blancos\u201d que d\u00eda con d\u00eda, aumentan m\u00e1s y m\u00e1s de precio, casi tan r\u00e1pido como los de la canasta b\u00e1sica, am\u00e9n de los subsidios a las gasolinas, otra bomba de tiempo que ya no podr\u00e1 resistir m\u00e1s. Un panorama muy negro, como puede observarse.<\/p>\n<p style=\"text-align: center;\"><strong>Municiones<\/strong><\/p>\n<p>*** A punto de cerrar la semana con una noticia floreciente y verdaderamente inspiradora, de esas que alientan y suben el \u00e1nimo ante la coyuntura actual y representa un b\u00e1lsamo. Sucede que <strong>Fundaci\u00f3n Azteca de Grupo Salinas<\/strong>, en alianza con la Orquesta de las Am\u00e9ricas, presenta hoy en la Sala Silvestre Revueltas del Centro Cultural Oll\u00edn Yoliztli a la Sinf\u00f3nica Azteca, compuesta por 90 de los mejores m\u00fasicos mexicanos de entre 16 y 25 a\u00f1os de edad. Tras nueve d\u00edas de residencia art\u00edstica -del 21 al 29 de julio-, estos 90 talentosos j\u00f3venes, integrantes de Sinf\u00f3nica Azteca y sus 14 maestros internacionales, se encontraron para ensayar en La Constancia Mexicana de la ciudad de Puebla y de este modo, culminar su experiencia con tres conciertos en Xalapa, Veracruz; Puebla capital, y hoy el \u00faltimo en la CDMX, en punto de las ocho de la noche. Seleccionados a partir de una convocatoria nacional con m\u00e1s de 1000 aspirantes, estos j\u00f3venes m\u00fasicos, de la mano de las m\u00e1s prominentes instituciones musicales del mundo, y de un selecto cuerpo de maestros de talla internacional, demuestran concierto tras concierto lo grandiosos que pueden ser, gracias al apoyo incansable y comprometido de Fundaci\u00f3n Azteca. La direcci\u00f3n art\u00edstica de la orquesta la encabeza el reconocido director <strong>Paolo Bortolameolli<\/strong> y como solista invitado el gran pianista mexicano <strong>Jorge Federico Osorio<\/strong>. As\u00ed, Fundaci\u00f3n Azteca de Grupo Salinas, a trav\u00e9s de Sinf\u00f3nica Azteca, refrenda una vez m\u00e1s, su impulso a una nueva generaci\u00f3n de artistas con m\u00faltiples y poderosas habilidades musicales y de liderazgo, vincul\u00e1ndolos con redes globales de grandes exponentes de la m\u00fasica. \u00a1Felicidades!<\/p>\n<p>*** Aprovechando la sesi\u00f3n de la Comisi\u00f3n Permanente, legisladoras y legisladores de Morena, exigieron a las fiscal\u00edas, as\u00ed como a los gobernadores de Jalisco, Enrique Alfaro y Morelos, Cuauht\u00e9moc Blanco, que investiguen y esclarezcan los feminicidios de <strong>Luz Raquel Padilla Guti\u00e9rrez<\/strong> y <strong>Margarita Cece\u00f1a Mart\u00ednez<\/strong>, quienes fallecieron por quemaduras graves. La senadora <strong>Gabriela L\u00f3pez G\u00f3mez<\/strong> hizo un llamado a las autoridades de dichos estados para que esos asesinatos no queden impunes y que se realicen las diligencias correspondientes para encontrar y sancionar a los responsables.\u00a0Ahora est\u00e1n indignad\u00edsimos los legisladores del partido oficial cuando se nota que de pasada, quieren politizar estos grav\u00edsimos feminicidios, independientemente de que la administraci\u00f3n de Enrique Alfaro, ha ca\u00eddo en graves omisiones. A ver, que en realidad le pidan cuentas al ex futbolista, hoy flamante gobernador de Morelos.<\/p>\n<p>*** Lo quiso presentar como la gran sorpresa, pero no le sali\u00f3. El ex priista, ex panista y ex perredista\u00a0<strong>Demetrio Sodi<\/strong>\u00a0anunci\u00f3 que quiere ser candidato ciudadano a la<strong>\u00a0<\/strong>Presidencia de la Rep\u00fablica<strong>\u00a0<\/strong>en<strong>\u00a0<\/strong>2024. Quienes lo conocen, aseguran que nunca pudo conseguir siquiera la candidatura al gobierno de la Ciudad de M\u00e9xico, de ah\u00ed que brincara de partido en partido y nada m\u00e1s no. Ahora que le tira m\u00e1s alto, de plano, se ve muy, pero muy dif\u00edcil, pero a\u00fan con estos peque\u00f1os detalles, en conferencia,\u00a0Sodi de la Tijera\u00a0sostuvo que su aspiraci\u00f3n, respaldada por la organizaci\u00f3n Futuro 21, responde a un acuerdo con los partidos que conforman la alianza\u00a0Va por M\u00e9xico que conforman<strong>\u00a0<\/strong>PRI-PAN-PRD, para ir con una candidatura com\u00fan y abrir el proceso de designaci\u00f3n a postulaciones ciudadanas. \u00bfSer\u00e1, o ya se ha vuelto un mentirosillo el reciclado pol\u00edtico?<\/p>\n<p><u><a href=\"mailto:morcora@gmail.com\" target=\"_blank\" rel=\"noopener noreferrer\"><em>morcora@gmail.com<\/em><\/a><\/u><\/p>\n","protected":false},"excerpt":{"rendered":"<p><span style=\"color: #005497;\"><strong>Adriana Moreno Cordero<\/strong><\/span><\/p>\n","protected":false},"author":3,"featured_media":0,"comment_status":"open","ping_status":"open","sticky":false,"template":"","format":"standard","meta":{"_monsterinsights_skip_tracking":false,"_monsterinsights_sitenote_active":false,"_monsterinsights_sitenote_note":"","_monsterinsights_sitenote_category":0,"footnotes":""},"categories":[69370],"tags":[69369,69368,43674],"class_list":["post-554913","post","type-post","status-publish","format-standard","hentry","category-adriana-moreno-cordero","tag-adriana-moreno-cordero","tag-la-retaguardia","tag-opinion"],"_links":{"self":[{"href":"https:\/\/www.diarioimagen.net\/index.php?rest_route=\/wp\/v2\/posts\/554913","targetHints":{"allow":["GET"]}}],"collection":[{"href":"https:\/\/www.diarioimagen.net\/index.php?rest_route=\/wp\/v2\/posts"}],"about":[{"href":"https:\/\/www.diarioimagen.net\/index.php?rest_route=\/wp\/v2\/types\/post"}],"author":[{"embeddable":true,"href":"https:\/\/www.diarioimagen.net\/index.php?rest_route=\/wp\/v2\/users\/3"}],"replies":[{"embeddable":true,"href":"https:\/\/www.diarioimagen.net\/index.php?rest_route=%2Fwp%2Fv2%2Fcomments&post=554913"}],"version-history":[{"count":0,"href":"https:\/\/www.diarioimagen.net\/index.php?rest_route=\/wp\/v2\/posts\/554913\/revisions"}],"wp:attachment":[{"href":"https:\/\/www.diarioimagen.net\/index.php?rest_route=%2Fwp%2Fv2%2Fmedia&parent=554913"}],"wp:term":[{"taxonomy":"category","embeddable":true,"href":"https:\/\/www.diarioimagen.net\/index.php?rest_route=%2Fwp%2Fv2%2Fcategories&post=554913"},{"taxonomy":"post_tag","embeddable":true,"href":"https:\/\/www.diarioimagen.net\/index.php?rest_route=%2Fwp%2Fv2%2Ftags&post=554913"}],"curies":[{"name":"wp","href":"https:\/\/api.w.org\/{rel}","templated":true}]}}